{"id":345505,"date":"2025-01-13T00:10:56","date_gmt":"2025-01-13T03:10:56","guid":{"rendered":"https:\/\/www.notibras.com\/site\/?p=345505"},"modified":"2025-01-13T08:03:14","modified_gmt":"2025-01-13T11:03:14","slug":"planetario-traz-sessoes-especiais-para-publico-durante-as-ferias","status":"publish","type":"post","link":"https:\/\/www.notibras.com\/site\/planetario-traz-sessoes-especiais-para-publico-durante-as-ferias\/","title":{"rendered":"Planet\u00e1rio traz sess\u00f5es especiais para p\u00fablico durante as f\u00e9rias"},"content":{"rendered":"<p>Juntar aprendizado com divers\u00e3o no per\u00edodo das f\u00e9rias da crian\u00e7ada. \u00c9 com essa proposta que o Planet\u00e1rio de Bras\u00edlia Luiz Cruls oferece uma programa\u00e7\u00e3o especial durante o m\u00eas de janeiro para despertar ainda mais o esp\u00edrito explorador sobre o cosmos e a ci\u00eancia, n\u00e3o s\u00f3 dos pequenos, mas de toda a fam\u00edlia.<\/p>\n<p>Durante a visita, o p\u00fablico pode conferir uma proje\u00e7\u00e3o do c\u00e9u estrelado e um v\u00eddeo sobre astronomia, com 35 minutos de dura\u00e7\u00e3o, por meio do projetor central astron\u00f4mico SpaceMaster. S\u00e3o cinco sess\u00f5es, de ter\u00e7a a domingo, nos hor\u00e1rios das 11h, 14h30, 16h, 17h e 18h. A entrada \u00e9 gratuita e os ingressos s\u00e3o distribu\u00eddos pessoalmente 30 minutos antes da sess\u00e3o. A capacidade m\u00e1xima \u00e9 de 80 lugares.<\/p>\n<p>No local, os visitantes podem ver a exposi\u00e7\u00e3o Uma viagem no espa\u00e7o-tempo, com visita guiada, al\u00e9m de conhecer um local destinado \u00e0 Ag\u00eancia Espacial Brasileira. \u201cNesse per\u00edodo n\u00f3s fazemos atividades que s\u00e3o mais recreativas, ent\u00e3o utilizamos a parte do ensino com jogos e brincadeiras e o importante \u00e9 a difus\u00e3o cient\u00edfica\u201d, destaca o diretor do Planet\u00e1rio, Junior Berbet.<\/p>\n<p>A estimativa \u00e9 que, ao todo, mais de 10 mil pessoas visitem a instala\u00e7\u00e3o neste m\u00eas. \u201cPor isso, a gente pede para que os interessados cheguem com a anteced\u00eancia de 30 a 60 minutos para conseguir pegar senha e assistir as atra\u00e7\u00f5es na c\u00fapula\u201d orienta Berbet.<\/p>\n<p>Para o diretor, o local \u00e9 um espa\u00e7o onde as crian\u00e7as podem instigar a curiosidade pela astronomia e aprofundar os conhecimentos na ci\u00eancia. \u201c\u00c9 uma chance \u00fanica de se conectar com aspectos que v\u00e3o al\u00e9m da percep\u00e7\u00e3o visual humana, oferecendo tamb\u00e9m a oportunidade de aprofundar o conhecimento em astronomia\u201d, destaca.<\/p>\n<p><strong>Astronomia em fam\u00edlia<\/strong><br \/>\nCom muita cultura, hist\u00f3ria e entretenimento, a visita ao local promove sensa\u00e7\u00f5es diversas em quem passa por l\u00e1. O pequeno Nycolas, de 7 anos, por exemplo, chegou ansioso para conhecer os mist\u00e9rios dos astros e da astronomia. Acompanhado dos pais, a crian\u00e7a queria saber mais sobre o sistema solar.<\/p>\n<p>\u201cEle tem muita curiosidade no assunto e gosta de assistir planetas, ent\u00e3o meu pai deu a ideia da gente vir conhecer o Planet\u00e1rio\u201d, relata a m\u00e3e Iara Ramos, 28, que tamb\u00e9m aproveitou a ida para levar os outros dois filhos, de 6 e 2 anos. Foi a primeira vez da fam\u00edlia no Planet\u00e1rio e a expectativa era vivenciar um local que \u00e9 refer\u00eancia em Bras\u00edlia. \u201cAproveitar para conhecer e tamb\u00e9m gastar um pouco de energia das crian\u00e7as\u201d, conta a m\u00e3e animada.<\/p>\n<p>Pessoas de outros estados e pa\u00edses, que vivenciam as experi\u00eancias educativas e imersivas sobre astronomia e ci\u00eancias espaciais tamb\u00e9m aprovam a experi\u00eancia, como On\u00e9sima Aguiar Campos, 41. Ela saiu de Palmas, no Tocantins, com o marido, o filho e a sobrinha para conhecer a capital federal durante as f\u00e9rias, uma das atividades era conhecer o Planet\u00e1rio de Bras\u00edlia.<\/p>\n<p>\u201cMeu filho tem um encantamento muito grande pela astronomia. Ele gosta e \u00e9 muito curioso com rela\u00e7\u00e3o aos planetas, aos meteoros, meteoritos e ao sistema solar como um todo. Ent\u00e3o um dos passeios que escolhemos fazer aqui era o Planet\u00e1rio\u201d, contou a professora. A ida possibilitou a fam\u00edlia a ter mais conhecimentos sobre o espa\u00e7o. \u201cN\u00f3s viemos para tornar esse contexto mais pr\u00e1tico para as crian\u00e7as\u201d, destacou On\u00e9sima.<\/p>\n<p>O ic\u00f4nico espa\u00e7o brasiliense completou 50 anos em 2024, com mais de 102 mil visitantes em 2024. O equipamento p\u00fablico \u00e9 espa\u00e7o cultural, hist\u00f3rico e de entretenimento, voltado \u00e0 educa\u00e7\u00e3o e divulga\u00e7\u00e3o cient\u00edfica e o possui tr\u00eas pavimentos.<\/p>\n<p>O visitante \u00e9 consultado na recep\u00e7\u00e3o sobre o modelo de visitas que prefere ter, podendo ser livres ou guiadas. N\u00e3o \u00e9 necess\u00e1rio agendamento pr\u00e9vio para ter acesso \u00e0 exposi\u00e7\u00e3o, basta comparecer ao local. A visita \u00e9 gratuita e atende a todas as idades. Para grupos organizados, escolas e outros \u00e9 solicitado agendamento antecipado pelo telefone: (61) 98199-2692.<\/p>\n","protected":false},"excerpt":{"rendered":"<p>Juntar aprendizado com divers\u00e3o no per\u00edodo das f\u00e9rias da crian\u00e7ada. \u00c9 com essa proposta que o Planet\u00e1rio de Bras\u00edlia Luiz Cruls oferece uma programa\u00e7\u00e3o especial durante o m\u00eas de janeiro para despertar ainda mais o esp\u00edrito explorador sobre o cosmos e a ci\u00eancia, n\u00e3o s\u00f3 dos pequenos, mas de toda a fam\u00edlia. Durante a visita, [&hellip;]<\/p>\n","protected":false},"author":2,"featured_media":345506,"comment_status":"closed","ping_status":"closed","sticky":false,"template":"","format":"standard","meta":{"_acf_changed":false,"footnotes":""},"categories":[161],"tags":[],"class_list":["post-345505","post","type-post","status-publish","format-standard","has-post-thumbnail","hentry","category-quadradinho-em-foco"],"acf":[],"_links":{"self":[{"href":"https:\/\/www.notibras.com\/site\/wp-json\/wp\/v2\/posts\/345505","targetHints":{"allow":["GET"]}}],"collection":[{"href":"https:\/\/www.notibras.com\/site\/wp-json\/wp\/v2\/posts"}],"about":[{"href":"https:\/\/www.notibras.com\/site\/wp-json\/wp\/v2\/types\/post"}],"author":[{"embeddable":true,"href":"https:\/\/www.notibras.com\/site\/wp-json\/wp\/v2\/users\/2"}],"replies":[{"embeddable":true,"href":"https:\/\/www.notibras.com\/site\/wp-json\/wp\/v2\/comments?post=345505"}],"version-history":[{"count":1,"href":"https:\/\/www.notibras.com\/site\/wp-json\/wp\/v2\/posts\/345505\/revisions"}],"predecessor-version":[{"id":345507,"href":"https:\/\/www.notibras.com\/site\/wp-json\/wp\/v2\/posts\/345505\/revisions\/345507"}],"wp:featuredmedia":[{"embeddable":true,"href":"https:\/\/www.notibras.com\/site\/wp-json\/wp\/v2\/media\/345506"}],"wp:attachment":[{"href":"https:\/\/www.notibras.com\/site\/wp-json\/wp\/v2\/media?parent=345505"}],"wp:term":[{"taxonomy":"category","embeddable":true,"href":"https:\/\/www.notibras.com\/site\/wp-json\/wp\/v2\/categories?post=345505"},{"taxonomy":"post_tag","embeddable":true,"href":"https:\/\/www.notibras.com\/site\/wp-json\/wp\/v2\/tags?post=345505"}],"curies":[{"name":"wp","href":"https:\/\/api.w.org\/{rel}","templated":true}]}}