{"id":345561,"date":"2025-01-14T06:29:12","date_gmt":"2025-01-14T09:29:12","guid":{"rendered":"https:\/\/www.notibras.com\/site\/?p=345561"},"modified":"2025-01-14T06:30:06","modified_gmt":"2025-01-14T09:30:06","slug":"raquel-investe-em-obras-abandonadas-para-colher-no-quintal-de-joao-campos","status":"publish","type":"post","link":"https:\/\/www.notibras.com\/site\/raquel-investe-em-obras-abandonadas-para-colher-no-quintal-de-joao-campos\/","title":{"rendered":"Raquel investe em obras abandonadas para colher no quintal de Jo\u00e3o Campos"},"content":{"rendered":"<p>A governadora de Pernambuco Raquel Lyra (PSDB) est\u00e1 retomando esta semana as obras de tr\u00eas pres\u00eddios na Regi\u00e3o Metropolitana do Recife, iniciadas h\u00e1 mais de dez anos mas abandonadas pelos governos do PSB, que a antecederam. Localizado no complexo presidi\u00e1rio de Ara\u00e7oiaba, cada unidade prisional ter\u00e1 capacidade para abrigar 388 detentos, totalizando 1.164 vagas, reduzindo o d\u00e9ficit prisional.<\/p>\n<p>De acordo com uma auditoria do Tribunal de Contas do Estado (TCE-PE), em novembro do ano passado, Pernambuco apresentava um d\u00e9ficit prisional de mais de 14 mil vagas. Eram 26.875 detentos para 12.276 vagas. Para a conclus\u00e3o das obras ser\u00e3o aplicados R$ 30,8 milh\u00f5es de recursos federais e contrapartida estadual. O projeto est\u00e1 com 65% dos trabalhos conclu\u00eddos, faltando acabamentos e instala\u00e7\u00f5es hidr\u00e1ulicas, el\u00e9tricas, lou\u00e7as, equipamentos hidro-sanit\u00e1rios, bancadas, cabeamento, pintura, revestimentos e urbaniza\u00e7\u00e3o.<\/p>\n<p>O atual governo pretende ainda investir na amplia\u00e7\u00e3o de outros pres\u00eddios para acrescentar at\u00e9 o pr\u00f3ximo ano 2.700 vagas ao sistema prisional, contribuindo para a redu\u00e7\u00e3o da superlota\u00e7\u00e3o nas unidades existentes. At\u00e9 o final da sua gest\u00e3o, a governadora Raquel Lyra pretende investir na seguran\u00e7a p\u00fablica quase um bilh\u00e3o de reais. Esse montante \u00e9 cinco vezes maior do que o aplicado em anos anteriores, conforme o Plano Plurianual 2024-2027 enviado \u00e0 Assembleia Legislativa do estado em 2023.<\/p>\n<p>\u201cA cria\u00e7\u00e3o de novas vagas no sistema penitenci\u00e1rio \u00e9 fundamental para que possamos garantir melhores condi\u00e7\u00f5es de trabalho para os servidores que atuam nos nossos pres\u00eddios e para dar mais dignidade para os privados de liberdade do Estado. Depois de mais de dez anos de paralisa\u00e7\u00e3o, com o programa Juntos Pela Seguran\u00e7a vamos retomar essa obra e entreg\u00e1-la \u00e0 popula\u00e7\u00e3o pernambucana no menor espa\u00e7o de tempo poss\u00edvel. Esse \u00e9 o nosso compromisso\u201d, disse a governadora.<\/p>\n<p>As obras desse complexo prisional foram iniciadas em 2012, quando Pernambuco era governado por Eduardo Campos (PSB), com previs\u00e3o de tr\u00eas anos para a sua conclus\u00e3o, mas sofreram diversos atrasos e paralisa\u00e7\u00f5es ao longo dos anos nos dois governos seguintes de Paulo C\u00e2mara (PSB), governador que sucedeu Campos e que n\u00e3o conseguiu seu sucessor, o ex-deputado Danilo Cabral, tamb\u00e9m do PSB, derrotado por Raquel Lyra em 2022.<\/p>\n<p>C\u00e2mara ganhou do presidente Luiz In\u00e1cio Lula da Silva a presid\u00eancia do BNB (Banco do Nordeste do Brasil), com sede em Fortaleza, enquanto Danilo Cabral foi nomeado superintendente da esvaziada Sudene, a Superintend\u00eancia do Desenvolvimento do Nordeste, que fica no Recife.<\/p>\n<p>Diante da paralisa\u00e7\u00e3o das obras por t\u00e3o longo tempo, no ano passado o governo do estado cancelou o contrato com a antiga construtora, fez nova licita\u00e7\u00e3o e esta semana assina o contrato com a construtora vencedora que ter\u00e1 prazo de seis meses por cada uma das tr\u00eas unidades prisionais para a conclus\u00e3o das obras.<\/p>\n<p>Assim, a cada seis meses, at\u00e9 a conclus\u00e3o do seu mandato, a governadora Raquel Lyra, que \u00e9 do interior do estado, ter\u00e1 um novo pres\u00eddio para entregar \u00e1 popula\u00e7\u00e3o do Recife &#8211; que tem na seguran\u00e7a os seus maiores problemas &#8211; fustigando o prefeito Jo\u00e3o Campos (PSB), candidato declarado a concorrer \u00e0 sua cadeira no Pal\u00e1cio do Campo das Princesas, dentro do seu pr\u00f3prio quintal. Bastar\u00e1 um discurso em cada uma dessas ocasi\u00f5es lembrando \u00e0 popula\u00e7\u00e3o que ela est\u00e1 concluindo obras abandonadas pelos governos do PSB para cutucar seu opositor e o seu partido.<\/p>\n<p>O prefeito e a governadora anteciparam em dois anos a campanha para o governo do estado, em 2026, ambos buscando alian\u00e7as em campos opostos. Depois de alijar o PT da sua chapa vitoriosa na reelei\u00e7\u00e3o \u00e0 Prefeitura do Recife, Jo\u00e3o Campos ainda colocou petistas no seu governo sem consultar o partido, criando uma crise com a dire\u00e7\u00e3o partid\u00e1ria. Enquanto isso, Raquel Lyra negocia com o senador Humberto Costa, presidente do PT no estado, a participa\u00e7\u00e3o em seu governo, n\u00e3o afastando o posto de vice na chapa em 2026.<\/p>\n","protected":false},"excerpt":{"rendered":"<p>A governadora de Pernambuco Raquel Lyra (PSDB) est\u00e1 retomando esta semana as obras de tr\u00eas pres\u00eddios na Regi\u00e3o Metropolitana do Recife, iniciadas h\u00e1 mais de dez anos mas abandonadas pelos governos do PSB, que a antecederam. Localizado no complexo presidi\u00e1rio de Ara\u00e7oiaba, cada unidade prisional ter\u00e1 capacidade para abrigar 388 detentos, totalizando 1.164 vagas, reduzindo [&hellip;]<\/p>\n","protected":false},"author":2,"featured_media":345562,"comment_status":"closed","ping_status":"closed","sticky":false,"template":"","format":"standard","meta":{"_acf_changed":false,"footnotes":""},"categories":[165],"tags":[],"class_list":["post-345561","post","type-post","status-publish","format-standard","has-post-thumbnail","hentry","category-nordeste"],"acf":[],"_links":{"self":[{"href":"https:\/\/www.notibras.com\/site\/wp-json\/wp\/v2\/posts\/345561","targetHints":{"allow":["GET"]}}],"collection":[{"href":"https:\/\/www.notibras.com\/site\/wp-json\/wp\/v2\/posts"}],"about":[{"href":"https:\/\/www.notibras.com\/site\/wp-json\/wp\/v2\/types\/post"}],"author":[{"embeddable":true,"href":"https:\/\/www.notibras.com\/site\/wp-json\/wp\/v2\/users\/2"}],"replies":[{"embeddable":true,"href":"https:\/\/www.notibras.com\/site\/wp-json\/wp\/v2\/comments?post=345561"}],"version-history":[{"count":2,"href":"https:\/\/www.notibras.com\/site\/wp-json\/wp\/v2\/posts\/345561\/revisions"}],"predecessor-version":[{"id":345564,"href":"https:\/\/www.notibras.com\/site\/wp-json\/wp\/v2\/posts\/345561\/revisions\/345564"}],"wp:featuredmedia":[{"embeddable":true,"href":"https:\/\/www.notibras.com\/site\/wp-json\/wp\/v2\/media\/345562"}],"wp:attachment":[{"href":"https:\/\/www.notibras.com\/site\/wp-json\/wp\/v2\/media?parent=345561"}],"wp:term":[{"taxonomy":"category","embeddable":true,"href":"https:\/\/www.notibras.com\/site\/wp-json\/wp\/v2\/categories?post=345561"},{"taxonomy":"post_tag","embeddable":true,"href":"https:\/\/www.notibras.com\/site\/wp-json\/wp\/v2\/tags?post=345561"}],"curies":[{"name":"wp","href":"https:\/\/api.w.org\/{rel}","templated":true}]}}