{"id":345593,"date":"2025-01-14T11:49:01","date_gmt":"2025-01-14T14:49:01","guid":{"rendered":"https:\/\/www.notibras.com\/site\/?p=345593"},"modified":"2025-01-14T12:51:04","modified_gmt":"2025-01-14T15:51:04","slug":"morre-biu-de-lira-pai-do-presidente-da-camara","status":"publish","type":"post","link":"https:\/\/www.notibras.com\/site\/morre-biu-de-lira-pai-do-presidente-da-camara\/","title":{"rendered":"Morre Biu de Lira, pai do presidente da C\u00e2mara"},"content":{"rendered":"<p>Morreu na manh\u00e3 desta ter\u00e7a-feira (14), aos 82 anos em Macei\u00f3, o prefeito de Barra de S\u00e3o Miguel, em Alagoas Benedito de Lira, pai do presidente da C\u00e2mara dos Deputados, Arthur Lira (PP-AL). Senador por Alagoas entre 2011 e 2019, foi deputado federal por tr\u00eas mandatos, al\u00e9m de deputado estadual e vereador por Macei\u00f3. O sepultamento do ex-parlamentar ocorrer\u00e1 na quarta-feira (15), no cemit\u00e9rio Parque das Flores.<\/p>\n<p>Arthur Lira usou suas redes sociais para se manifestar sobre a morte do pai a quem se referiu como \u201cmeu her\u00f3i\u201d. \u201cMeu pai, meu her\u00f3i, minha refer\u00eancia, nos deixou hoje, aos 82 anos. Um sentimento de vazio, dor e tristeza profunda toma meu cora\u00e7\u00e3o e da nossa fam\u00edlia. Mas ele, o nosso Biu de Lira, nos ensinou a enfrentar as frustra\u00e7\u00f5es, a levantar a cabe\u00e7a e seguir em frente\u201d, postou o presidente da C\u00e2mara.<\/p>\n<p>Benedito de Lira apresentava problemas de sa\u00fade h\u00e1 alguns anos, em fun\u00e7\u00e3o da idade avan\u00e7ada, mas manteve-se atuante, conforme lembrado pelo filho. \u201cLutou at\u00e9 o fim, manteve-se firme no trabalho at\u00e9 as \u00faltimas for\u00e7as. J\u00e1 estamos com muitas saudades, meu velho\u201d, acrescentou Arthur Lira por meio do Instagram.<\/p>\n<p>Em nota, a C\u00e2mara dos Deputados lembra que Benedito de Lira foi autor da lei que permite o uso de medicamentos gen\u00e9ricos na medicina veterin\u00e1ria e estabelece prefer\u00eancia para eles nas compras governamentais.<\/p>\n<p>Foi tamb\u00e9m foi relator da lei que impede a cria\u00e7\u00e3o de imposto sobre os CDs, DVDs e arquivos digitais produzidos no Brasil com obras musicais de autores brasileiros.<\/p>\n<p><strong>Luto<\/strong><br \/>\nO presidente do Senado, Rodrigo Pacheco, determinou luto de tr\u00eas dias na Casa. &#8220;Benedito de Lira foi um dos principais l\u00edderes pol\u00edticos de Alagoas, com uma trajet\u00f3ria marcada pelo compromisso p\u00fablico. Ele ocupou cargos de deputado estadual e federal, al\u00e9m de senador. Expresso minha solidariedade aos demais familiares, aos amigos e ao povo alagoano pela perda.&#8221;, disse Pacheco, em nota.<\/p>\n","protected":false},"excerpt":{"rendered":"<p>Morreu na manh\u00e3 desta ter\u00e7a-feira (14), aos 82 anos em Macei\u00f3, o prefeito de Barra de S\u00e3o Miguel, em Alagoas Benedito de Lira, pai do presidente da C\u00e2mara dos Deputados, Arthur Lira (PP-AL). Senador por Alagoas entre 2011 e 2019, foi deputado federal por tr\u00eas mandatos, al\u00e9m de deputado estadual e vereador por Macei\u00f3. O [&hellip;]<\/p>\n","protected":false},"author":2,"featured_media":345594,"comment_status":"closed","ping_status":"closed","sticky":false,"template":"","format":"standard","meta":{"_acf_changed":false,"footnotes":""},"categories":[165],"tags":[],"class_list":["post-345593","post","type-post","status-publish","format-standard","has-post-thumbnail","hentry","category-nordeste"],"acf":[],"_links":{"self":[{"href":"https:\/\/www.notibras.com\/site\/wp-json\/wp\/v2\/posts\/345593","targetHints":{"allow":["GET"]}}],"collection":[{"href":"https:\/\/www.notibras.com\/site\/wp-json\/wp\/v2\/posts"}],"about":[{"href":"https:\/\/www.notibras.com\/site\/wp-json\/wp\/v2\/types\/post"}],"author":[{"embeddable":true,"href":"https:\/\/www.notibras.com\/site\/wp-json\/wp\/v2\/users\/2"}],"replies":[{"embeddable":true,"href":"https:\/\/www.notibras.com\/site\/wp-json\/wp\/v2\/comments?post=345593"}],"version-history":[{"count":1,"href":"https:\/\/www.notibras.com\/site\/wp-json\/wp\/v2\/posts\/345593\/revisions"}],"predecessor-version":[{"id":345595,"href":"https:\/\/www.notibras.com\/site\/wp-json\/wp\/v2\/posts\/345593\/revisions\/345595"}],"wp:featuredmedia":[{"embeddable":true,"href":"https:\/\/www.notibras.com\/site\/wp-json\/wp\/v2\/media\/345594"}],"wp:attachment":[{"href":"https:\/\/www.notibras.com\/site\/wp-json\/wp\/v2\/media?parent=345593"}],"wp:term":[{"taxonomy":"category","embeddable":true,"href":"https:\/\/www.notibras.com\/site\/wp-json\/wp\/v2\/categories?post=345593"},{"taxonomy":"post_tag","embeddable":true,"href":"https:\/\/www.notibras.com\/site\/wp-json\/wp\/v2\/tags?post=345593"}],"curies":[{"name":"wp","href":"https:\/\/api.w.org\/{rel}","templated":true}]}}