{"id":345641,"date":"2025-01-15T06:15:27","date_gmt":"2025-01-15T09:15:27","guid":{"rendered":"https:\/\/www.notibras.com\/site\/?p=345641"},"modified":"2025-01-15T07:19:25","modified_gmt":"2025-01-15T10:19:25","slug":"inmet-manda-sinal-vermelho-para-chuvas-torrenciais-no-sertao","status":"publish","type":"post","link":"https:\/\/www.notibras.com\/site\/inmet-manda-sinal-vermelho-para-chuvas-torrenciais-no-sertao\/","title":{"rendered":"Inmet manda sinal vermelho para chuvas torrenciais no Sert\u00e3o"},"content":{"rendered":"<p>O Instituto Nacional de Meteorologia (Inmet) emitiu um alerta para o sert\u00e3o nordestino nesta quarta-feira, 15. A previs\u00e3o \u00e9 de chuvas intensas, com acumulados entre 30 e 60 mm por hora, acompanhadas por ventos fortes de at\u00e9 100 km\/h.<\/p>\n<p>Diante dessas condi\u00e7\u00f5es, o Inmet recomenda medidas de seguran\u00e7a para a popula\u00e7\u00e3o:<\/p>\n<p>1. Evite procurar abrigo sob as \u00e1rvores, devido ao risco de queda e descargas el\u00e9tricas.<\/p>\n<p>2. N\u00e3o estacione ve\u00edculos pr\u00f3ximos a torres de transmiss\u00e3o ou placas de propaganda, que podem ser derrubadas pelos ventos.<\/p>\n<p>A popula\u00e7\u00e3o deve manter-se atenta \u00e0s atualiza\u00e7\u00f5es adversas e seguir as orienta\u00e7\u00f5es das autoridades locais para garantir a seguran\u00e7a.<\/p>\n","protected":false},"excerpt":{"rendered":"<p>O Instituto Nacional de Meteorologia (Inmet) emitiu um alerta para o sert\u00e3o nordestino nesta quarta-feira, 15. A previs\u00e3o \u00e9 de chuvas intensas, com acumulados entre 30 e 60 mm por hora, acompanhadas por ventos fortes de at\u00e9 100 km\/h. Diante dessas condi\u00e7\u00f5es, o Inmet recomenda medidas de seguran\u00e7a para a popula\u00e7\u00e3o: 1. Evite procurar abrigo [&hellip;]<\/p>\n","protected":false},"author":2,"featured_media":345642,"comment_status":"closed","ping_status":"closed","sticky":false,"template":"","format":"standard","meta":{"_acf_changed":false,"footnotes":""},"categories":[165],"tags":[],"class_list":["post-345641","post","type-post","status-publish","format-standard","has-post-thumbnail","hentry","category-nordeste"],"acf":[],"_links":{"self":[{"href":"https:\/\/www.notibras.com\/site\/wp-json\/wp\/v2\/posts\/345641","targetHints":{"allow":["GET"]}}],"collection":[{"href":"https:\/\/www.notibras.com\/site\/wp-json\/wp\/v2\/posts"}],"about":[{"href":"https:\/\/www.notibras.com\/site\/wp-json\/wp\/v2\/types\/post"}],"author":[{"embeddable":true,"href":"https:\/\/www.notibras.com\/site\/wp-json\/wp\/v2\/users\/2"}],"replies":[{"embeddable":true,"href":"https:\/\/www.notibras.com\/site\/wp-json\/wp\/v2\/comments?post=345641"}],"version-history":[{"count":1,"href":"https:\/\/www.notibras.com\/site\/wp-json\/wp\/v2\/posts\/345641\/revisions"}],"predecessor-version":[{"id":345643,"href":"https:\/\/www.notibras.com\/site\/wp-json\/wp\/v2\/posts\/345641\/revisions\/345643"}],"wp:featuredmedia":[{"embeddable":true,"href":"https:\/\/www.notibras.com\/site\/wp-json\/wp\/v2\/media\/345642"}],"wp:attachment":[{"href":"https:\/\/www.notibras.com\/site\/wp-json\/wp\/v2\/media?parent=345641"}],"wp:term":[{"taxonomy":"category","embeddable":true,"href":"https:\/\/www.notibras.com\/site\/wp-json\/wp\/v2\/categories?post=345641"},{"taxonomy":"post_tag","embeddable":true,"href":"https:\/\/www.notibras.com\/site\/wp-json\/wp\/v2\/tags?post=345641"}],"curies":[{"name":"wp","href":"https:\/\/api.w.org\/{rel}","templated":true}]}}