{"id":345644,"date":"2025-01-15T00:01:05","date_gmt":"2025-01-15T03:01:05","guid":{"rendered":"https:\/\/www.notibras.com\/site\/?p=345644"},"modified":"2025-01-15T07:30:09","modified_gmt":"2025-01-15T10:30:09","slug":"adolescente-morre-apos-choque-eletrico-em-fio-caido-no-ceara","status":"publish","type":"post","link":"https:\/\/www.notibras.com\/site\/adolescente-morre-apos-choque-eletrico-em-fio-caido-no-ceara\/","title":{"rendered":"Adolescente morre ap\u00f3s choque el\u00e9trico em fio ca\u00eddo no Cear\u00e1"},"content":{"rendered":"<p>Uma trag\u00e9dia chocou os moradores do Bairro Areias II, em Iguatu, no interior do Cear\u00e1. Uma adolescente de 13 anos morreu ao sofrer um choque el\u00e9trico enquanto tomava banho de chuva em uma rua da regi\u00e3o.<\/p>\n<p>De acordo com testemunhas, a jovem brincava na chuva com amigos quando entrou em contato com um fio el\u00e9trico que havia ca\u00eddo no ch\u00e3o. Apesar das tentativas de socorro, ela n\u00e3o resistiu e morreu.<\/p>\n<p>As autoridades foram acionadas, e equipes da Enel Distribui\u00e7\u00e3o Cear\u00e1 compareceram para isolar a \u00e1rea e investigar o acidente. A empresa de energia informou que est\u00e1 apurando se ocorreram falhas na manuten\u00e7\u00e3o ou outros fatores que afetam o fornecimento de eletricidade.<\/p>\n<p>Moradores da regi\u00e3o afirmaram que j\u00e1 foram alertados sobre cabos el\u00e9tricos ca\u00eddos nos dias anteriores, mas n\u00e3o houve interven\u00e7\u00e3o imediata. O caso reacende a discuss\u00e3o sobre a seguran\u00e7a da rede el\u00e9trica em per\u00edodos de chuva e a responsabilidade das concession\u00e1rias na manuten\u00e7\u00e3o dos equipamentos.<\/p>\n<p>A comunidade local est\u00e1 em luto, e os familiares da v\u00edtima pedem justi\u00e7a e provid\u00eancias para que trag\u00e9dias como essa n\u00e3o se repitam.<\/p>\n","protected":false},"excerpt":{"rendered":"<p>Uma trag\u00e9dia chocou os moradores do Bairro Areias II, em Iguatu, no interior do Cear\u00e1. Uma adolescente de 13 anos morreu ao sofrer um choque el\u00e9trico enquanto tomava banho de chuva em uma rua da regi\u00e3o. De acordo com testemunhas, a jovem brincava na chuva com amigos quando entrou em contato com um fio el\u00e9trico [&hellip;]<\/p>\n","protected":false},"author":2,"featured_media":59230,"comment_status":"closed","ping_status":"closed","sticky":false,"template":"","format":"standard","meta":{"_acf_changed":false,"footnotes":""},"categories":[165],"tags":[],"class_list":["post-345644","post","type-post","status-publish","format-standard","has-post-thumbnail","hentry","category-nordeste"],"acf":[],"_links":{"self":[{"href":"https:\/\/www.notibras.com\/site\/wp-json\/wp\/v2\/posts\/345644","targetHints":{"allow":["GET"]}}],"collection":[{"href":"https:\/\/www.notibras.com\/site\/wp-json\/wp\/v2\/posts"}],"about":[{"href":"https:\/\/www.notibras.com\/site\/wp-json\/wp\/v2\/types\/post"}],"author":[{"embeddable":true,"href":"https:\/\/www.notibras.com\/site\/wp-json\/wp\/v2\/users\/2"}],"replies":[{"embeddable":true,"href":"https:\/\/www.notibras.com\/site\/wp-json\/wp\/v2\/comments?post=345644"}],"version-history":[{"count":1,"href":"https:\/\/www.notibras.com\/site\/wp-json\/wp\/v2\/posts\/345644\/revisions"}],"predecessor-version":[{"id":345645,"href":"https:\/\/www.notibras.com\/site\/wp-json\/wp\/v2\/posts\/345644\/revisions\/345645"}],"wp:featuredmedia":[{"embeddable":true,"href":"https:\/\/www.notibras.com\/site\/wp-json\/wp\/v2\/media\/59230"}],"wp:attachment":[{"href":"https:\/\/www.notibras.com\/site\/wp-json\/wp\/v2\/media?parent=345644"}],"wp:term":[{"taxonomy":"category","embeddable":true,"href":"https:\/\/www.notibras.com\/site\/wp-json\/wp\/v2\/categories?post=345644"},{"taxonomy":"post_tag","embeddable":true,"href":"https:\/\/www.notibras.com\/site\/wp-json\/wp\/v2\/tags?post=345644"}],"curies":[{"name":"wp","href":"https:\/\/api.w.org\/{rel}","templated":true}]}}