{"id":345646,"date":"2025-01-15T00:00:13","date_gmt":"2025-01-15T03:00:13","guid":{"rendered":"https:\/\/www.notibras.com\/site\/?p=345646"},"modified":"2025-01-15T07:37:41","modified_gmt":"2025-01-15T10:37:41","slug":"capela-de-sao-jose-e-alvo-de-arrombamento-furto-e-vandalismo","status":"publish","type":"post","link":"https:\/\/www.notibras.com\/site\/capela-de-sao-jose-e-alvo-de-arrombamento-furto-e-vandalismo\/","title":{"rendered":"Capela de S\u00e3o Jos\u00e9 \u00e9 alvo de arrombamento, furto e vandalismo"},"content":{"rendered":"<p>Na madrugada de ter\u00e7a-feira, 14, a Capela de S\u00e3o Jos\u00e9, localizada no bairro Redinha, na Zona Norte de Natal, no Rio Grande do Norte, foi alvo de arrombamento, furto e vandalismo.<\/p>\n<p>De acordo com informa\u00e7\u00f5es preliminares, o crime provocou danos ao patrim\u00f4nio da igreja e no desaparecimento de alguns itens.<\/p>\n<p>O p\u00e1roco da capela acredita que a a\u00e7\u00e3o tenha sido cometida por apenas um indiv\u00edduo, embora as investiga\u00e7\u00f5es ainda estejam em andamento para confirmar essa hip\u00f3tese.<\/p>\n<p>O caso gerou indigna\u00e7\u00e3o entre a comunidade local, que lamenta o desrespeito ao espa\u00e7o religioso, considerado um importante ponto de f\u00e9 e uni\u00e3o na regi\u00e3o. A pol\u00edcia foi acionada e trabalha para identificar o respons\u00e1vel pelo crime.<\/p>\n<p>A capela j\u00e1 havia enfrentado desafios semelhantes anteriormente, mas os moradores esperam que medidas de seguran\u00e7a possam ser refor\u00e7adas para evitar novos incidentes.<\/p>\n<p>A comunidade da Redinha est\u00e1 mobilizada para apoiar a recupera\u00e7\u00e3o do espa\u00e7o e organizar um mutir\u00e3o para reparar os danos causados.<\/p>\n","protected":false},"excerpt":{"rendered":"<p>Na madrugada de ter\u00e7a-feira, 14, a Capela de S\u00e3o Jos\u00e9, localizada no bairro Redinha, na Zona Norte de Natal, no Rio Grande do Norte, foi alvo de arrombamento, furto e vandalismo. De acordo com informa\u00e7\u00f5es preliminares, o crime provocou danos ao patrim\u00f4nio da igreja e no desaparecimento de alguns itens. O p\u00e1roco da capela acredita [&hellip;]<\/p>\n","protected":false},"author":2,"featured_media":345647,"comment_status":"closed","ping_status":"closed","sticky":false,"template":"","format":"standard","meta":{"_acf_changed":false,"footnotes":""},"categories":[165],"tags":[],"class_list":["post-345646","post","type-post","status-publish","format-standard","has-post-thumbnail","hentry","category-nordeste"],"acf":[],"_links":{"self":[{"href":"https:\/\/www.notibras.com\/site\/wp-json\/wp\/v2\/posts\/345646","targetHints":{"allow":["GET"]}}],"collection":[{"href":"https:\/\/www.notibras.com\/site\/wp-json\/wp\/v2\/posts"}],"about":[{"href":"https:\/\/www.notibras.com\/site\/wp-json\/wp\/v2\/types\/post"}],"author":[{"embeddable":true,"href":"https:\/\/www.notibras.com\/site\/wp-json\/wp\/v2\/users\/2"}],"replies":[{"embeddable":true,"href":"https:\/\/www.notibras.com\/site\/wp-json\/wp\/v2\/comments?post=345646"}],"version-history":[{"count":1,"href":"https:\/\/www.notibras.com\/site\/wp-json\/wp\/v2\/posts\/345646\/revisions"}],"predecessor-version":[{"id":345648,"href":"https:\/\/www.notibras.com\/site\/wp-json\/wp\/v2\/posts\/345646\/revisions\/345648"}],"wp:featuredmedia":[{"embeddable":true,"href":"https:\/\/www.notibras.com\/site\/wp-json\/wp\/v2\/media\/345647"}],"wp:attachment":[{"href":"https:\/\/www.notibras.com\/site\/wp-json\/wp\/v2\/media?parent=345646"}],"wp:term":[{"taxonomy":"category","embeddable":true,"href":"https:\/\/www.notibras.com\/site\/wp-json\/wp\/v2\/categories?post=345646"},{"taxonomy":"post_tag","embeddable":true,"href":"https:\/\/www.notibras.com\/site\/wp-json\/wp\/v2\/tags?post=345646"}],"curies":[{"name":"wp","href":"https:\/\/api.w.org\/{rel}","templated":true}]}}