{"id":345649,"date":"2025-01-15T00:01:40","date_gmt":"2025-01-15T03:01:40","guid":{"rendered":"https:\/\/www.notibras.com\/site\/?p=345649"},"modified":"2025-01-15T07:47:49","modified_gmt":"2025-01-15T10:47:49","slug":"onda-de-violencia-preocupa-comerciantes-e-consumidores-em-sao-luis","status":"publish","type":"post","link":"https:\/\/www.notibras.com\/site\/onda-de-violencia-preocupa-comerciantes-e-consumidores-em-sao-luis\/","title":{"rendered":"Onda de viol\u00eancia preocupa comerciantes e consumidores em S\u00e3o Lu\u00eds"},"content":{"rendered":"<p>Uma onda crescente de viol\u00eancia tem gerado preocupa\u00e7\u00e3o entre comerciantes e consumidores no centro de S\u00e3o Lu\u00eds, capital do Maranh\u00e3o. Relatos de assaltos, furtos e at\u00e9 mesmo ataques mais violentos t\u00eam se tornado frequentes, afetando diretamente o com\u00e9rcio local e a sensa\u00e7\u00e3o de inseguran\u00e7a na regi\u00e3o.<\/p>\n<p>Al\u00e9m disso, muitos estabelecimentos t\u00eam investimentos em seguran\u00e7a privada, c\u00e2meras de vigil\u00e2ncia e n\u00edveis refor\u00e7ados, aumentando os custos operacionais. Ainda assim, persiste o n\u00edvel de preocupa\u00e7\u00e3o.<\/p>\n<p>Os consumidores tamb\u00e9m expressam receios. Ana Maria Costa, frequentadora do centro, relata que evita sair com objetos de valor. \u201cCarrego apenas o essencial e evite hor\u00e1rios de maior risco. \u00c9 triste n\u00e3o poder se sentir seguro na cidade\u201d, afirma.<\/p>\n<p>A Pol\u00edcia Militar do Maranh\u00e3o informou que est\u00e1 intensificando o patrulhamento na regi\u00e3o e realizando opera\u00e7\u00f5es para coibir a\u00e7\u00f5es criminosas. Segundo o comandante regional, a colabora\u00e7\u00e3o da popula\u00e7\u00e3o \u00e9 essencial. \u201cPedimos que as pessoas denunciem qualquer atividade suspeita para que possamos agir com mais efic\u00e1cia\u201d, disse.<\/p>\n<p>Entidades civis e associa\u00e7\u00f5es de comerciantes t\u00eam feito press\u00e3o sobre o poder p\u00fablico por medidas mais eficazes. Entre as reivindica\u00e7\u00f5es est\u00e3o o aumento do efetivo policial, a instala\u00e7\u00e3o de ilumina\u00e7\u00e3o p\u00fablica em \u00e1reas cr\u00edticas e a\u00e7\u00f5es de inclus\u00e3o social para reduzir a criminalidade.<\/p>\n<p>Embora as medidas estruturais n\u00e3o sejam inovadoras, a preocupa\u00e7\u00e3o com a seguran\u00e7a no centro de S\u00e3o Lu\u00eds continua sendo uma quest\u00e3o central para quem vive e trabalha na regi\u00e3o. Os comerciantes e consumidores esperam que as a\u00e7\u00f5es prometidas pelas autoridades tragam resultados concretos, devolvendo a tranquilidade e a vitalidade ao com\u00e9rcio local.<\/p>\n","protected":false},"excerpt":{"rendered":"<p>Uma onda crescente de viol\u00eancia tem gerado preocupa\u00e7\u00e3o entre comerciantes e consumidores no centro de S\u00e3o Lu\u00eds, capital do Maranh\u00e3o. Relatos de assaltos, furtos e at\u00e9 mesmo ataques mais violentos t\u00eam se tornado frequentes, afetando diretamente o com\u00e9rcio local e a sensa\u00e7\u00e3o de inseguran\u00e7a na regi\u00e3o. Al\u00e9m disso, muitos estabelecimentos t\u00eam investimentos em seguran\u00e7a privada, [&hellip;]<\/p>\n","protected":false},"author":2,"featured_media":345650,"comment_status":"closed","ping_status":"closed","sticky":false,"template":"","format":"standard","meta":{"_acf_changed":false,"footnotes":""},"categories":[165],"tags":[],"class_list":["post-345649","post","type-post","status-publish","format-standard","has-post-thumbnail","hentry","category-nordeste"],"acf":[],"_links":{"self":[{"href":"https:\/\/www.notibras.com\/site\/wp-json\/wp\/v2\/posts\/345649","targetHints":{"allow":["GET"]}}],"collection":[{"href":"https:\/\/www.notibras.com\/site\/wp-json\/wp\/v2\/posts"}],"about":[{"href":"https:\/\/www.notibras.com\/site\/wp-json\/wp\/v2\/types\/post"}],"author":[{"embeddable":true,"href":"https:\/\/www.notibras.com\/site\/wp-json\/wp\/v2\/users\/2"}],"replies":[{"embeddable":true,"href":"https:\/\/www.notibras.com\/site\/wp-json\/wp\/v2\/comments?post=345649"}],"version-history":[{"count":1,"href":"https:\/\/www.notibras.com\/site\/wp-json\/wp\/v2\/posts\/345649\/revisions"}],"predecessor-version":[{"id":345651,"href":"https:\/\/www.notibras.com\/site\/wp-json\/wp\/v2\/posts\/345649\/revisions\/345651"}],"wp:featuredmedia":[{"embeddable":true,"href":"https:\/\/www.notibras.com\/site\/wp-json\/wp\/v2\/media\/345650"}],"wp:attachment":[{"href":"https:\/\/www.notibras.com\/site\/wp-json\/wp\/v2\/media?parent=345649"}],"wp:term":[{"taxonomy":"category","embeddable":true,"href":"https:\/\/www.notibras.com\/site\/wp-json\/wp\/v2\/categories?post=345649"},{"taxonomy":"post_tag","embeddable":true,"href":"https:\/\/www.notibras.com\/site\/wp-json\/wp\/v2\/tags?post=345649"}],"curies":[{"name":"wp","href":"https:\/\/api.w.org\/{rel}","templated":true}]}}