{"id":345653,"date":"2025-01-15T07:55:59","date_gmt":"2025-01-15T10:55:59","guid":{"rendered":"https:\/\/www.notibras.com\/site\/?p=345653"},"modified":"2025-01-15T08:05:00","modified_gmt":"2025-01-15T11:05:00","slug":"filha-boa-de-cuca-encuca-mae-em-meio-a-discussao-sobre-ciencia-e-religiao","status":"publish","type":"post","link":"https:\/\/www.notibras.com\/site\/filha-boa-de-cuca-encuca-mae-em-meio-a-discussao-sobre-ciencia-e-religiao\/","title":{"rendered":"Filha boa de cuca encuca m\u00e3e em meio a discuss\u00e3o sobre ci\u00eancia e religi\u00e3o"},"content":{"rendered":"<p>Cresci numa fam\u00edlia desregrada, como tantas outras que conheci. Quer dizer, depois que percebi como as coisas funcionam, constatei que n\u00e3o h\u00e1 gente perfeita. Longe disso, pois os defeitos saltam aos olhos quando se tem a oportunidade de estar munido de uma lupa.<\/p>\n<p>Parte dos meus vive enfurnada na igreja, como se aquilo fosse salv\u00e1-los do inferno. Pior, aos berros, gritam como loucos como se querendo dizer que s\u00e3o bons. Bom era o Sult\u00e3o, o vira-lata l\u00e1 de casa. Rosnava quando preciso, at\u00e9 chegava a mordiscar os calcanhares dos desavisados, mas n\u00e3o atazanava os ouvidos alheios com ladainhas moralistas.<\/p>\n<p>\u2014 Mar\u00edlia, minha filha, hoje conversei sobre voc\u00ea com o pastor, e ele disse&#8230;<\/p>\n<p>\u2014 Quem?<\/p>\n<p>\u2014 O pastor Cl\u00e1udio.<\/p>\n<p>\u2014 E o que ele tem a ver com a minha vida, m\u00e3e?<\/p>\n<p>\u2014 Ele \u00e9 um homem s\u00e1bio, Mar\u00edlia.<\/p>\n<p>\u2014 Que nem Arist\u00f3teles?<\/p>\n<p>\u2014 Quem?<\/p>\n<p>\u2014 Plat\u00e3o, m\u00e3e.<\/p>\n<p>\u2014 E quem \u00e9 esse?<\/p>\n<p>\u2014 Ah, deixa pra l\u00e1!<\/p>\n<p>\u2014 Deixo, n\u00e3o, Mar\u00edlia!<\/p>\n<p>Outra feita, quando mam\u00e3e insistia em conversas infrut\u00edferas, eu tacava logo Einstein.<\/p>\n<p>\u2014 Quem?<\/p>\n<p>\u2014 Einstein, m\u00e3e. Albert Einstein.<\/p>\n<p>\u2014 Hum! L\u00e1 vem voc\u00ea com essas hist\u00f3rias.<\/p>\n<p>\u2014 Newton?<\/p>\n<p>\u2014 Quem \u00e9 esse?<\/p>\n<p>\u2014 Adalgiza, ela t\u00e1 falando do Nilton Santos.<\/p>\n<p>Depois da esdr\u00faxula interven\u00e7\u00e3o do meu pai, tive certeza de que fui adotada. N\u00e3o \u00e9 poss\u00edvel que eu seja fruto daqueles dois. Creio que nem Mendel conseguiria explicar tamanha incongru\u00eancia.<\/p>\n<p>Puxei os genes da minha av\u00f3 materna. S\u00f3 pode ser isso ou, ent\u00e3o, melhor apostar que me deixaram em um cesto na porta da nossa casa. Mas fa\u00e7amos uma aposta, que seja a de que sou filha do casal que me criou.<\/p>\n<p>Vov\u00f3, de quem herdei o modo de enxergar o mundo, n\u00e3o era afeita a apaziguar as insanidades de gente adulta, que cisma em levantar as m\u00e3os pro C\u00e9u diante das fortunas, mas choraminga perd\u00e3o sem culpa perante as desventuras. Sou m\u00e1? N\u00e3o descarto tal possibilidade, ainda mais quando me chega mensagem do pastor Claudio pelos l\u00e1bios de minha m\u00e3e.<\/p>\n<p>\u2014 Minha filha, n\u00e3o leve pro cora\u00e7\u00e3o tanto desatino.<\/p>\n<p>\u2014 Mam\u00e3e, desatino \u00e9 dar tanto cr\u00e9dito ao cora\u00e7\u00e3o, quando o \u00f3rg\u00e3o da raz\u00e3o \u00e9 o c\u00e9rebro.<\/p>\n<p>&#8230;&#8230;&#8230;&#8230;&#8230;&#8230;&#8230;&#8230;&#8230;&#8230;&#8230;<\/p>\n<div><strong>Eduardo Mart\u00ednez \u00e9 autor do livro \u201c57 Contos e Cr\u00f4nicas por um Autor muito Velho\u201d.<\/strong><\/div>\n<div>\n<div class=\"mvp-post-soc-in\">\n<div id=\"mvp-content-body\" class=\"left relative\">\n<div id=\"mvp-content-body-top\" class=\"left relative\">\n<div id=\"mvp-content-main\" class=\"left relative\">\n<p>Compre aqui\u00a0<span class=\"x19la9d6 x1fc57z9 x6ikm8r x10wlt62 x19co3pv x1g5zs5t xfibh0p xiy17q3 x1xsqp64 x1lkfr7t xexx8yu x4uap5 x18d9i69 xkhd6sd\"><span class=\"xrtxmta x1bhl96m\"><img decoding=\"async\" class=\"emoji\" role=\"img\" draggable=\"false\" src=\"https:\/\/s.w.org\/images\/core\/emoji\/14.0.0\/svg\/1f447-1f3ff.svg\" alt=\"&#x1f447;&#x1f3ff;\" \/><\/span><\/span><span class=\"x19la9d6 x1fc57z9 x6ikm8r x10wlt62 x19co3pv x1g5zs5t xfibh0p xiy17q3 x1xsqp64 x1lkfr7t xexx8yu x4uap5 x18d9i69 xkhd6sd\"><span class=\"xrtxmta x1bhl96m\"><img decoding=\"async\" class=\"emoji\" role=\"img\" draggable=\"false\" src=\"https:\/\/s.w.org\/images\/core\/emoji\/14.0.0\/svg\/1f447-1f3ff.svg\" alt=\"&#x1f447;&#x1f3ff;\" \/><\/span><\/span><span class=\"x19la9d6 x1fc57z9 x6ikm8r x10wlt62 x19co3pv x1g5zs5t xfibh0p xiy17q3 x1xsqp64 x1lkfr7t xexx8yu x4uap5 x18d9i69 xkhd6sd\"><span class=\"xrtxmta x1bhl96m\"><img decoding=\"async\" class=\"emoji\" role=\"img\" draggable=\"false\" src=\"https:\/\/s.w.org\/images\/core\/emoji\/14.0.0\/svg\/1f447-1f3ff.svg\" alt=\"&#x1f447;&#x1f3ff;\" \/><\/span><\/span><\/p>\n<p><a href=\"http:\/\/www.joanineditora.com.br\/57-contos-e-cronicas-por-um-autor-muito-velho\">http:\/\/www.joanineditora.com.br\/57-contos-e-cronicas-por-um-autor-muito-velho<\/a><\/p>\n<\/div>\n<\/div>\n<\/div>\n<\/div>\n<\/div>\n","protected":false},"excerpt":{"rendered":"<p>Cresci numa fam\u00edlia desregrada, como tantas outras que conheci. Quer dizer, depois que percebi como as coisas funcionam, constatei que n\u00e3o h\u00e1 gente perfeita. Longe disso, pois os defeitos saltam aos olhos quando se tem a oportunidade de estar munido de uma lupa. Parte dos meus vive enfurnada na igreja, como se aquilo fosse salv\u00e1-los [&hellip;]<\/p>\n","protected":false},"author":2,"featured_media":345654,"comment_status":"closed","ping_status":"closed","sticky":false,"template":"","format":"standard","meta":{"_acf_changed":false,"footnotes":""},"categories":[161],"tags":[],"class_list":["post-345653","post","type-post","status-publish","format-standard","has-post-thumbnail","hentry","category-quadradinho-em-foco"],"acf":[],"_links":{"self":[{"href":"https:\/\/www.notibras.com\/site\/wp-json\/wp\/v2\/posts\/345653","targetHints":{"allow":["GET"]}}],"collection":[{"href":"https:\/\/www.notibras.com\/site\/wp-json\/wp\/v2\/posts"}],"about":[{"href":"https:\/\/www.notibras.com\/site\/wp-json\/wp\/v2\/types\/post"}],"author":[{"embeddable":true,"href":"https:\/\/www.notibras.com\/site\/wp-json\/wp\/v2\/users\/2"}],"replies":[{"embeddable":true,"href":"https:\/\/www.notibras.com\/site\/wp-json\/wp\/v2\/comments?post=345653"}],"version-history":[{"count":3,"href":"https:\/\/www.notibras.com\/site\/wp-json\/wp\/v2\/posts\/345653\/revisions"}],"predecessor-version":[{"id":345657,"href":"https:\/\/www.notibras.com\/site\/wp-json\/wp\/v2\/posts\/345653\/revisions\/345657"}],"wp:featuredmedia":[{"embeddable":true,"href":"https:\/\/www.notibras.com\/site\/wp-json\/wp\/v2\/media\/345654"}],"wp:attachment":[{"href":"https:\/\/www.notibras.com\/site\/wp-json\/wp\/v2\/media?parent=345653"}],"wp:term":[{"taxonomy":"category","embeddable":true,"href":"https:\/\/www.notibras.com\/site\/wp-json\/wp\/v2\/categories?post=345653"},{"taxonomy":"post_tag","embeddable":true,"href":"https:\/\/www.notibras.com\/site\/wp-json\/wp\/v2\/tags?post=345653"}],"curies":[{"name":"wp","href":"https:\/\/api.w.org\/{rel}","templated":true}]}}