{"id":345658,"date":"2025-01-15T00:00:42","date_gmt":"2025-01-15T03:00:42","guid":{"rendered":"https:\/\/www.notibras.com\/site\/?p=345658"},"modified":"2025-01-15T08:07:51","modified_gmt":"2025-01-15T11:07:51","slug":"mega-sena-acumula-e-premio-sobe-para-38-milhoes-de-reais","status":"publish","type":"post","link":"https:\/\/www.notibras.com\/site\/mega-sena-acumula-e-premio-sobe-para-38-milhoes-de-reais\/","title":{"rendered":"Mega-Sena acumula e pr\u00eamio sobe para 38 milh\u00f5es de reais"},"content":{"rendered":"<p>O concurso 2.815 da Mega-Sena n\u00e3o teve acertador nesta ter\u00e7a-feira (14). O pr\u00eamio acumulou, estimado em R$ 38 milh\u00f5es.<\/p>\n<p>Os n\u00fameros sorteados foram: 05 &#8211; 20 &#8211; 28 &#8211; 38 &#8211; 50 &#8211; 53.<\/p>\n<p>No total, 38 apostas acertaram cinco dezenas e v\u00e3o receber R$ 75.919,13. Mais 3.288 apostas tiveram quatro acertos e faturaram R$ 1.253,44.<\/p>\n<p>Para o pr\u00f3ximo concurso, as apostas podem ser feitas at\u00e9 as 19h de quinta-feira (16).<\/p>\n","protected":false},"excerpt":{"rendered":"<p>O concurso 2.815 da Mega-Sena n\u00e3o teve acertador nesta ter\u00e7a-feira (14). O pr\u00eamio acumulou, estimado em R$ 38 milh\u00f5es. Os n\u00fameros sorteados foram: 05 &#8211; 20 &#8211; 28 &#8211; 38 &#8211; 50 &#8211; 53. No total, 38 apostas acertaram cinco dezenas e v\u00e3o receber R$ 75.919,13. Mais 3.288 apostas tiveram quatro acertos e faturaram R$ [&hellip;]<\/p>\n","protected":false},"author":2,"featured_media":334557,"comment_status":"closed","ping_status":"closed","sticky":false,"template":"","format":"standard","meta":{"_acf_changed":false,"footnotes":""},"categories":[161],"tags":[],"class_list":["post-345658","post","type-post","status-publish","format-standard","has-post-thumbnail","hentry","category-quadradinho-em-foco"],"acf":[],"_links":{"self":[{"href":"https:\/\/www.notibras.com\/site\/wp-json\/wp\/v2\/posts\/345658","targetHints":{"allow":["GET"]}}],"collection":[{"href":"https:\/\/www.notibras.com\/site\/wp-json\/wp\/v2\/posts"}],"about":[{"href":"https:\/\/www.notibras.com\/site\/wp-json\/wp\/v2\/types\/post"}],"author":[{"embeddable":true,"href":"https:\/\/www.notibras.com\/site\/wp-json\/wp\/v2\/users\/2"}],"replies":[{"embeddable":true,"href":"https:\/\/www.notibras.com\/site\/wp-json\/wp\/v2\/comments?post=345658"}],"version-history":[{"count":1,"href":"https:\/\/www.notibras.com\/site\/wp-json\/wp\/v2\/posts\/345658\/revisions"}],"predecessor-version":[{"id":345659,"href":"https:\/\/www.notibras.com\/site\/wp-json\/wp\/v2\/posts\/345658\/revisions\/345659"}],"wp:featuredmedia":[{"embeddable":true,"href":"https:\/\/www.notibras.com\/site\/wp-json\/wp\/v2\/media\/334557"}],"wp:attachment":[{"href":"https:\/\/www.notibras.com\/site\/wp-json\/wp\/v2\/media?parent=345658"}],"wp:term":[{"taxonomy":"category","embeddable":true,"href":"https:\/\/www.notibras.com\/site\/wp-json\/wp\/v2\/categories?post=345658"},{"taxonomy":"post_tag","embeddable":true,"href":"https:\/\/www.notibras.com\/site\/wp-json\/wp\/v2\/tags?post=345658"}],"curies":[{"name":"wp","href":"https:\/\/api.w.org\/{rel}","templated":true}]}}