{"id":345660,"date":"2025-01-15T00:00:58","date_gmt":"2025-01-15T03:00:58","guid":{"rendered":"https:\/\/www.notibras.com\/site\/?p=345660"},"modified":"2025-01-15T08:12:20","modified_gmt":"2025-01-15T11:12:20","slug":"governo-antecipa-resultado-final-para-o-dia-4-de-fevereiro","status":"publish","type":"post","link":"https:\/\/www.notibras.com\/site\/governo-antecipa-resultado-final-para-o-dia-4-de-fevereiro\/","title":{"rendered":"Governo antecipa resultado final para o dia 4 de fevereiro"},"content":{"rendered":"<p>O Minist\u00e9rio da Gest\u00e3o e da Inova\u00e7\u00e3o em Servi\u00e7os P\u00fablicos (MGI) antecipou o calend\u00e1rio para o Concurso Nacional Unificado (CNU). O resultado sair\u00e1 com uma semana de anteced\u00eancia, no dia 4 de fevereiro. Nessa data, ter\u00e1 in\u00edcio o prazo para a confirma\u00e7\u00e3o de participa\u00e7\u00e3o nos cursos de forma\u00e7\u00e3o previstos para os blocos 1 a 7. No caso do bloco 8, de ensino m\u00e9dio, n\u00e3o ser\u00e1 necess\u00e1rio, aos aprovados, fazerem o curso.<\/p>\n<p>As informa\u00e7\u00f5es foram dadas pela ministra Esther Dweck na tarde desta ter\u00e7a-feira (14), em coletiva de imprensa.<\/p>\n<p>&#8220;No dia 4 de fevereiro ser\u00e3o divulgadas as listas dos aprovados nas vagas j\u00e1 previstas no edital para todas as vagas. Voc\u00eas sabem que cada bloco tem v\u00e1rias vagas e v\u00e1rios cargos. Ent\u00e3o, ser\u00e3o divulgadas essas listas e, nesse mesmo dia, naquelas carreiras que ainda t\u00eam uma \u00faltima etapa, que \u00e9 a etapa do curso de forma\u00e7\u00e3o, as pessoas j\u00e1 ser\u00e3o convocadas para o curso&#8221;, disse a ministra.<\/p>\n<p>Os candidatos ter\u00e3o dois dias (4 e 5 de fevereiro) para confirmar o interesse em participar da primeira convoca\u00e7\u00e3o do curso de forma\u00e7\u00e3o. Isso dever\u00e1 ser feito na \u00e1rea do Candidato.<\/p>\n<p>O minist\u00e9rio lembra que, para cada cargo, poder\u00e3o ser feitas at\u00e9 tr\u00eas convoca\u00e7\u00f5es, uma vez que o edital previa a possibilidade de inscri\u00e7\u00e3o em mais de um cargo. As outras convoca\u00e7\u00f5es ser\u00e3o nos dias 11 e 18 de fevereiro. Sempre ser\u00e1 aberto prazo de dois dias para manifesta\u00e7\u00e3o de interesse em fazer o curso de forma\u00e7\u00e3o necess\u00e1rio.<\/p>\n<p>A ministra ressaltou que ao aceitar participar do curso de forma\u00e7\u00e3o em um cargo espec\u00edfico, o candidato est\u00e1 automaticamente eliminado dos cargos escolhidos abaixo na lista de prefer\u00eancia apresentada na primeira etapa do certame.<\/p>\n<p>&#8220;Quando entrar na \u00e1rea do candidato, ele ver\u00e1 uma mensagem informando que a pessoa foi chamada para o curso de forma\u00e7\u00e3o desta carreira. Ali, pergunta se quer participar ou ou n\u00e3o. Caso a pessoa diga OK, ela confirma e, posteriormente, ser\u00e1 chamada fazer a matr\u00edcula no curso de forma\u00e7\u00e3o. Isso significa que ela n\u00e3o estar\u00e1 mais na lista de classifica\u00e7\u00e3o daqueles cursos abaixo da prefer\u00eancia dela&#8221;, disse a ministra.<\/p>\n<p>Esther Dweck explicou ainda que, durante o curso de forma\u00e7\u00e3o, os candidatos v\u00e3o receber o equivalente a 50% do sal\u00e1rio-base. O objetivo do governo \u00e9 garantir que os candidatos tenham condi\u00e7\u00f5es de se manter durante o curso.<\/p>\n","protected":false},"excerpt":{"rendered":"<p>O Minist\u00e9rio da Gest\u00e3o e da Inova\u00e7\u00e3o em Servi\u00e7os P\u00fablicos (MGI) antecipou o calend\u00e1rio para o Concurso Nacional Unificado (CNU). O resultado sair\u00e1 com uma semana de anteced\u00eancia, no dia 4 de fevereiro. Nessa data, ter\u00e1 in\u00edcio o prazo para a confirma\u00e7\u00e3o de participa\u00e7\u00e3o nos cursos de forma\u00e7\u00e3o previstos para os blocos 1 a 7. [&hellip;]<\/p>\n","protected":false},"author":2,"featured_media":345661,"comment_status":"closed","ping_status":"closed","sticky":false,"template":"","format":"standard","meta":{"_acf_changed":false,"footnotes":""},"categories":[161],"tags":[],"class_list":["post-345660","post","type-post","status-publish","format-standard","has-post-thumbnail","hentry","category-quadradinho-em-foco"],"acf":[],"_links":{"self":[{"href":"https:\/\/www.notibras.com\/site\/wp-json\/wp\/v2\/posts\/345660","targetHints":{"allow":["GET"]}}],"collection":[{"href":"https:\/\/www.notibras.com\/site\/wp-json\/wp\/v2\/posts"}],"about":[{"href":"https:\/\/www.notibras.com\/site\/wp-json\/wp\/v2\/types\/post"}],"author":[{"embeddable":true,"href":"https:\/\/www.notibras.com\/site\/wp-json\/wp\/v2\/users\/2"}],"replies":[{"embeddable":true,"href":"https:\/\/www.notibras.com\/site\/wp-json\/wp\/v2\/comments?post=345660"}],"version-history":[{"count":1,"href":"https:\/\/www.notibras.com\/site\/wp-json\/wp\/v2\/posts\/345660\/revisions"}],"predecessor-version":[{"id":345662,"href":"https:\/\/www.notibras.com\/site\/wp-json\/wp\/v2\/posts\/345660\/revisions\/345662"}],"wp:featuredmedia":[{"embeddable":true,"href":"https:\/\/www.notibras.com\/site\/wp-json\/wp\/v2\/media\/345661"}],"wp:attachment":[{"href":"https:\/\/www.notibras.com\/site\/wp-json\/wp\/v2\/media?parent=345660"}],"wp:term":[{"taxonomy":"category","embeddable":true,"href":"https:\/\/www.notibras.com\/site\/wp-json\/wp\/v2\/categories?post=345660"},{"taxonomy":"post_tag","embeddable":true,"href":"https:\/\/www.notibras.com\/site\/wp-json\/wp\/v2\/tags?post=345660"}],"curies":[{"name":"wp","href":"https:\/\/api.w.org\/{rel}","templated":true}]}}