{"id":345666,"date":"2025-01-15T00:01:17","date_gmt":"2025-01-15T03:01:17","guid":{"rendered":"https:\/\/www.notibras.com\/site\/?p=345666"},"modified":"2025-01-15T08:29:14","modified_gmt":"2025-01-15T11:29:14","slug":"escola-superior-de-ciencias-da-saude-oferece-160-vagas","status":"publish","type":"post","link":"https:\/\/www.notibras.com\/site\/escola-superior-de-ciencias-da-saude-oferece-160-vagas\/","title":{"rendered":"Escola Superior de Ci\u00eancias da Sa\u00fade oferece 160 vagas"},"content":{"rendered":"<p>A Escola Superior de Ci\u00eancias da Sa\u00fade (Escs), mantida pela Funda\u00e7\u00e3o de Ensino e Pesquisa em Ci\u00eancia da Sa\u00fade (Fepecs) e integrada \u00e0 Universidade do Distrito Federal Jorge Amaury Maia Nunes (UnDF), oferece em 2025, o total de 160 vagas para os cursos de medicina e enfermagem. O ingresso acontecer\u00e1, exclusivamente, por meio do Sistema de Sele\u00e7\u00e3o Unificada (SiSu), do Minist\u00e9rio da Educa\u00e7\u00e3o (MEC), entre os dias 17 e 21 de janeiro.<\/p>\n<p>Ser\u00e3o ofertadas 80 vagas em cada um dos cursos. O candidato poder\u00e1 optar por concorrer pelo sistema universal (48 vagas por curso) ou pelo sistema de cotas (32 vagas por curso), que reserva 40% das vagas para quem cursou todas as s\u00e9ries do ensino fundamental e m\u00e9dio em escolas p\u00fablicas no DF ou em outras unidades da federa\u00e7\u00e3o, conforme Lei Distrital n\u00ba 3.361\/2004 e Decreto n\u00ba 25.394\/2004.<\/p>\n<p>O diretor da Escs, Dem\u00e9trio Gon\u00e7alves Gomes, explica que a sele\u00e7\u00e3o de novos estudantes ocorrer\u00e1 somente agora no in\u00edcio do ano, tendo em vista a matriz curricular da escola, que se apresenta de forma seriada e anual. \u201cPara concorrer \u00e0s vagas oferecidas nos cursos de gradua\u00e7\u00e3o da Escs, o candidato dever\u00e1, obrigatoriamente, ter participado do Exame Nacional do Ensino M\u00e9dio 2024 (Enem) e efetuar sua inscri\u00e7\u00e3o no processo seletivo Sisu\u201d, explica o diretor.<\/p>\n<p>Para localizar os cursos na p\u00e1gina do Sisu, os interessados devem acessar o Portal \u00danico de Acesso ao Ensino Superior e confirmar os dados de cadastro. Para procurar as vagas poder\u00e3o ser utilizados os filtros de pesquisa para munic\u00edpios, institui\u00e7\u00f5es ou lista de curso. Ao buscar pelos cursos de medicina e enfermagem da Escs, o resultado constar\u00e1 as nomenclaturas \u201cCampus Escs Asa Norte \u2013 Gradua\u00e7\u00e3o Medicina\u201d e \u201cCampus Escs Samambaia \u2013 Gradua\u00e7\u00e3o Enfermagem\u201d.<\/p>\n<p><strong>Cronograma<\/strong><br \/>\nO candidato deve ficar atento \u00e0s publica\u00e7\u00f5es e atualiza\u00e7\u00f5es divulgadas nas p\u00e1ginas do Enem, do Sisu, UnDF ou Escs. A previs\u00e3o de divulga\u00e7\u00e3o do resultado ocorrer\u00e1 no dia 26 de janeiro.<\/p>\n<p>As publica\u00e7\u00f5es das chamadas para matr\u00edcula nos cursos ser\u00e3o divulgadas no site da UnDF e da Escs. O candidato dever\u00e1 acompanhar diariamente o andamento das chamadas para o curso pretendido.<\/p>\n","protected":false},"excerpt":{"rendered":"<p>A Escola Superior de Ci\u00eancias da Sa\u00fade (Escs), mantida pela Funda\u00e7\u00e3o de Ensino e Pesquisa em Ci\u00eancia da Sa\u00fade (Fepecs) e integrada \u00e0 Universidade do Distrito Federal Jorge Amaury Maia Nunes (UnDF), oferece em 2025, o total de 160 vagas para os cursos de medicina e enfermagem. O ingresso acontecer\u00e1, exclusivamente, por meio do Sistema [&hellip;]<\/p>\n","protected":false},"author":2,"featured_media":345667,"comment_status":"closed","ping_status":"closed","sticky":false,"template":"","format":"standard","meta":{"_acf_changed":false,"footnotes":""},"categories":[161],"tags":[],"class_list":["post-345666","post","type-post","status-publish","format-standard","has-post-thumbnail","hentry","category-quadradinho-em-foco"],"acf":[],"_links":{"self":[{"href":"https:\/\/www.notibras.com\/site\/wp-json\/wp\/v2\/posts\/345666","targetHints":{"allow":["GET"]}}],"collection":[{"href":"https:\/\/www.notibras.com\/site\/wp-json\/wp\/v2\/posts"}],"about":[{"href":"https:\/\/www.notibras.com\/site\/wp-json\/wp\/v2\/types\/post"}],"author":[{"embeddable":true,"href":"https:\/\/www.notibras.com\/site\/wp-json\/wp\/v2\/users\/2"}],"replies":[{"embeddable":true,"href":"https:\/\/www.notibras.com\/site\/wp-json\/wp\/v2\/comments?post=345666"}],"version-history":[{"count":1,"href":"https:\/\/www.notibras.com\/site\/wp-json\/wp\/v2\/posts\/345666\/revisions"}],"predecessor-version":[{"id":345668,"href":"https:\/\/www.notibras.com\/site\/wp-json\/wp\/v2\/posts\/345666\/revisions\/345668"}],"wp:featuredmedia":[{"embeddable":true,"href":"https:\/\/www.notibras.com\/site\/wp-json\/wp\/v2\/media\/345667"}],"wp:attachment":[{"href":"https:\/\/www.notibras.com\/site\/wp-json\/wp\/v2\/media?parent=345666"}],"wp:term":[{"taxonomy":"category","embeddable":true,"href":"https:\/\/www.notibras.com\/site\/wp-json\/wp\/v2\/categories?post=345666"},{"taxonomy":"post_tag","embeddable":true,"href":"https:\/\/www.notibras.com\/site\/wp-json\/wp\/v2\/tags?post=345666"}],"curies":[{"name":"wp","href":"https:\/\/api.w.org\/{rel}","templated":true}]}}