{"id":345713,"date":"2025-01-16T06:18:20","date_gmt":"2025-01-16T09:18:20","guid":{"rendered":"https:\/\/www.notibras.com\/site\/?p=345713"},"modified":"2025-01-16T10:27:23","modified_gmt":"2025-01-16T13:27:23","slug":"governo-lula3-comeca-a-sucatear-para-colocar-os-correios-a-venda","status":"publish","type":"post","link":"https:\/\/www.notibras.com\/site\/governo-lula3-comeca-a-sucatear-para-colocar-os-correios-a-venda\/","title":{"rendered":"Governo Lula3 come\u00e7a a sucatear para colocar os Correios \u00e0 venda"},"content":{"rendered":"<p>Uma encomenda postada no Sedex, em Bras\u00edlia, no dia 6 de janeiro, e que foi entregue ao destinat\u00e1rio somente na ter\u00e7a-feira, dia 14, no Cabo de Santo Agostinho, a meia hora do Recife, cinco dias depois da previs\u00e3o dada pelos Correios por ocasi\u00e3o da postagem, revela o estado de degrada\u00e7\u00e3o em que se encontra a Empresa Brasileira de Correios e Tel\u00e9grafos. Nota-se um sucateamento parece fazer parte de um projeto do presidente da empresa Fabiano Santos para privatizar a ECT.<\/p>\n<p>N\u00e3o se encontra explica\u00e7\u00e3o para tamanho disparate, a n\u00e3o ser os pedidos de desculpas dos Correios por n\u00e3o zelar por suas obriga\u00e7\u00f5es, apesar dos valores elevados que cobra para o envio de uma encomenda via Sedex. No caso em quest\u00e3o, para enviar a encomenda de 500 gramas de Bras\u00edlia para o Recife, de onde seria encaminhada para o Cabo de Santo Agostinho, foi cobrada uma tarifa de R$ 83,30 valor pr\u00f3ximo cobrado por lojas de departamento para entrega de eletrodom\u00e9sticos.<\/p>\n<p>Estatal vinculada ao Minist\u00e9rio das Comunica\u00e7\u00f5es, os Correios s\u00e3o uma empresa lucrativa e que tem grandes oportunidades de crescimento com o uso da tecnologia. Servidores da estatal afirmam que ela foi extremamente prejudicada nos \u00faltimos anos pela falta de investimentos. Mas os lucros tamb\u00e9m podem vir da presta\u00e7\u00e3o de servi\u00e7os pela metade, embora cobre a tarifa cheia. No caso em pauta, por exemplo, o Sedex n\u00e3o entrega no domic\u00edlio do destinat\u00e1rio, obrigando-o a retirar sua encomenda em uma ag\u00eancia dos Correios.<\/p>\n<p>Ao rastrear sua encomenda, o destinat\u00e1rio foi informado pelo site dos Correios que ela chegaria no dia 9 de janeiro, o que o levou a fazer uma ida em v\u00e3o \u00e0 ag\u00eancia no centro do Cabo de Santo Agostinho, uma vez que n\u00e3o s\u00e3o entregues correspond\u00eancias destinadas aos bairros litor\u00e2neos do munic\u00edpio, como \u00e9 o caso de Itapuama. A encomenda n\u00e3o havia chegado, o que ocorreria no dia seguinte, mas a burocracia dos Correios a reteve por mais quatro dias, para finalmente liberar sua entrega ao destinat\u00e1rio no dia 14.<\/p>\n<p>No endere\u00e7o do destinat\u00e1rio chegam normalmente, no prazo de at\u00e9 48 horas, compras feitas em sites. Procedentes de S\u00e3o Paulo ou at\u00e9 mesmo da China, as mercadorias s\u00e3o entregues em prazos de dar inveja ao Sedex. Uma compra feita em S\u00e3o Paulo, numa sexta-feira, foi entregue ao destinat\u00e1rio ao amanhecer do domingo seguinte. H\u00e1 muitos exemplos de varejistas que entregam suas mercadorias em prazos de 24 ou 48 casos, n\u00e3o sendo raro a entrega no mesmo dia da compra, uma promessa que est\u00e1 no site do Sedex, mas que n\u00e3o passa de uma miragem.<\/p>\n<p>O ex-presidente Jair Bolsonaro chegou a incluir os Correios no programa de empresas a serem privatizadas, mas n\u00e3o teve tempo para praticar mais esse crime de lesa-p\u00e1tria. Logo que assumiu o seu terceiro governo, o presidente Lula tomou a provid\u00eancia de retirar os Correios do programa de privatiza\u00e7\u00e3o, mas parece que n\u00e3o est\u00e1 acompanhando o processo de sucateamento da empresa, que fatalmente, como ocorreu a tantas outras, acabar\u00e1 atingindo o objetivo de privatiz\u00e1-la.<\/p>\n<p>Os empregados dos Correios, que t\u00eam sido agraciados pela atual diretoria com planos de repara\u00e7\u00e3o salarial e recebimento de antigas vantagens que lhes foram retiradas, deveriam despertar para a situa\u00e7\u00e3o atual da empresa antes que seja anunciado o leil\u00e3o para a sua privatiza\u00e7\u00e3o. Se s\u00e3o poucos, poderiam cobrar da dire\u00e7\u00e3o a contrata\u00e7\u00e3o imediata dos aprovados no \u00faltimo concurso, cujo resultado, prometido para este dia 15 de janeiro, ainda n\u00e3o tem data nem hor\u00e1rio para a sua divulga\u00e7\u00e3o.<\/p>\n","protected":false},"excerpt":{"rendered":"<p>Uma encomenda postada no Sedex, em Bras\u00edlia, no dia 6 de janeiro, e que foi entregue ao destinat\u00e1rio somente na ter\u00e7a-feira, dia 14, no Cabo de Santo Agostinho, a meia hora do Recife, cinco dias depois da previs\u00e3o dada pelos Correios por ocasi\u00e3o da postagem, revela o estado de degrada\u00e7\u00e3o em que se encontra a [&hellip;]<\/p>\n","protected":false},"author":2,"featured_media":345778,"comment_status":"closed","ping_status":"closed","sticky":false,"template":"","format":"standard","meta":{"_acf_changed":false,"footnotes":""},"categories":[165],"tags":[95],"class_list":["post-345713","post","type-post","status-publish","format-standard","has-post-thumbnail","hentry","category-nordeste","tag-capa"],"acf":[],"_links":{"self":[{"href":"https:\/\/www.notibras.com\/site\/wp-json\/wp\/v2\/posts\/345713","targetHints":{"allow":["GET"]}}],"collection":[{"href":"https:\/\/www.notibras.com\/site\/wp-json\/wp\/v2\/posts"}],"about":[{"href":"https:\/\/www.notibras.com\/site\/wp-json\/wp\/v2\/types\/post"}],"author":[{"embeddable":true,"href":"https:\/\/www.notibras.com\/site\/wp-json\/wp\/v2\/users\/2"}],"replies":[{"embeddable":true,"href":"https:\/\/www.notibras.com\/site\/wp-json\/wp\/v2\/comments?post=345713"}],"version-history":[{"count":2,"href":"https:\/\/www.notibras.com\/site\/wp-json\/wp\/v2\/posts\/345713\/revisions"}],"predecessor-version":[{"id":345716,"href":"https:\/\/www.notibras.com\/site\/wp-json\/wp\/v2\/posts\/345713\/revisions\/345716"}],"wp:featuredmedia":[{"embeddable":true,"href":"https:\/\/www.notibras.com\/site\/wp-json\/wp\/v2\/media\/345778"}],"wp:attachment":[{"href":"https:\/\/www.notibras.com\/site\/wp-json\/wp\/v2\/media?parent=345713"}],"wp:term":[{"taxonomy":"category","embeddable":true,"href":"https:\/\/www.notibras.com\/site\/wp-json\/wp\/v2\/categories?post=345713"},{"taxonomy":"post_tag","embeddable":true,"href":"https:\/\/www.notibras.com\/site\/wp-json\/wp\/v2\/tags?post=345713"}],"curies":[{"name":"wp","href":"https:\/\/api.w.org\/{rel}","templated":true}]}}