{"id":345734,"date":"2025-01-16T00:17:03","date_gmt":"2025-01-16T03:17:03","guid":{"rendered":"https:\/\/www.notibras.com\/site\/?p=345734"},"modified":"2025-01-16T07:19:42","modified_gmt":"2025-01-16T10:19:42","slug":"praias-e-natureza-sao-as-atracoes-preferidas-de-turistas-brasileiros","status":"publish","type":"post","link":"https:\/\/www.notibras.com\/site\/praias-e-natureza-sao-as-atracoes-preferidas-de-turistas-brasileiros\/","title":{"rendered":"Praias e natureza s\u00e3o as atra\u00e7\u00f5es preferidas de turistas brasileiros"},"content":{"rendered":"<p>Um estudo do Minist\u00e9rio do Turismo e da Nexus Pesquisa e Intelig\u00eancia de Dados mostra que a atra\u00e7\u00e3o tur\u00edstica preferida do brasileiro \u00e9 a praia, primeira op\u00e7\u00e3o para viagens de 35% da popula\u00e7\u00e3o. Natureza e ecoturismo aparecem em segundo lugar, com 16% e, em seguida, atra\u00e7\u00f5es culturais ou hist\u00f3ricas, com 7%, e atividades que envolvem sa\u00fade e bem-estar, tamb\u00e9m com 7%.<\/p>\n<p>O levantamento Tend\u00eancias de Turismo Ver\u00e3o 2025, divulgado nesta quarta-feira (15), ouviu 5.542 pessoas, no pa\u00eds todo, de 14 a 28 de outubro de 2024. A pesquisa foi realizada a pedido da Secretaria de Comunica\u00e7\u00e3o da Presid\u00eancia da Rep\u00fablica.<\/p>\n<p>Os resultados mostram que belezas naturais, pre\u00e7o baixo e a possibilidade de reencontrar parentes e amigos s\u00e3o os principais fatores na hora de decidir o destino. Os atrativos naturais est\u00e3o em primeiro lugar para 23% dos entrevistados, seguido pelos custos baixos, com 16%, e a possibilidade de reencontro com familiares e amigos, com 12%.<\/p>\n<p>Quanto \u00e0s fontes de informa\u00e7\u00e3o na hora de escolher o destino, quase metade (47%) dos entrevistados disse recorrer \u00e0s redes sociais, como Instagram, Facebook, TikTok e X. Em segundo lugar, vem a opini\u00e3o de amigos e familiares (37%), seguida por sites e blogs de turismo (22%). Ag\u00eancias de viagens e operadores tur\u00edsticos foram citados por 18% e canais online de v\u00eddeos, por 17%.<\/p>\n<p>Segundo a pesquisa, a maioria (61%) dos brasileiros faz, pelo menos, uma viagem de lazer por ano, sendo que 33% desse grupo viajam apenas uma vez; 22%, de duas a tr\u00eas vezes; e 6%, quatro vezes ou mais. O levantamento mostrou ainda que 63% dos entrevistados escolheriam um destino nacional caso ganhassem um pr\u00eamio para fazer uma viagem.<\/p>\n<p>\u201cA pesquisa demonstra a for\u00e7a do turismo brasileiro. Ainda que viagens internacionais sejam em geral mais caras, se ganhasse uma viagem com custos pagos, o brasileiro optaria por um destino nacional. A grande diversidade de belezas naturais, assim como nosso patrim\u00f4nio hist\u00f3rico evidencia nosso potencial como destino tur\u00edstico e a import\u00e2ncia da preserva\u00e7\u00e3o\u201d, destacou o ministro do Turismo, Celso Sabino.<\/p>\n","protected":false},"excerpt":{"rendered":"<p>Um estudo do Minist\u00e9rio do Turismo e da Nexus Pesquisa e Intelig\u00eancia de Dados mostra que a atra\u00e7\u00e3o tur\u00edstica preferida do brasileiro \u00e9 a praia, primeira op\u00e7\u00e3o para viagens de 35% da popula\u00e7\u00e3o. Natureza e ecoturismo aparecem em segundo lugar, com 16% e, em seguida, atra\u00e7\u00f5es culturais ou hist\u00f3ricas, com 7%, e atividades que envolvem [&hellip;]<\/p>\n","protected":false},"author":2,"featured_media":345735,"comment_status":"closed","ping_status":"closed","sticky":false,"template":"","format":"standard","meta":{"_acf_changed":false,"footnotes":""},"categories":[165],"tags":[],"class_list":["post-345734","post","type-post","status-publish","format-standard","has-post-thumbnail","hentry","category-nordeste"],"acf":[],"_links":{"self":[{"href":"https:\/\/www.notibras.com\/site\/wp-json\/wp\/v2\/posts\/345734","targetHints":{"allow":["GET"]}}],"collection":[{"href":"https:\/\/www.notibras.com\/site\/wp-json\/wp\/v2\/posts"}],"about":[{"href":"https:\/\/www.notibras.com\/site\/wp-json\/wp\/v2\/types\/post"}],"author":[{"embeddable":true,"href":"https:\/\/www.notibras.com\/site\/wp-json\/wp\/v2\/users\/2"}],"replies":[{"embeddable":true,"href":"https:\/\/www.notibras.com\/site\/wp-json\/wp\/v2\/comments?post=345734"}],"version-history":[{"count":1,"href":"https:\/\/www.notibras.com\/site\/wp-json\/wp\/v2\/posts\/345734\/revisions"}],"predecessor-version":[{"id":345736,"href":"https:\/\/www.notibras.com\/site\/wp-json\/wp\/v2\/posts\/345734\/revisions\/345736"}],"wp:featuredmedia":[{"embeddable":true,"href":"https:\/\/www.notibras.com\/site\/wp-json\/wp\/v2\/media\/345735"}],"wp:attachment":[{"href":"https:\/\/www.notibras.com\/site\/wp-json\/wp\/v2\/media?parent=345734"}],"wp:term":[{"taxonomy":"category","embeddable":true,"href":"https:\/\/www.notibras.com\/site\/wp-json\/wp\/v2\/categories?post=345734"},{"taxonomy":"post_tag","embeddable":true,"href":"https:\/\/www.notibras.com\/site\/wp-json\/wp\/v2\/tags?post=345734"}],"curies":[{"name":"wp","href":"https:\/\/api.w.org\/{rel}","templated":true}]}}