{"id":345737,"date":"2025-01-16T00:03:02","date_gmt":"2025-01-16T03:03:02","guid":{"rendered":"https:\/\/www.notibras.com\/site\/?p=345737"},"modified":"2025-01-16T07:25:40","modified_gmt":"2025-01-16T10:25:40","slug":"festival-de-cinema-exibe-filmes-brasileiros-independentes","status":"publish","type":"post","link":"https:\/\/www.notibras.com\/site\/festival-de-cinema-exibe-filmes-brasileiros-independentes\/","title":{"rendered":"Festival de cinema exibe filmes brasileiros independentes"},"content":{"rendered":"<p>&nbsp;<\/p>\n<p>A Sala Walter da Silveira, em Salvador, foi palco na quarta-feira (15) da primeira edi\u00e7\u00e3o do Festival Os Filmes que eu N\u00e3o Vi, que apresenta produ\u00e7\u00f5es brasileiras independentes. Durante os cinco dias de programa\u00e7\u00e3o, ser\u00e3o exibidas 17 produ\u00e7\u00f5es de diversas partes do pa\u00eds que ainda n\u00e3o tinham chegado a uma janela de exibi\u00e7\u00e3o na TV, no cinema ou em plataformas de v\u00eddeo por demanda.<\/p>\n<p>Idealizado por Sol Moraes, o evento pretende dar visibilidade a filmes brasileiros que enfrentam desafios na distribui\u00e7\u00e3o e que permaneciam desconhecidos do grande p\u00fablico. Al\u00e9m de assistir aos filmes, o p\u00fablico poder\u00e1 participar de mesas de debate que v\u00e3o abordar temas como produ\u00e7\u00e3o, distribui\u00e7\u00e3o e exibi\u00e7\u00e3o cinematogr\u00e1fica no Brasil.<\/p>\n<p>O festival \u00e9 parte do projeto Os Filmes Que Eu N\u00e3o Vi, financiado pela Lei Paulo Gustavo, e representa um esfor\u00e7o coletivo para ampliar o acesso ao cinema brasileiro independente.<\/p>\n<p>Como parte das iniciativas desse projeto, dois importantes espa\u00e7os de exibi\u00e7\u00e3o da capital baiana foram revitalizados: as salas Walter da Silveira e Alexandre Robatto. Segundo os organizadores do evento, as melhorias incluem a aquisi\u00e7\u00e3o de novos equipamentos de proje\u00e7\u00e3o e som, instala\u00e7\u00e3o de piso t\u00e1til, garantindo acessibilidade, e moderniza\u00e7\u00e3o para melhor atender ao p\u00fablico.<\/p>\n<p>A Sala Walter da Silveira ser\u00e1 agora um polo cultural que abrigar\u00e1 n\u00e3o apenas exibi\u00e7\u00f5es, mas tamb\u00e9m cursos, semin\u00e1rios e palestras. J\u00e1 a Sala Alexandre Robatto, prevista para ser reinaugurada em fevereiro, ser\u00e1 sede do cineclube Cine GeraSol, com exibi\u00e7\u00f5es mensais seguidas de debates.<\/p>\n","protected":false},"excerpt":{"rendered":"<p>&nbsp; A Sala Walter da Silveira, em Salvador, foi palco na quarta-feira (15) da primeira edi\u00e7\u00e3o do Festival Os Filmes que eu N\u00e3o Vi, que apresenta produ\u00e7\u00f5es brasileiras independentes. Durante os cinco dias de programa\u00e7\u00e3o, ser\u00e3o exibidas 17 produ\u00e7\u00f5es de diversas partes do pa\u00eds que ainda n\u00e3o tinham chegado a uma janela de exibi\u00e7\u00e3o na [&hellip;]<\/p>\n","protected":false},"author":2,"featured_media":345738,"comment_status":"closed","ping_status":"closed","sticky":false,"template":"","format":"standard","meta":{"_acf_changed":false,"footnotes":""},"categories":[165],"tags":[],"class_list":["post-345737","post","type-post","status-publish","format-standard","has-post-thumbnail","hentry","category-nordeste"],"acf":[],"_links":{"self":[{"href":"https:\/\/www.notibras.com\/site\/wp-json\/wp\/v2\/posts\/345737","targetHints":{"allow":["GET"]}}],"collection":[{"href":"https:\/\/www.notibras.com\/site\/wp-json\/wp\/v2\/posts"}],"about":[{"href":"https:\/\/www.notibras.com\/site\/wp-json\/wp\/v2\/types\/post"}],"author":[{"embeddable":true,"href":"https:\/\/www.notibras.com\/site\/wp-json\/wp\/v2\/users\/2"}],"replies":[{"embeddable":true,"href":"https:\/\/www.notibras.com\/site\/wp-json\/wp\/v2\/comments?post=345737"}],"version-history":[{"count":1,"href":"https:\/\/www.notibras.com\/site\/wp-json\/wp\/v2\/posts\/345737\/revisions"}],"predecessor-version":[{"id":345739,"href":"https:\/\/www.notibras.com\/site\/wp-json\/wp\/v2\/posts\/345737\/revisions\/345739"}],"wp:featuredmedia":[{"embeddable":true,"href":"https:\/\/www.notibras.com\/site\/wp-json\/wp\/v2\/media\/345738"}],"wp:attachment":[{"href":"https:\/\/www.notibras.com\/site\/wp-json\/wp\/v2\/media?parent=345737"}],"wp:term":[{"taxonomy":"category","embeddable":true,"href":"https:\/\/www.notibras.com\/site\/wp-json\/wp\/v2\/categories?post=345737"},{"taxonomy":"post_tag","embeddable":true,"href":"https:\/\/www.notibras.com\/site\/wp-json\/wp\/v2\/tags?post=345737"}],"curies":[{"name":"wp","href":"https:\/\/api.w.org\/{rel}","templated":true}]}}