{"id":345740,"date":"2025-01-16T00:00:37","date_gmt":"2025-01-16T03:00:37","guid":{"rendered":"https:\/\/www.notibras.com\/site\/?p=345740"},"modified":"2025-01-16T07:31:35","modified_gmt":"2025-01-16T10:31:35","slug":"primeira-poupanca-do-pe-de-meia-do-ensino-medio-sai-em-fevereiro","status":"publish","type":"post","link":"https:\/\/www.notibras.com\/site\/primeira-poupanca-do-pe-de-meia-do-ensino-medio-sai-em-fevereiro\/","title":{"rendered":"Primeira poupan\u00e7a do P\u00e9-de-Meia do ensino m\u00e9dio sai em fevereiro"},"content":{"rendered":"<p>O ministro da Educa\u00e7\u00e3o, Camilo Santana, disse, nesta quarta-feira (15), em Bras\u00edlia, que o pagamento da primeira poupan\u00e7a prevista no programa P\u00e9-de-Meia para alunos que conclu\u00edram o ensino m\u00e9dio &#8211; no valor de R$ 1 mil &#8211; ser\u00e1 feito em fevereiro pr\u00f3ximo.<\/p>\n<p>\u201cO presidente vai autorizar a gente a pagar a todos os alunos que conclu\u00edram o primeiro ano do P\u00e9-de-Meia uma poupan\u00e7a de R$ 1 mil. E quem fez o Enem [Exame Nacional do Ensino M\u00e9dio] vai receber uma parcela extra de R$ 200 agora em fevereiro\u201d, informou.<\/p>\n<p>Camilo Santana lembrou que os incentivos financeiros figuram como \u201cpol\u00edticas importantes para manter o aluno em sala de aula\u201d.<\/p>\n<p><strong>Como \u00e9 o programa<\/strong><br \/>\nLan\u00e7ado em novembro de 2023, o P\u00e9-de-Meia \u00e9 um programa de incentivo financeiro-educacional voltado a estudantes matriculados no ensino m\u00e9dio p\u00fablico benefici\u00e1rios do Cadastro \u00danico para Programas Sociais do Governo Federal (Cad\u00danico).<\/p>\n<p>Ao comprovar matr\u00edcula e frequ\u00eancia, o estudante recebe o pagamento de incentivo mensal, no valor de R$ 200, dinheiro que pode ser sacado a qualquer momento.<\/p>\n<p>No caso da educa\u00e7\u00e3o de jovens e adultos, ao comprovar matr\u00edcula, o estudante recebe um incentivo de R$ 200, al\u00e9m de incentivo mensal de R$ 225 pela frequ\u00eancia, ambos dispon\u00edveis para saque.<\/p>\n<p>O benefici\u00e1rio do P\u00e9-de-Meia ainda recebe R$ 1 mil ao final de cada ano conclu\u00eddo. O dinheiro s\u00f3 pode ser retirado da poupan\u00e7a ap\u00f3s a formatura no ensino m\u00e9dio.<\/p>\n<p>Considerando as parcelas de incentivo, os dep\u00f3sitos anuais e o adicional de R$ 200 pela participa\u00e7\u00e3o no Exame Nacional do Ensino M\u00e9dio (Enem), os valores chegam a R$ 9,2 mil por aluno.<\/p>\n","protected":false},"excerpt":{"rendered":"<p>O ministro da Educa\u00e7\u00e3o, Camilo Santana, disse, nesta quarta-feira (15), em Bras\u00edlia, que o pagamento da primeira poupan\u00e7a prevista no programa P\u00e9-de-Meia para alunos que conclu\u00edram o ensino m\u00e9dio &#8211; no valor de R$ 1 mil &#8211; ser\u00e1 feito em fevereiro pr\u00f3ximo. \u201cO presidente vai autorizar a gente a pagar a todos os alunos que [&hellip;]<\/p>\n","protected":false},"author":2,"featured_media":345741,"comment_status":"closed","ping_status":"closed","sticky":false,"template":"","format":"standard","meta":{"_acf_changed":false,"footnotes":""},"categories":[165],"tags":[],"class_list":["post-345740","post","type-post","status-publish","format-standard","has-post-thumbnail","hentry","category-nordeste"],"acf":[],"_links":{"self":[{"href":"https:\/\/www.notibras.com\/site\/wp-json\/wp\/v2\/posts\/345740","targetHints":{"allow":["GET"]}}],"collection":[{"href":"https:\/\/www.notibras.com\/site\/wp-json\/wp\/v2\/posts"}],"about":[{"href":"https:\/\/www.notibras.com\/site\/wp-json\/wp\/v2\/types\/post"}],"author":[{"embeddable":true,"href":"https:\/\/www.notibras.com\/site\/wp-json\/wp\/v2\/users\/2"}],"replies":[{"embeddable":true,"href":"https:\/\/www.notibras.com\/site\/wp-json\/wp\/v2\/comments?post=345740"}],"version-history":[{"count":1,"href":"https:\/\/www.notibras.com\/site\/wp-json\/wp\/v2\/posts\/345740\/revisions"}],"predecessor-version":[{"id":345742,"href":"https:\/\/www.notibras.com\/site\/wp-json\/wp\/v2\/posts\/345740\/revisions\/345742"}],"wp:featuredmedia":[{"embeddable":true,"href":"https:\/\/www.notibras.com\/site\/wp-json\/wp\/v2\/media\/345741"}],"wp:attachment":[{"href":"https:\/\/www.notibras.com\/site\/wp-json\/wp\/v2\/media?parent=345740"}],"wp:term":[{"taxonomy":"category","embeddable":true,"href":"https:\/\/www.notibras.com\/site\/wp-json\/wp\/v2\/categories?post=345740"},{"taxonomy":"post_tag","embeddable":true,"href":"https:\/\/www.notibras.com\/site\/wp-json\/wp\/v2\/tags?post=345740"}],"curies":[{"name":"wp","href":"https:\/\/api.w.org\/{rel}","templated":true}]}}