{"id":345750,"date":"2025-01-16T00:00:58","date_gmt":"2025-01-16T03:00:58","guid":{"rendered":"https:\/\/www.notibras.com\/site\/?p=345750"},"modified":"2025-01-16T08:05:41","modified_gmt":"2025-01-16T11:05:41","slug":"conselhos-comunitarios-reforcam-as-acoes-de-combate-a-dengue","status":"publish","type":"post","link":"https:\/\/www.notibras.com\/site\/conselhos-comunitarios-reforcam-as-acoes-de-combate-a-dengue\/","title":{"rendered":"Conselhos comunit\u00e1rios refor\u00e7am as a\u00e7\u00f5es de combate \u00e0 dengue"},"content":{"rendered":"<p>A Secretaria DF Legal reuniu nesta quarta-feira (15) presidentes dos conselhos comunit\u00e1rios de seguran\u00e7a p\u00fablica do Distrito Federal (Consegs) de diferentes regi\u00f5es administrativas (RAs) com o objetivo de alinhar o trabalho de combate \u00e0 dengue. O evento foi coordenado pelo secret\u00e1rio-executivo de Rela\u00e7\u00f5es Institucionais da pasta, Jo\u00e3o Maciel Claro.<\/p>\n<p>Os representantes aproveitaram a presen\u00e7a do presidente do Bras\u00edlia Ambiental, R\u00f4ney Nemer, do chefe dos Consegs, Coronel Almeida, e do coordenador geral dos Consegs da Secretaria de Seguran\u00e7a P\u00fablica (SSP-DF), Maur\u00edcio Figueiredo, para apresentar demandas e tamb\u00e9m se comprometeram a ajudar na conscientiza\u00e7\u00e3o da popula\u00e7\u00e3o quanto ao descarte irregular de res\u00edduos e \u00e1gua parada.<\/p>\n<p>Para Jo\u00e3o Maciel, a parceria com os Consegs \u00e9 condi\u00e7\u00e3o fundamental para que o DF tenha \u00eaxito no controle da doen\u00e7a. \u201cOs presidentes est\u00e3o muito mais perto da sociedade do que n\u00f3s. Eles acabam servindo de ponte entre a administra\u00e7\u00e3o p\u00fablica e as comunidades que representam, levando campanhas educativas at\u00e9 elas\u201d, afirmou.<\/p>\n<p>Rose Antonelli, do Conseg do Noroeste, lembrou que uma das coisas que mais incomodam os moradores do bairro s\u00e3o as lixeiras abertas. Elas representam um risco iminente, principalmente no per\u00edodo de chuvas. \u201cOutra preocupa\u00e7\u00e3o \u00e9 com os catadores que, muitas vezes, deixam as lixeiras abertas e acumulam esses materiais em \u00e1rea p\u00fablica deixando l\u00e1 por v\u00e1rios dias, facilitando a prolifera\u00e7\u00e3o do mosquito da dengue\u201d, disse.<\/p>\n<p>J\u00e1 Levino Silva Neto, do Conseg do Jardim Bot\u00e2nico, refor\u00e7ou que os propriet\u00e1rios de lotes vazios e com mato alto t\u00eam a obriga\u00e7\u00e3o de mant\u00ea-los limpos e conservados. \u201c\u00c9 importante evitar poss\u00edveis criadouros, locais com \u00e1gua acumulada, para evitar que eles nas\u00e7am\u201d.<\/p>\n","protected":false},"excerpt":{"rendered":"<p>A Secretaria DF Legal reuniu nesta quarta-feira (15) presidentes dos conselhos comunit\u00e1rios de seguran\u00e7a p\u00fablica do Distrito Federal (Consegs) de diferentes regi\u00f5es administrativas (RAs) com o objetivo de alinhar o trabalho de combate \u00e0 dengue. O evento foi coordenado pelo secret\u00e1rio-executivo de Rela\u00e7\u00f5es Institucionais da pasta, Jo\u00e3o Maciel Claro. Os representantes aproveitaram a presen\u00e7a do [&hellip;]<\/p>\n","protected":false},"author":2,"featured_media":345751,"comment_status":"closed","ping_status":"closed","sticky":false,"template":"","format":"standard","meta":{"_acf_changed":false,"footnotes":""},"categories":[161],"tags":[],"class_list":["post-345750","post","type-post","status-publish","format-standard","has-post-thumbnail","hentry","category-quadradinho-em-foco"],"acf":[],"_links":{"self":[{"href":"https:\/\/www.notibras.com\/site\/wp-json\/wp\/v2\/posts\/345750","targetHints":{"allow":["GET"]}}],"collection":[{"href":"https:\/\/www.notibras.com\/site\/wp-json\/wp\/v2\/posts"}],"about":[{"href":"https:\/\/www.notibras.com\/site\/wp-json\/wp\/v2\/types\/post"}],"author":[{"embeddable":true,"href":"https:\/\/www.notibras.com\/site\/wp-json\/wp\/v2\/users\/2"}],"replies":[{"embeddable":true,"href":"https:\/\/www.notibras.com\/site\/wp-json\/wp\/v2\/comments?post=345750"}],"version-history":[{"count":1,"href":"https:\/\/www.notibras.com\/site\/wp-json\/wp\/v2\/posts\/345750\/revisions"}],"predecessor-version":[{"id":345752,"href":"https:\/\/www.notibras.com\/site\/wp-json\/wp\/v2\/posts\/345750\/revisions\/345752"}],"wp:featuredmedia":[{"embeddable":true,"href":"https:\/\/www.notibras.com\/site\/wp-json\/wp\/v2\/media\/345751"}],"wp:attachment":[{"href":"https:\/\/www.notibras.com\/site\/wp-json\/wp\/v2\/media?parent=345750"}],"wp:term":[{"taxonomy":"category","embeddable":true,"href":"https:\/\/www.notibras.com\/site\/wp-json\/wp\/v2\/categories?post=345750"},{"taxonomy":"post_tag","embeddable":true,"href":"https:\/\/www.notibras.com\/site\/wp-json\/wp\/v2\/tags?post=345750"}],"curies":[{"name":"wp","href":"https:\/\/api.w.org\/{rel}","templated":true}]}}