{"id":345756,"date":"2025-01-16T00:00:22","date_gmt":"2025-01-16T03:00:22","guid":{"rendered":"https:\/\/www.notibras.com\/site\/?p=345756"},"modified":"2025-01-16T08:20:36","modified_gmt":"2025-01-16T11:20:36","slug":"buriti-corre-para-atender-familias-atingidas-pelas-chuvas","status":"publish","type":"post","link":"https:\/\/www.notibras.com\/site\/buriti-corre-para-atender-familias-atingidas-pelas-chuvas\/","title":{"rendered":"Buriti corre para atender fam\u00edlias atingidas pelas chuvas"},"content":{"rendered":"<p>O Governo do Distrito Federal tem atuado com prontid\u00e3o para minimizar os preju\u00edzos e impactos causados pela chuva em uma \u00e1rea de ocupa\u00e7\u00e3o irregular em Planaltina. Nesta quarta-feira (15), a reportagem visitou o Condom\u00ednio Sarandi, na regi\u00e3o da Est\u00e2ncia Mestre d\u2019Armas, e acompanhou o trabalho da Defesa Civil, da Secretaria de Desenvolvimento Social (Sedes-DF), da administra\u00e7\u00e3o regional local e do Corpo de Bombeiros (CBMDF) junto aos moradores. A vice-governadora Celina Le\u00e3o tamb\u00e9m esteve no condom\u00ednio pela manh\u00e3 e conversou com a popula\u00e7\u00e3o.<\/p>\n<p>\u201cN\u00f3s estamos dando todo o apoio necess\u00e1rio para as fam\u00edlias nesse momento delicado. Todos est\u00e3o sendo amparados e estamos tomando todas as provid\u00eancias necess\u00e1rias para n\u00e3o apenas amenizar os problemas causados pelas fortes chuvas dos \u00faltimos dias, mas para prevenir e evitar que os moradores passem por isso novamente\u201d, afirmou a vice-governadora.<\/p>\n<p>O administrador de Planaltina, Wesley Fonseca, explicou que \u201cas fam\u00edlias que moram no Condom\u00ednio Sarandi est\u00e3o instaladas \u00e0s margens do rio S\u00e3o Bartolomeu e est\u00e3o em processo de regulariza\u00e7\u00e3o\u201d. \u201cFizemos o cadastro de todos os afetados, que j\u00e1 est\u00e3o sendo assistidos pelo GDF. Al\u00e9m disso, criamos um gabinete de crise para centralizar todas as a\u00e7\u00f5es do governo, tra\u00e7ar um planejamento para futuras ocorr\u00eancias relacionadas \u00e0s condi\u00e7\u00f5es clim\u00e1ticas e para definir o que podemos fazer daqui em diante para minimizar o impacto a essas fam\u00edlias.\u201d<\/p>\n<p>As equipes atuaram em diversas frentes. Os bombeiros trabalharam para escoar a \u00e1gua das ruas e das casas, enquanto a Defesa Civil fez a avalia\u00e7\u00e3o das resid\u00eancias. J\u00e1 a Sedes-DF e a administra\u00e7\u00e3o regional concentraram o apoio \u00e0s fam\u00edlias afetadas. Nesta quinta-feira (16), as equipes retornam ao local para mais atendimentos e para a entrega de cestas b\u00e1sicas aos moradores.<\/p>\n<p><strong>Sob controle<\/strong><br \/>\n\u201cA situa\u00e7\u00e3o j\u00e1 est\u00e1 totalmente controlada\u201d, garantiu o coordenador ambiental do CBMDF, capit\u00e3o Andr\u00e9 Gon\u00e7alves. \u201cUma das principais atua\u00e7\u00f5es do CBMDF no local foi com o uso de bombas de suc\u00e7\u00e3o, que pegavam a \u00e1gua da rua e devolviam para uma regi\u00e3o pr\u00f3xima. Utilizamos as mangueiras tentando tirar o m\u00e1ximo de \u00e1gua das casas. Enquanto isso, outra equipe trabalhava na retirada de pessoas das resid\u00eancias, porque corria risco de desabamento. Tamb\u00e9m trabalhamos na limpeza e desobstru\u00e7\u00e3o de bocas de lobo.\u201d<\/p>\n<p>Pela Defesa Civil, o capit\u00e3o Pedro Paulo Carvalho esclareceu: \u201cA regi\u00e3o \u00e9 considerada uma \u00e1rea de preserva\u00e7\u00e3o permanente, onde h\u00e1 muitas nascentes por perto, com dois cursos d\u2019\u00e1gua importantes na \u00e1rea. Ent\u00e3o, durante a chuva intensa, o leito do c\u00f3rrego n\u00e3o consegue dar vaz\u00e3o e acaba transbordando. Agora, o trabalho \u00e9 permanente aqui neste ponto, em constante observa\u00e7\u00e3o, acompanhando as a\u00e7\u00f5es e monitorando em ocorr\u00eancias chuvosas\u201d.<\/p>\n<p>O levantamento feito pelo GDF aponta que 45 fam\u00edlias foram atingidas. Dessas, 30 aceitaram o atendimento da Sedes, que ainda distribuiu 60 colch\u00f5es aos moradores. O governo tamb\u00e9m ofertou um abrigo tempor\u00e1rio, instalado no Centro de Educa\u00e7\u00e3o Profissional de Planaltina, no Setor Hospitalar, que segue dispon\u00edvel.<\/p>\n<p><strong>Atua\u00e7\u00e3o conjunta<\/strong><br \/>\n\u201cA Sedes lamenta os danos que as enchentes causaram nessa fam\u00edlias\u201d, manifestou-se a secret\u00e1ria de Desenvolvimento Social, Ana Paula Marra. \u201cProntamente, atendemos ao chamado da Defesa Civil, e nossa unidade de prote\u00e7\u00e3o social 24h esteve no local acompanhando as fam\u00edlias e prestando o aux\u00edlio necess\u00e1rio para reduzir os impactos nas vidas dessas pessoas.\u201d<\/p>\n<p>O CBMDF atendeu uma ocorr\u00eancia na ter\u00e7a-feira (14), \u00e0s 5h26. As equipes prestaram apoio \u00e0s fam\u00edlias e fizeram as evacua\u00e7\u00f5es necess\u00e1rias. Atuaram no local dez viaturas.<\/p>\n<p>\u201cEstamos em alerta para acompanhar os poss\u00edveis transtornos causados pela intensidade das chuvas, e, quando fomos acionados, uma equipe da Secretaria de Governo j\u00e1 foi deslocada para acompanhar a situa\u00e7\u00e3o nas duas \u00e1reas que foram mais atingidas em Planaltina\u201d, refor\u00e7ou o secret\u00e1rio de Governo em exerc\u00edcio, Helton Costa.<\/p>\n<p>\u201cNa Nova Petr\u00f3polis, demos in\u00edcio ao trabalho de recupera\u00e7\u00e3o das vias n\u00e3o pavimentadas\u201d, prosseguiu o gestor.\u201c No N\u00facleo Rural Sarandi, a situa\u00e7\u00e3o demandou envolvimento de outros \u00f3rg\u00e3os do GDF e j\u00e1 est\u00e1 controlada. Seguimos com o trabalho integrado nas duas regi\u00f5es para solucionar os problemas decorrentes da chuva que teve volume muito acima da m\u00e9dia.\u201d<\/p>\n","protected":false},"excerpt":{"rendered":"<p>O Governo do Distrito Federal tem atuado com prontid\u00e3o para minimizar os preju\u00edzos e impactos causados pela chuva em uma \u00e1rea de ocupa\u00e7\u00e3o irregular em Planaltina. Nesta quarta-feira (15), a reportagem visitou o Condom\u00ednio Sarandi, na regi\u00e3o da Est\u00e2ncia Mestre d\u2019Armas, e acompanhou o trabalho da Defesa Civil, da Secretaria de Desenvolvimento Social (Sedes-DF), da [&hellip;]<\/p>\n","protected":false},"author":2,"featured_media":345757,"comment_status":"closed","ping_status":"closed","sticky":false,"template":"","format":"standard","meta":{"_acf_changed":false,"footnotes":""},"categories":[161],"tags":[],"class_list":["post-345756","post","type-post","status-publish","format-standard","has-post-thumbnail","hentry","category-quadradinho-em-foco"],"acf":[],"_links":{"self":[{"href":"https:\/\/www.notibras.com\/site\/wp-json\/wp\/v2\/posts\/345756","targetHints":{"allow":["GET"]}}],"collection":[{"href":"https:\/\/www.notibras.com\/site\/wp-json\/wp\/v2\/posts"}],"about":[{"href":"https:\/\/www.notibras.com\/site\/wp-json\/wp\/v2\/types\/post"}],"author":[{"embeddable":true,"href":"https:\/\/www.notibras.com\/site\/wp-json\/wp\/v2\/users\/2"}],"replies":[{"embeddable":true,"href":"https:\/\/www.notibras.com\/site\/wp-json\/wp\/v2\/comments?post=345756"}],"version-history":[{"count":1,"href":"https:\/\/www.notibras.com\/site\/wp-json\/wp\/v2\/posts\/345756\/revisions"}],"predecessor-version":[{"id":345758,"href":"https:\/\/www.notibras.com\/site\/wp-json\/wp\/v2\/posts\/345756\/revisions\/345758"}],"wp:featuredmedia":[{"embeddable":true,"href":"https:\/\/www.notibras.com\/site\/wp-json\/wp\/v2\/media\/345757"}],"wp:attachment":[{"href":"https:\/\/www.notibras.com\/site\/wp-json\/wp\/v2\/media?parent=345756"}],"wp:term":[{"taxonomy":"category","embeddable":true,"href":"https:\/\/www.notibras.com\/site\/wp-json\/wp\/v2\/categories?post=345756"},{"taxonomy":"post_tag","embeddable":true,"href":"https:\/\/www.notibras.com\/site\/wp-json\/wp\/v2\/tags?post=345756"}],"curies":[{"name":"wp","href":"https:\/\/api.w.org\/{rel}","templated":true}]}}