{"id":34581,"date":"2015-01-21T00:02:51","date_gmt":"2015-01-21T03:02:51","guid":{"rendered":"http:\/\/www.notibras.com\/site\/?p=34581"},"modified":"2015-01-21T00:02:51","modified_gmt":"2015-01-21T03:02:51","slug":"pena-de-morte-coloca-indonesia-na-contra-mao-da-historia","status":"publish","type":"post","link":"https:\/\/www.notibras.com\/site\/pena-de-morte-coloca-indonesia-na-contra-mao-da-historia\/","title":{"rendered":"Pena de morte coloca Indon\u00e9sia na contra m\u00e3o da hist\u00f3ria"},"content":{"rendered":"<p>Marco Archer se tornar\u00e1 o primeiro brasileiro a ser executado por um governo estrangeiro. Ele foi condenado ao pelot\u00e3o de fuzilamento na Indon\u00e9sia e seus apelos jur\u00eddicos foram negados. A Anistia Internacional repudia a pena de morte em qualquer circunst\u00e2ncia e lan\u00e7ou uma mobiliza\u00e7\u00e3o para que a senten\u00e7a n\u00e3o seja aplicada, e para que o Estado indon\u00e9sio apresente uma forma alternativa de puni\u00e7\u00e3o, que n\u00e3o passe por esse assassinato a sangue frio, conduzido por agentes p\u00fablicos.<\/p>\n<p>\u00c9 uma forma de castigo cruel, desumana e degradante, uma viola\u00e7\u00e3o do direito \u00e0 vida. Sua aplica\u00e7\u00e3o recai de modo desproporcional sobre os grupos mais vulner\u00e1veis em cada sociedade: pobres e minorias \u00e9tnicas\/religiosas.<\/p>\n<p>Marco teve sua execu\u00e7\u00e3o agendada para este fim de semana, junto com outras cinco pessoas, da pr\u00f3pria Indon\u00e9sia e da Holanda, Nig\u00e9ria e Vietn\u00e3. Todos foram condenados por tr\u00e1fico de drogas. Os fuzilamentos fazem parte de uma pol\u00edtica do novo presidente do pa\u00eds de aumentar a aplica\u00e7\u00e3o da pena de morte, usando as vidas dos prisioneiros como um instrumento de propaganda.<\/p>\n<p>A Indon\u00e9sia est\u00e1 na contram\u00e3o da hist\u00f3ria. Cerca de 140 pa\u00edses n\u00e3o t\u00eam mais a pena de morte ou n\u00e3o a aplicam na pr\u00e1tica. H\u00e1 quatro tratados internacionais (ONU, Organiza\u00e7\u00e3o dos Estados Americanos e dois da Uni\u00e3o Europeia) que estipulam sua aboli\u00e7\u00e3o total ou parcial, e resolu\u00e7\u00f5es da Assembleia Geral das Na\u00e7\u00f5es Unidas recomendando a morat\u00f3ria em seu uso.<\/p>\n<p>H\u00e1 poucos pa\u00edses que resistem a isso, como China, Ar\u00e1bia Saudita, Ir\u00e3 e Iraque. Estados Unidos e Jap\u00e3o s\u00e3o as \u00fanicas na\u00e7\u00f5es ricas que ainda a utilizam, embora diversos Estados americanos tenham abolido essa forma de puni\u00e7\u00e3o.<\/p>\n<blockquote><p>O Brasil aboliu a pena de morte para crimes comuns na primeira Constitui\u00e7\u00e3o republicana, em 1891. Manteve-a apenas em tempo de guerra. Na pr\u00e1tica, n\u00e3o a aplicava desde o fim do imp\u00e9rio, ap\u00f3s Pedro II ter ficado chocado com um caso de erro judici\u00e1rio no qual um inocente foi executado por assassinato. A ditadura militar a restabeleceu, mas n\u00e3o a usou oficialmente. Os opositores que assassinou foram mortos em execu\u00e7\u00f5es extrajudiciais, sem passar por processos jur\u00eddicos.<\/p><\/blockquote>\n<p>O medo diante do crime \u00e0s vezes leva as pessoas a apoiarem a pena de morte como uma suposta solu\u00e7\u00e3o m\u00e1gica que as deixaria seguras. Isso \u00e9 uma ilus\u00e3o. O caminho rumo a pol\u00edticas eficazes de seguran\u00e7a \u00e9 longo e dif\u00edcil e passa por medidas como a constru\u00e7\u00e3o de for\u00e7as policiais bem entrosadas com a comunidade, um judici\u00e1rio eficiente e a elimina\u00e7\u00e3o de condi\u00e7\u00f5es de pobreza e discrimina\u00e7\u00e3o que fomentam a viol\u00eancia. No pr\u00f3prio caso do tr\u00e1fico de drogas \u2013 tema central nas execu\u00e7\u00f5es na Indon\u00e9sia \u2013 diversos pa\u00edses experimentam alternativas \u00e0 abordagem da repress\u00e3o total, passando por distintas formas de trat\u00e1-las como uma quest\u00e3o de sa\u00fade p\u00fablica, e n\u00e3o de crime.<\/p>\n<p>O governo brasileiro agiu corretamente, com esfor\u00e7os para proteger Marco e impedir sua execu\u00e7\u00e3o. \u00c9 uma tarefa dif\u00edcil pela intransig\u00eancia das autoridades indon\u00e9sias e pela manipula\u00e7\u00e3o pol\u00edtica do tema naquele pa\u00eds.<\/p>\n<p>Al\u00e9m das execu\u00e7\u00f5es agendadas para este fim de semana, h\u00e1 160 pessoas no corredor da morte da Indon\u00e9sia, incluindo outro brasileiro, Rodrigo Gularte, cujo caso \u00e9 bastante parecido com o de Marco. J\u00e1 perdemos muitos compatriotas na viol\u00eancia insana que leva milhares de vidas a cada ano. Podemos e devemos evitar a morte de outros.<\/p>\n<p><strong>Maur\u00edcio Santoro<\/strong><\/p>\n","protected":false},"excerpt":{"rendered":"<p>Marco Archer se tornar\u00e1 o primeiro brasileiro a ser executado por um governo estrangeiro. Ele foi condenado ao pelot\u00e3o de fuzilamento na Indon\u00e9sia e seus apelos jur\u00eddicos foram negados. A Anistia Internacional repudia a pena de morte em qualquer circunst\u00e2ncia e lan\u00e7ou uma mobiliza\u00e7\u00e3o para que a senten\u00e7a n\u00e3o seja aplicada, e para que o [&hellip;]<\/p>\n","protected":false},"author":2,"featured_media":34582,"comment_status":"open","ping_status":"closed","sticky":false,"template":"","format":"standard","meta":{"_acf_changed":false,"footnotes":""},"categories":[25],"tags":[],"class_list":["post-34581","post","type-post","status-publish","format-standard","has-post-thumbnail","hentry","category-opina-ai"],"acf":[],"yoast_head":"<!-- This site is optimized with the Yoast SEO plugin v27.2 - https:\/\/yoast.com\/product\/yoast-seo-wordpress\/ -->\n<title>Pena de morte coloca Indon\u00e9sia na contra m\u00e3o da hist\u00f3ria - Notibras<\/title>\n<meta name=\"robots\" content=\"index, follow, max-snippet:-1, max-image-preview:large, max-video-preview:-1\" \/>\n<link rel=\"canonical\" href=\"https:\/\/www.notibras.com\/site\/pena-de-morte-coloca-indonesia-na-contra-mao-da-historia\/\" \/>\n<meta property=\"og:locale\" content=\"pt_BR\" \/>\n<meta property=\"og:type\" content=\"article\" \/>\n<meta property=\"og:title\" content=\"Pena de morte coloca Indon\u00e9sia na contra m\u00e3o da hist\u00f3ria - Notibras\" \/>\n<meta property=\"og:description\" content=\"Marco Archer se tornar\u00e1 o primeiro brasileiro a ser executado por um governo estrangeiro. Ele foi condenado ao pelot\u00e3o de fuzilamento na Indon\u00e9sia e seus apelos jur\u00eddicos foram negados. A Anistia Internacional repudia a pena de morte em qualquer circunst\u00e2ncia e lan\u00e7ou uma mobiliza\u00e7\u00e3o para que a senten\u00e7a n\u00e3o seja aplicada, e para que o [&hellip;]\" \/>\n<meta property=\"og:url\" content=\"https:\/\/www.notibras.com\/site\/pena-de-morte-coloca-indonesia-na-contra-mao-da-historia\/\" \/>\n<meta property=\"og:site_name\" content=\"Notibras\" \/>\n<meta property=\"article:publisher\" content=\"https:\/\/www.facebook.com\/notibras\/\" \/>\n<meta property=\"article:published_time\" content=\"2015-01-21T03:02:51+00:00\" \/>\n<meta property=\"og:image\" content=\"https:\/\/www.notibras.com\/site\/wp-content\/uploads\/2015\/01\/Marco-Archer-condenado-morte.jpg\" \/>\n\t<meta property=\"og:image:width\" content=\"400\" \/>\n\t<meta property=\"og:image:height\" content=\"300\" \/>\n\t<meta property=\"og:image:type\" content=\"image\/jpeg\" \/>\n<meta name=\"author\" content=\"Reda\u00e7\u00e3o\" \/>\n<meta name=\"twitter:card\" content=\"summary_large_image\" \/>\n<meta name=\"twitter:creator\" content=\"@Notibras\" \/>\n<meta name=\"twitter:site\" content=\"@Notibras\" \/>\n<meta name=\"twitter:label1\" content=\"Escrito por\" \/>\n\t<meta name=\"twitter:data1\" content=\"Reda\u00e7\u00e3o\" \/>\n\t<meta name=\"twitter:label2\" content=\"Est. tempo de leitura\" \/>\n\t<meta name=\"twitter:data2\" content=\"3 minutos\" \/>\n<script type=\"application\/ld+json\" class=\"yoast-schema-graph\">{\"@context\":\"https:\/\/schema.org\",\"@graph\":[{\"@type\":\"Article\",\"@id\":\"https:\/\/www.notibras.com\/site\/pena-de-morte-coloca-indonesia-na-contra-mao-da-historia\/#article\",\"isPartOf\":{\"@id\":\"https:\/\/www.notibras.com\/site\/pena-de-morte-coloca-indonesia-na-contra-mao-da-historia\/\"},\"author\":{\"name\":\"Reda\u00e7\u00e3o\",\"@id\":\"https:\/\/www.notibras.com\/site\/#\/schema\/person\/36ab0979449956132d3e5b517ea76ac8\"},\"headline\":\"Pena de morte coloca Indon\u00e9sia na contra m\u00e3o da hist\u00f3ria\",\"datePublished\":\"2015-01-21T03:02:51+00:00\",\"mainEntityOfPage\":{\"@id\":\"https:\/\/www.notibras.com\/site\/pena-de-morte-coloca-indonesia-na-contra-mao-da-historia\/\"},\"wordCount\":633,\"commentCount\":0,\"publisher\":{\"@id\":\"https:\/\/www.notibras.com\/site\/#organization\"},\"image\":{\"@id\":\"https:\/\/www.notibras.com\/site\/pena-de-morte-coloca-indonesia-na-contra-mao-da-historia\/#primaryimage\"},\"thumbnailUrl\":\"https:\/\/www.notibras.com\/site\/wp-content\/uploads\/2015\/01\/Marco-Archer-condenado-morte.jpg\",\"articleSection\":[\"Opina a\u00ed\"],\"inLanguage\":\"pt-BR\",\"potentialAction\":[{\"@type\":\"CommentAction\",\"name\":\"Comment\",\"target\":[\"https:\/\/www.notibras.com\/site\/pena-de-morte-coloca-indonesia-na-contra-mao-da-historia\/#respond\"]}]},{\"@type\":\"WebPage\",\"@id\":\"https:\/\/www.notibras.com\/site\/pena-de-morte-coloca-indonesia-na-contra-mao-da-historia\/\",\"url\":\"https:\/\/www.notibras.com\/site\/pena-de-morte-coloca-indonesia-na-contra-mao-da-historia\/\",\"name\":\"Pena de morte coloca Indon\u00e9sia na contra m\u00e3o da hist\u00f3ria - Notibras\",\"isPartOf\":{\"@id\":\"https:\/\/www.notibras.com\/site\/#website\"},\"primaryImageOfPage\":{\"@id\":\"https:\/\/www.notibras.com\/site\/pena-de-morte-coloca-indonesia-na-contra-mao-da-historia\/#primaryimage\"},\"image\":{\"@id\":\"https:\/\/www.notibras.com\/site\/pena-de-morte-coloca-indonesia-na-contra-mao-da-historia\/#primaryimage\"},\"thumbnailUrl\":\"https:\/\/www.notibras.com\/site\/wp-content\/uploads\/2015\/01\/Marco-Archer-condenado-morte.jpg\",\"datePublished\":\"2015-01-21T03:02:51+00:00\",\"breadcrumb\":{\"@id\":\"https:\/\/www.notibras.com\/site\/pena-de-morte-coloca-indonesia-na-contra-mao-da-historia\/#breadcrumb\"},\"inLanguage\":\"pt-BR\",\"potentialAction\":[{\"@type\":\"ReadAction\",\"target\":[\"https:\/\/www.notibras.com\/site\/pena-de-morte-coloca-indonesia-na-contra-mao-da-historia\/\"]}]},{\"@type\":\"ImageObject\",\"inLanguage\":\"pt-BR\",\"@id\":\"https:\/\/www.notibras.com\/site\/pena-de-morte-coloca-indonesia-na-contra-mao-da-historia\/#primaryimage\",\"url\":\"https:\/\/www.notibras.com\/site\/wp-content\/uploads\/2015\/01\/Marco-Archer-condenado-morte.jpg\",\"contentUrl\":\"https:\/\/www.notibras.com\/site\/wp-content\/uploads\/2015\/01\/Marco-Archer-condenado-morte.jpg\",\"width\":400,\"height\":300},{\"@type\":\"BreadcrumbList\",\"@id\":\"https:\/\/www.notibras.com\/site\/pena-de-morte-coloca-indonesia-na-contra-mao-da-historia\/#breadcrumb\",\"itemListElement\":[{\"@type\":\"ListItem\",\"position\":1,\"name\":\"In\u00edcio\",\"item\":\"https:\/\/www.notibras.com\/site\/\"},{\"@type\":\"ListItem\",\"position\":2,\"name\":\"Pena de morte coloca Indon\u00e9sia na contra m\u00e3o da hist\u00f3ria\"}]},{\"@type\":\"WebSite\",\"@id\":\"https:\/\/www.notibras.com\/site\/#website\",\"url\":\"https:\/\/www.notibras.com\/site\/\",\"name\":\"Notibras\",\"description\":\"Not\u00edcias de Bras\u00edlia, do Brasil e do Mundo\",\"publisher\":{\"@id\":\"https:\/\/www.notibras.com\/site\/#organization\"},\"potentialAction\":[{\"@type\":\"SearchAction\",\"target\":{\"@type\":\"EntryPoint\",\"urlTemplate\":\"https:\/\/www.notibras.com\/site\/?s={search_term_string}\"},\"query-input\":{\"@type\":\"PropertyValueSpecification\",\"valueRequired\":true,\"valueName\":\"search_term_string\"}}],\"inLanguage\":\"pt-BR\"},{\"@type\":\"Organization\",\"@id\":\"https:\/\/www.notibras.com\/site\/#organization\",\"name\":\"Grupo Notibras de Comunica\u00e7\u00e3o\",\"url\":\"https:\/\/www.notibras.com\/site\/\",\"logo\":{\"@type\":\"ImageObject\",\"inLanguage\":\"pt-BR\",\"@id\":\"https:\/\/www.notibras.com\/site\/#\/schema\/logo\/image\/\",\"url\":\"https:\/\/www.notibras.com\/site\/wp-content\/uploads\/2023\/01\/notibras23.png\",\"contentUrl\":\"https:\/\/www.notibras.com\/site\/wp-content\/uploads\/2023\/01\/notibras23.png\",\"width\":350,\"height\":87,\"caption\":\"Grupo Notibras de Comunica\u00e7\u00e3o\"},\"image\":{\"@id\":\"https:\/\/www.notibras.com\/site\/#\/schema\/logo\/image\/\"},\"sameAs\":[\"https:\/\/www.facebook.com\/notibras\/\",\"https:\/\/x.com\/Notibras\",\"https:\/\/www.instagram.com\/notibras\/\"]},{\"@type\":\"Person\",\"@id\":\"https:\/\/www.notibras.com\/site\/#\/schema\/person\/36ab0979449956132d3e5b517ea76ac8\",\"name\":\"Reda\u00e7\u00e3o\",\"image\":{\"@type\":\"ImageObject\",\"inLanguage\":\"pt-BR\",\"@id\":\"https:\/\/secure.gravatar.com\/avatar\/e0a867bdedb85fd243eadf09663511f96fc81e0720a4a42581f334ad4303aa6b?s=96&d=mm&r=g\",\"url\":\"https:\/\/secure.gravatar.com\/avatar\/e0a867bdedb85fd243eadf09663511f96fc81e0720a4a42581f334ad4303aa6b?s=96&d=mm&r=g\",\"contentUrl\":\"https:\/\/secure.gravatar.com\/avatar\/e0a867bdedb85fd243eadf09663511f96fc81e0720a4a42581f334ad4303aa6b?s=96&d=mm&r=g\",\"caption\":\"Reda\u00e7\u00e3o\"}}]}<\/script>\n<!-- \/ Yoast SEO plugin. -->","yoast_head_json":{"title":"Pena de morte coloca Indon\u00e9sia na contra m\u00e3o da hist\u00f3ria - Notibras","robots":{"index":"index","follow":"follow","max-snippet":"max-snippet:-1","max-image-preview":"max-image-preview:large","max-video-preview":"max-video-preview:-1"},"canonical":"https:\/\/www.notibras.com\/site\/pena-de-morte-coloca-indonesia-na-contra-mao-da-historia\/","og_locale":"pt_BR","og_type":"article","og_title":"Pena de morte coloca Indon\u00e9sia na contra m\u00e3o da hist\u00f3ria - Notibras","og_description":"Marco Archer se tornar\u00e1 o primeiro brasileiro a ser executado por um governo estrangeiro. Ele foi condenado ao pelot\u00e3o de fuzilamento na Indon\u00e9sia e seus apelos jur\u00eddicos foram negados. A Anistia Internacional repudia a pena de morte em qualquer circunst\u00e2ncia e lan\u00e7ou uma mobiliza\u00e7\u00e3o para que a senten\u00e7a n\u00e3o seja aplicada, e para que o [&hellip;]","og_url":"https:\/\/www.notibras.com\/site\/pena-de-morte-coloca-indonesia-na-contra-mao-da-historia\/","og_site_name":"Notibras","article_publisher":"https:\/\/www.facebook.com\/notibras\/","article_published_time":"2015-01-21T03:02:51+00:00","og_image":[{"width":400,"height":300,"url":"https:\/\/www.notibras.com\/site\/wp-content\/uploads\/2015\/01\/Marco-Archer-condenado-morte.jpg","type":"image\/jpeg"}],"author":"Reda\u00e7\u00e3o","twitter_card":"summary_large_image","twitter_creator":"@Notibras","twitter_site":"@Notibras","twitter_misc":{"Escrito por":"Reda\u00e7\u00e3o","Est. tempo de leitura":"3 minutos"},"schema":{"@context":"https:\/\/schema.org","@graph":[{"@type":"Article","@id":"https:\/\/www.notibras.com\/site\/pena-de-morte-coloca-indonesia-na-contra-mao-da-historia\/#article","isPartOf":{"@id":"https:\/\/www.notibras.com\/site\/pena-de-morte-coloca-indonesia-na-contra-mao-da-historia\/"},"author":{"name":"Reda\u00e7\u00e3o","@id":"https:\/\/www.notibras.com\/site\/#\/schema\/person\/36ab0979449956132d3e5b517ea76ac8"},"headline":"Pena de morte coloca Indon\u00e9sia na contra m\u00e3o da hist\u00f3ria","datePublished":"2015-01-21T03:02:51+00:00","mainEntityOfPage":{"@id":"https:\/\/www.notibras.com\/site\/pena-de-morte-coloca-indonesia-na-contra-mao-da-historia\/"},"wordCount":633,"commentCount":0,"publisher":{"@id":"https:\/\/www.notibras.com\/site\/#organization"},"image":{"@id":"https:\/\/www.notibras.com\/site\/pena-de-morte-coloca-indonesia-na-contra-mao-da-historia\/#primaryimage"},"thumbnailUrl":"https:\/\/www.notibras.com\/site\/wp-content\/uploads\/2015\/01\/Marco-Archer-condenado-morte.jpg","articleSection":["Opina a\u00ed"],"inLanguage":"pt-BR","potentialAction":[{"@type":"CommentAction","name":"Comment","target":["https:\/\/www.notibras.com\/site\/pena-de-morte-coloca-indonesia-na-contra-mao-da-historia\/#respond"]}]},{"@type":"WebPage","@id":"https:\/\/www.notibras.com\/site\/pena-de-morte-coloca-indonesia-na-contra-mao-da-historia\/","url":"https:\/\/www.notibras.com\/site\/pena-de-morte-coloca-indonesia-na-contra-mao-da-historia\/","name":"Pena de morte coloca Indon\u00e9sia na contra m\u00e3o da hist\u00f3ria - Notibras","isPartOf":{"@id":"https:\/\/www.notibras.com\/site\/#website"},"primaryImageOfPage":{"@id":"https:\/\/www.notibras.com\/site\/pena-de-morte-coloca-indonesia-na-contra-mao-da-historia\/#primaryimage"},"image":{"@id":"https:\/\/www.notibras.com\/site\/pena-de-morte-coloca-indonesia-na-contra-mao-da-historia\/#primaryimage"},"thumbnailUrl":"https:\/\/www.notibras.com\/site\/wp-content\/uploads\/2015\/01\/Marco-Archer-condenado-morte.jpg","datePublished":"2015-01-21T03:02:51+00:00","breadcrumb":{"@id":"https:\/\/www.notibras.com\/site\/pena-de-morte-coloca-indonesia-na-contra-mao-da-historia\/#breadcrumb"},"inLanguage":"pt-BR","potentialAction":[{"@type":"ReadAction","target":["https:\/\/www.notibras.com\/site\/pena-de-morte-coloca-indonesia-na-contra-mao-da-historia\/"]}]},{"@type":"ImageObject","inLanguage":"pt-BR","@id":"https:\/\/www.notibras.com\/site\/pena-de-morte-coloca-indonesia-na-contra-mao-da-historia\/#primaryimage","url":"https:\/\/www.notibras.com\/site\/wp-content\/uploads\/2015\/01\/Marco-Archer-condenado-morte.jpg","contentUrl":"https:\/\/www.notibras.com\/site\/wp-content\/uploads\/2015\/01\/Marco-Archer-condenado-morte.jpg","width":400,"height":300},{"@type":"BreadcrumbList","@id":"https:\/\/www.notibras.com\/site\/pena-de-morte-coloca-indonesia-na-contra-mao-da-historia\/#breadcrumb","itemListElement":[{"@type":"ListItem","position":1,"name":"In\u00edcio","item":"https:\/\/www.notibras.com\/site\/"},{"@type":"ListItem","position":2,"name":"Pena de morte coloca Indon\u00e9sia na contra m\u00e3o da hist\u00f3ria"}]},{"@type":"WebSite","@id":"https:\/\/www.notibras.com\/site\/#website","url":"https:\/\/www.notibras.com\/site\/","name":"Notibras","description":"Not\u00edcias de Bras\u00edlia, do Brasil e do Mundo","publisher":{"@id":"https:\/\/www.notibras.com\/site\/#organization"},"potentialAction":[{"@type":"SearchAction","target":{"@type":"EntryPoint","urlTemplate":"https:\/\/www.notibras.com\/site\/?s={search_term_string}"},"query-input":{"@type":"PropertyValueSpecification","valueRequired":true,"valueName":"search_term_string"}}],"inLanguage":"pt-BR"},{"@type":"Organization","@id":"https:\/\/www.notibras.com\/site\/#organization","name":"Grupo Notibras de Comunica\u00e7\u00e3o","url":"https:\/\/www.notibras.com\/site\/","logo":{"@type":"ImageObject","inLanguage":"pt-BR","@id":"https:\/\/www.notibras.com\/site\/#\/schema\/logo\/image\/","url":"https:\/\/www.notibras.com\/site\/wp-content\/uploads\/2023\/01\/notibras23.png","contentUrl":"https:\/\/www.notibras.com\/site\/wp-content\/uploads\/2023\/01\/notibras23.png","width":350,"height":87,"caption":"Grupo Notibras de Comunica\u00e7\u00e3o"},"image":{"@id":"https:\/\/www.notibras.com\/site\/#\/schema\/logo\/image\/"},"sameAs":["https:\/\/www.facebook.com\/notibras\/","https:\/\/x.com\/Notibras","https:\/\/www.instagram.com\/notibras\/"]},{"@type":"Person","@id":"https:\/\/www.notibras.com\/site\/#\/schema\/person\/36ab0979449956132d3e5b517ea76ac8","name":"Reda\u00e7\u00e3o","image":{"@type":"ImageObject","inLanguage":"pt-BR","@id":"https:\/\/secure.gravatar.com\/avatar\/e0a867bdedb85fd243eadf09663511f96fc81e0720a4a42581f334ad4303aa6b?s=96&d=mm&r=g","url":"https:\/\/secure.gravatar.com\/avatar\/e0a867bdedb85fd243eadf09663511f96fc81e0720a4a42581f334ad4303aa6b?s=96&d=mm&r=g","contentUrl":"https:\/\/secure.gravatar.com\/avatar\/e0a867bdedb85fd243eadf09663511f96fc81e0720a4a42581f334ad4303aa6b?s=96&d=mm&r=g","caption":"Reda\u00e7\u00e3o"}}]}},"amp_enabled":true,"_links":{"self":[{"href":"https:\/\/www.notibras.com\/site\/wp-json\/wp\/v2\/posts\/34581","targetHints":{"allow":["GET"]}}],"collection":[{"href":"https:\/\/www.notibras.com\/site\/wp-json\/wp\/v2\/posts"}],"about":[{"href":"https:\/\/www.notibras.com\/site\/wp-json\/wp\/v2\/types\/post"}],"author":[{"embeddable":true,"href":"https:\/\/www.notibras.com\/site\/wp-json\/wp\/v2\/users\/2"}],"replies":[{"embeddable":true,"href":"https:\/\/www.notibras.com\/site\/wp-json\/wp\/v2\/comments?post=34581"}],"version-history":[{"count":0,"href":"https:\/\/www.notibras.com\/site\/wp-json\/wp\/v2\/posts\/34581\/revisions"}],"wp:featuredmedia":[{"embeddable":true,"href":"https:\/\/www.notibras.com\/site\/wp-json\/wp\/v2\/media\/34582"}],"wp:attachment":[{"href":"https:\/\/www.notibras.com\/site\/wp-json\/wp\/v2\/media?parent=34581"}],"wp:term":[{"taxonomy":"category","embeddable":true,"href":"https:\/\/www.notibras.com\/site\/wp-json\/wp\/v2\/categories?post=34581"},{"taxonomy":"post_tag","embeddable":true,"href":"https:\/\/www.notibras.com\/site\/wp-json\/wp\/v2\/tags?post=34581"}],"curies":[{"name":"wp","href":"https:\/\/api.w.org\/{rel}","templated":true}]}}