{"id":345839,"date":"2025-01-17T00:24:02","date_gmt":"2025-01-17T03:24:02","guid":{"rendered":"https:\/\/www.notibras.com\/site\/?p=345839"},"modified":"2025-01-17T06:28:54","modified_gmt":"2025-01-17T09:28:54","slug":"conselho-de-medicina-investiga-morte-de-menina-ao-tratar-de-amigdalite","status":"publish","type":"post","link":"https:\/\/www.notibras.com\/site\/conselho-de-medicina-investiga-morte-de-menina-ao-tratar-de-amigdalite\/","title":{"rendered":"Conselho de Medicina investiga morte de menina ao tratar de amigdalite"},"content":{"rendered":"<div class=\"flex-shrink-0 flex flex-col relative items-end\">\n<div>\n<div class=\"pt-0\">\n<div class=\"gizmo-bot-avatar flex h-8 w-8 items-center justify-center overflow-hidden rounded-full\"><\/div>\n<\/div>\n<\/div>\n<\/div>\n<div class=\"group\/conversation-turn relative flex w-full min-w-0 flex-col agent-turn\">\n<div class=\"flex-col gap-1 md:gap-3\">\n<div class=\"flex max-w-full flex-col flex-grow\">\n<div class=\"min-h-8 text-message flex w-full flex-col items-end gap-2 whitespace-normal break-words text-start [.text-message+&amp;]:mt-5\" dir=\"auto\" data-message-author-role=\"assistant\" data-message-id=\"2c61c2d6-795b-4e9e-9f8b-64ab98662c87\" data-message-model-slug=\"gpt-4o\">\n<div class=\"flex w-full flex-col gap-1 empty:hidden first:pt-[3px]\">\n<div class=\"markdown prose w-full break-words dark:prose-invert light\">\n<p><span>O Conselho Regional de Medicina de Pernambuco (Cremepe) abriu uma investiga\u00e7\u00e3o para apurar a conduta dos m\u00e9dicos envolvidos no atendimento de Bruna Brito Barbosa de Ara\u00fajo, uma menina de 4 anos que faleceu em dezembro, quatro dias ap\u00f3s receber atendimento m\u00e9dico para tratar uma amigdalite.<\/span><\/p>\n<p><span>Bruna apresentou os primeiros sintomas da doen\u00e7a e foi levada ao hospital para receber os cuidados necess\u00e1rios. Ap\u00f3s o atendimento inicial, ela foi medicada e liberada para casa. No entanto, seu quadro cl\u00ednico se agravou rapidamente.<\/span><\/p>\n<p><span>A fam\u00edlia da crian\u00e7a alegou que houve neglig\u00eancia no diagn\u00f3stico e no tratamento. \u201cEla estava com febre alta e dificuldade para engolir. Informamos tudo isso, mas sentimos que o caso n\u00e3o foi tratado com a devida gravidade\u201d, declarou a m\u00e3e da menina.<\/span><\/p>\n<p><span>O Cremepe informou que iniciou uma sindic\u00e2ncia para analisar se houve erro, omiss\u00e3o ou qualquer outra falha por parte dos profissionais respons\u00e1veis. \u201cEstamos comprometidos em garantir que os protocolos m\u00e9dicos sejam cumpridos e que eventuais irregularidades sejam apuradas com rigor\u201d,<\/span><\/p>\n<p><span>O caso gerou como\u00e7\u00e3o na comunidade e reacendeu o debate sobre a qualidade do atendimento m\u00e9dico no estado. Al\u00e9m da investiga\u00e7\u00e3o do Cremepe, o caso tamb\u00e9m est\u00e1 sendo acompanhado pelo Minist\u00e9rio P\u00fablico.<\/span><\/p>\n<p><span>A fam\u00edlia de Bruna cobra justi\u00e7a e refor\u00e7a o pedido para que situa\u00e7\u00f5es como essa n\u00e3o se repitam. \u201cNada vai trazer minha filha de volta, mas queremos que isso sirva para evitar que outras crian\u00e7as passem pelo mesmo sofrimento\u201d, concluiu.<\/span><\/p>\n<\/div>\n<\/div>\n<\/div>\n<\/div>\n<\/div>\n<\/div>\n","protected":false},"excerpt":{"rendered":"<p>O Conselho Regional de Medicina de Pernambuco (Cremepe) abriu uma investiga\u00e7\u00e3o para apurar a conduta dos m\u00e9dicos envolvidos no atendimento de Bruna Brito Barbosa de Ara\u00fajo, uma menina de 4 anos que faleceu em dezembro, quatro dias ap\u00f3s receber atendimento m\u00e9dico para tratar uma amigdalite. Bruna apresentou os primeiros sintomas da doen\u00e7a e foi levada [&hellip;]<\/p>\n","protected":false},"author":2,"featured_media":345840,"comment_status":"closed","ping_status":"closed","sticky":false,"template":"","format":"standard","meta":{"_acf_changed":false,"footnotes":""},"categories":[165],"tags":[],"class_list":["post-345839","post","type-post","status-publish","format-standard","has-post-thumbnail","hentry","category-nordeste"],"acf":[],"_links":{"self":[{"href":"https:\/\/www.notibras.com\/site\/wp-json\/wp\/v2\/posts\/345839","targetHints":{"allow":["GET"]}}],"collection":[{"href":"https:\/\/www.notibras.com\/site\/wp-json\/wp\/v2\/posts"}],"about":[{"href":"https:\/\/www.notibras.com\/site\/wp-json\/wp\/v2\/types\/post"}],"author":[{"embeddable":true,"href":"https:\/\/www.notibras.com\/site\/wp-json\/wp\/v2\/users\/2"}],"replies":[{"embeddable":true,"href":"https:\/\/www.notibras.com\/site\/wp-json\/wp\/v2\/comments?post=345839"}],"version-history":[{"count":1,"href":"https:\/\/www.notibras.com\/site\/wp-json\/wp\/v2\/posts\/345839\/revisions"}],"predecessor-version":[{"id":345841,"href":"https:\/\/www.notibras.com\/site\/wp-json\/wp\/v2\/posts\/345839\/revisions\/345841"}],"wp:featuredmedia":[{"embeddable":true,"href":"https:\/\/www.notibras.com\/site\/wp-json\/wp\/v2\/media\/345840"}],"wp:attachment":[{"href":"https:\/\/www.notibras.com\/site\/wp-json\/wp\/v2\/media?parent=345839"}],"wp:term":[{"taxonomy":"category","embeddable":true,"href":"https:\/\/www.notibras.com\/site\/wp-json\/wp\/v2\/categories?post=345839"},{"taxonomy":"post_tag","embeddable":true,"href":"https:\/\/www.notibras.com\/site\/wp-json\/wp\/v2\/tags?post=345839"}],"curies":[{"name":"wp","href":"https:\/\/api.w.org\/{rel}","templated":true}]}}