{"id":345842,"date":"2025-01-17T00:34:19","date_gmt":"2025-01-17T03:34:19","guid":{"rendered":"https:\/\/www.notibras.com\/site\/?p=345842"},"modified":"2025-01-17T06:38:11","modified_gmt":"2025-01-17T09:38:11","slug":"apos-fortes-chuvas-ceara-tem-primeiros-acudes-sangrados","status":"publish","type":"post","link":"https:\/\/www.notibras.com\/site\/apos-fortes-chuvas-ceara-tem-primeiros-acudes-sangrados\/","title":{"rendered":"Ap\u00f3s fortes chuvas, Cear\u00e1 tem primeiros a\u00e7udes sangrados"},"content":{"rendered":"<p>As chuvas intensas que atingiram o estado do Cear\u00e1 nas \u00faltimas semanas trouxeram boas not\u00edcias para o abastecimento h\u00eddrico da regi\u00e3o. Os primeiros a\u00e7udes monitorados pelo governo transbordaram neste in\u00edcio de 2025, marcando um rompimento para a popula\u00e7\u00e3o e o setor agr\u00edcola.<\/p>\n<p>Segundo dados oficiais, o volume total dos a\u00e7\u00facares monitorados atingiu 8 bilh\u00f5es de metros c\u00fabicos, o que corresponde a 43,2% da capacidade total dos reservat\u00f3rios estaduais. Esse \u00edndice reflete uma recupera\u00e7\u00e3o significativa, embora ainda esteja distante da capacidade plena.<\/p>\n<p>Os a\u00e7udes desempenham um papel crucial no fornecimento de \u00e1gua para consumo humano, supervis\u00e3o e atividades econ\u00f4micas no Cear\u00e1, um estado periodicamente afetado por secas prolongadas. A recarga nos reservat\u00f3rios indica um cen\u00e1rio mais promissor para 2025, embora especialistas alertem que a gest\u00e3o sustent\u00e1vel da \u00e1gua continua sendo essencial.<\/p>\n<p>Com a previs\u00e3o de continuidade das chuvas na quadra invernosa, espera-se que mais a\u00e7udes atinjam sua capacidade m\u00e1xima. O monitoramento cont\u00ednuo e a\u00e7\u00f5es preventivas contra enchentes ser\u00e3o priorit\u00e1rios para as autoridades estaduais.<\/p>\n<p>Essa recupera\u00e7\u00e3o parcial refor\u00e7a a import\u00e2ncia das pol\u00edticas de conserva\u00e7\u00e3o e do uso racional da \u00e1gua, garantindo seguran\u00e7a h\u00eddrica no longo prazo.<\/p>\n","protected":false},"excerpt":{"rendered":"<p>As chuvas intensas que atingiram o estado do Cear\u00e1 nas \u00faltimas semanas trouxeram boas not\u00edcias para o abastecimento h\u00eddrico da regi\u00e3o. Os primeiros a\u00e7udes monitorados pelo governo transbordaram neste in\u00edcio de 2025, marcando um rompimento para a popula\u00e7\u00e3o e o setor agr\u00edcola. Segundo dados oficiais, o volume total dos a\u00e7\u00facares monitorados atingiu 8 bilh\u00f5es de [&hellip;]<\/p>\n","protected":false},"author":2,"featured_media":345843,"comment_status":"closed","ping_status":"closed","sticky":false,"template":"","format":"standard","meta":{"_acf_changed":false,"footnotes":""},"categories":[165],"tags":[],"class_list":["post-345842","post","type-post","status-publish","format-standard","has-post-thumbnail","hentry","category-nordeste"],"acf":[],"yoast_head":"<!-- This site is optimized with the Yoast SEO plugin v27.2 - https:\/\/yoast.com\/product\/yoast-seo-wordpress\/ -->\n<title>Ap\u00f3s fortes chuvas, Cear\u00e1 tem primeiros a\u00e7udes sangrados - Notibras<\/title>\n<meta name=\"robots\" content=\"index, follow, max-snippet:-1, max-image-preview:large, max-video-preview:-1\" \/>\n<link rel=\"canonical\" href=\"https:\/\/www.notibras.com\/site\/apos-fortes-chuvas-ceara-tem-primeiros-acudes-sangrados\/\" \/>\n<meta property=\"og:locale\" content=\"pt_BR\" \/>\n<meta property=\"og:type\" content=\"article\" \/>\n<meta property=\"og:title\" content=\"Ap\u00f3s fortes chuvas, Cear\u00e1 tem primeiros a\u00e7udes sangrados - Notibras\" \/>\n<meta property=\"og:description\" content=\"As chuvas intensas que atingiram o estado do Cear\u00e1 nas \u00faltimas semanas trouxeram boas not\u00edcias para o abastecimento h\u00eddrico da regi\u00e3o. Os primeiros a\u00e7udes monitorados pelo governo transbordaram neste in\u00edcio de 2025, marcando um rompimento para a popula\u00e7\u00e3o e o setor agr\u00edcola. Segundo dados oficiais, o volume total dos a\u00e7\u00facares monitorados atingiu 8 bilh\u00f5es de [&hellip;]\" \/>\n<meta property=\"og:url\" content=\"https:\/\/www.notibras.com\/site\/apos-fortes-chuvas-ceara-tem-primeiros-acudes-sangrados\/\" \/>\n<meta property=\"og:site_name\" content=\"Notibras\" \/>\n<meta property=\"article:publisher\" content=\"https:\/\/www.facebook.com\/notibras\/\" \/>\n<meta property=\"article:published_time\" content=\"2025-01-17T03:34:19+00:00\" \/>\n<meta property=\"article:modified_time\" content=\"2025-01-17T09:38:11+00:00\" \/>\n<meta name=\"author\" content=\"Reda\u00e7\u00e3o\" \/>\n<meta name=\"twitter:card\" content=\"summary_large_image\" \/>\n<meta name=\"twitter:creator\" content=\"@Notibras\" \/>\n<meta name=\"twitter:site\" content=\"@Notibras\" \/>\n<meta name=\"twitter:label1\" content=\"Escrito por\" \/>\n\t<meta name=\"twitter:data1\" content=\"Reda\u00e7\u00e3o\" \/>\n\t<meta name=\"twitter:label2\" content=\"Est. tempo de leitura\" \/>\n\t<meta name=\"twitter:data2\" content=\"2 minutos\" \/>\n<script type=\"application\/ld+json\" class=\"yoast-schema-graph\">{\"@context\":\"https:\/\/schema.org\",\"@graph\":[{\"@type\":\"Article\",\"@id\":\"https:\/\/www.notibras.com\/site\/apos-fortes-chuvas-ceara-tem-primeiros-acudes-sangrados\/#article\",\"isPartOf\":{\"@id\":\"https:\/\/www.notibras.com\/site\/apos-fortes-chuvas-ceara-tem-primeiros-acudes-sangrados\/\"},\"author\":{\"name\":\"Reda\u00e7\u00e3o\",\"@id\":\"https:\/\/www.notibras.com\/site\/#\/schema\/person\/36ab0979449956132d3e5b517ea76ac8\"},\"headline\":\"Ap\u00f3s fortes chuvas, Cear\u00e1 tem primeiros a\u00e7udes sangrados\",\"datePublished\":\"2025-01-17T03:34:19+00:00\",\"dateModified\":\"2025-01-17T09:38:11+00:00\",\"mainEntityOfPage\":{\"@id\":\"https:\/\/www.notibras.com\/site\/apos-fortes-chuvas-ceara-tem-primeiros-acudes-sangrados\/\"},\"wordCount\":223,\"publisher\":{\"@id\":\"https:\/\/www.notibras.com\/site\/#organization\"},\"image\":{\"@id\":\"https:\/\/www.notibras.com\/site\/apos-fortes-chuvas-ceara-tem-primeiros-acudes-sangrados\/#primaryimage\"},\"thumbnailUrl\":\"https:\/\/www.notibras.com\/site\/wp-content\/uploads\/2025\/01\/acudes.ce_.avif\",\"articleSection\":[\"Nordeste\"],\"inLanguage\":\"pt-BR\"},{\"@type\":\"WebPage\",\"@id\":\"https:\/\/www.notibras.com\/site\/apos-fortes-chuvas-ceara-tem-primeiros-acudes-sangrados\/\",\"url\":\"https:\/\/www.notibras.com\/site\/apos-fortes-chuvas-ceara-tem-primeiros-acudes-sangrados\/\",\"name\":\"Ap\u00f3s fortes chuvas, Cear\u00e1 tem primeiros a\u00e7udes sangrados - Notibras\",\"isPartOf\":{\"@id\":\"https:\/\/www.notibras.com\/site\/#website\"},\"primaryImageOfPage\":{\"@id\":\"https:\/\/www.notibras.com\/site\/apos-fortes-chuvas-ceara-tem-primeiros-acudes-sangrados\/#primaryimage\"},\"image\":{\"@id\":\"https:\/\/www.notibras.com\/site\/apos-fortes-chuvas-ceara-tem-primeiros-acudes-sangrados\/#primaryimage\"},\"thumbnailUrl\":\"https:\/\/www.notibras.com\/site\/wp-content\/uploads\/2025\/01\/acudes.ce_.avif\",\"datePublished\":\"2025-01-17T03:34:19+00:00\",\"dateModified\":\"2025-01-17T09:38:11+00:00\",\"breadcrumb\":{\"@id\":\"https:\/\/www.notibras.com\/site\/apos-fortes-chuvas-ceara-tem-primeiros-acudes-sangrados\/#breadcrumb\"},\"inLanguage\":\"pt-BR\",\"potentialAction\":[{\"@type\":\"ReadAction\",\"target\":[\"https:\/\/www.notibras.com\/site\/apos-fortes-chuvas-ceara-tem-primeiros-acudes-sangrados\/\"]}]},{\"@type\":\"ImageObject\",\"inLanguage\":\"pt-BR\",\"@id\":\"https:\/\/www.notibras.com\/site\/apos-fortes-chuvas-ceara-tem-primeiros-acudes-sangrados\/#primaryimage\",\"url\":\"https:\/\/www.notibras.com\/site\/wp-content\/uploads\/2025\/01\/acudes.ce_.avif\",\"contentUrl\":\"https:\/\/www.notibras.com\/site\/wp-content\/uploads\/2025\/01\/acudes.ce_.avif\",\"width\":984,\"height\":536},{\"@type\":\"BreadcrumbList\",\"@id\":\"https:\/\/www.notibras.com\/site\/apos-fortes-chuvas-ceara-tem-primeiros-acudes-sangrados\/#breadcrumb\",\"itemListElement\":[{\"@type\":\"ListItem\",\"position\":1,\"name\":\"In\u00edcio\",\"item\":\"https:\/\/www.notibras.com\/site\/\"},{\"@type\":\"ListItem\",\"position\":2,\"name\":\"Ap\u00f3s fortes chuvas, Cear\u00e1 tem primeiros a\u00e7udes sangrados\"}]},{\"@type\":\"WebSite\",\"@id\":\"https:\/\/www.notibras.com\/site\/#website\",\"url\":\"https:\/\/www.notibras.com\/site\/\",\"name\":\"Notibras\",\"description\":\"Not\u00edcias de Bras\u00edlia, do Brasil e do Mundo\",\"publisher\":{\"@id\":\"https:\/\/www.notibras.com\/site\/#organization\"},\"potentialAction\":[{\"@type\":\"SearchAction\",\"target\":{\"@type\":\"EntryPoint\",\"urlTemplate\":\"https:\/\/www.notibras.com\/site\/?s={search_term_string}\"},\"query-input\":{\"@type\":\"PropertyValueSpecification\",\"valueRequired\":true,\"valueName\":\"search_term_string\"}}],\"inLanguage\":\"pt-BR\"},{\"@type\":\"Organization\",\"@id\":\"https:\/\/www.notibras.com\/site\/#organization\",\"name\":\"Grupo Notibras de Comunica\u00e7\u00e3o\",\"url\":\"https:\/\/www.notibras.com\/site\/\",\"logo\":{\"@type\":\"ImageObject\",\"inLanguage\":\"pt-BR\",\"@id\":\"https:\/\/www.notibras.com\/site\/#\/schema\/logo\/image\/\",\"url\":\"https:\/\/www.notibras.com\/site\/wp-content\/uploads\/2023\/01\/notibras23.png\",\"contentUrl\":\"https:\/\/www.notibras.com\/site\/wp-content\/uploads\/2023\/01\/notibras23.png\",\"width\":350,\"height\":87,\"caption\":\"Grupo Notibras de Comunica\u00e7\u00e3o\"},\"image\":{\"@id\":\"https:\/\/www.notibras.com\/site\/#\/schema\/logo\/image\/\"},\"sameAs\":[\"https:\/\/www.facebook.com\/notibras\/\",\"https:\/\/x.com\/Notibras\",\"https:\/\/www.instagram.com\/notibras\/\"]},{\"@type\":\"Person\",\"@id\":\"https:\/\/www.notibras.com\/site\/#\/schema\/person\/36ab0979449956132d3e5b517ea76ac8\",\"name\":\"Reda\u00e7\u00e3o\",\"image\":{\"@type\":\"ImageObject\",\"inLanguage\":\"pt-BR\",\"@id\":\"https:\/\/secure.gravatar.com\/avatar\/e0a867bdedb85fd243eadf09663511f96fc81e0720a4a42581f334ad4303aa6b?s=96&d=mm&r=g\",\"url\":\"https:\/\/secure.gravatar.com\/avatar\/e0a867bdedb85fd243eadf09663511f96fc81e0720a4a42581f334ad4303aa6b?s=96&d=mm&r=g\",\"contentUrl\":\"https:\/\/secure.gravatar.com\/avatar\/e0a867bdedb85fd243eadf09663511f96fc81e0720a4a42581f334ad4303aa6b?s=96&d=mm&r=g\",\"caption\":\"Reda\u00e7\u00e3o\"}}]}<\/script>\n<!-- \/ Yoast SEO plugin. -->","yoast_head_json":{"title":"Ap\u00f3s fortes chuvas, Cear\u00e1 tem primeiros a\u00e7udes sangrados - Notibras","robots":{"index":"index","follow":"follow","max-snippet":"max-snippet:-1","max-image-preview":"max-image-preview:large","max-video-preview":"max-video-preview:-1"},"canonical":"https:\/\/www.notibras.com\/site\/apos-fortes-chuvas-ceara-tem-primeiros-acudes-sangrados\/","og_locale":"pt_BR","og_type":"article","og_title":"Ap\u00f3s fortes chuvas, Cear\u00e1 tem primeiros a\u00e7udes sangrados - Notibras","og_description":"As chuvas intensas que atingiram o estado do Cear\u00e1 nas \u00faltimas semanas trouxeram boas not\u00edcias para o abastecimento h\u00eddrico da regi\u00e3o. Os primeiros a\u00e7udes monitorados pelo governo transbordaram neste in\u00edcio de 2025, marcando um rompimento para a popula\u00e7\u00e3o e o setor agr\u00edcola. Segundo dados oficiais, o volume total dos a\u00e7\u00facares monitorados atingiu 8 bilh\u00f5es de [&hellip;]","og_url":"https:\/\/www.notibras.com\/site\/apos-fortes-chuvas-ceara-tem-primeiros-acudes-sangrados\/","og_site_name":"Notibras","article_publisher":"https:\/\/www.facebook.com\/notibras\/","article_published_time":"2025-01-17T03:34:19+00:00","article_modified_time":"2025-01-17T09:38:11+00:00","author":"Reda\u00e7\u00e3o","twitter_card":"summary_large_image","twitter_creator":"@Notibras","twitter_site":"@Notibras","twitter_misc":{"Escrito por":"Reda\u00e7\u00e3o","Est. tempo de leitura":"2 minutos"},"schema":{"@context":"https:\/\/schema.org","@graph":[{"@type":"Article","@id":"https:\/\/www.notibras.com\/site\/apos-fortes-chuvas-ceara-tem-primeiros-acudes-sangrados\/#article","isPartOf":{"@id":"https:\/\/www.notibras.com\/site\/apos-fortes-chuvas-ceara-tem-primeiros-acudes-sangrados\/"},"author":{"name":"Reda\u00e7\u00e3o","@id":"https:\/\/www.notibras.com\/site\/#\/schema\/person\/36ab0979449956132d3e5b517ea76ac8"},"headline":"Ap\u00f3s fortes chuvas, Cear\u00e1 tem primeiros a\u00e7udes sangrados","datePublished":"2025-01-17T03:34:19+00:00","dateModified":"2025-01-17T09:38:11+00:00","mainEntityOfPage":{"@id":"https:\/\/www.notibras.com\/site\/apos-fortes-chuvas-ceara-tem-primeiros-acudes-sangrados\/"},"wordCount":223,"publisher":{"@id":"https:\/\/www.notibras.com\/site\/#organization"},"image":{"@id":"https:\/\/www.notibras.com\/site\/apos-fortes-chuvas-ceara-tem-primeiros-acudes-sangrados\/#primaryimage"},"thumbnailUrl":"https:\/\/www.notibras.com\/site\/wp-content\/uploads\/2025\/01\/acudes.ce_.avif","articleSection":["Nordeste"],"inLanguage":"pt-BR"},{"@type":"WebPage","@id":"https:\/\/www.notibras.com\/site\/apos-fortes-chuvas-ceara-tem-primeiros-acudes-sangrados\/","url":"https:\/\/www.notibras.com\/site\/apos-fortes-chuvas-ceara-tem-primeiros-acudes-sangrados\/","name":"Ap\u00f3s fortes chuvas, Cear\u00e1 tem primeiros a\u00e7udes sangrados - Notibras","isPartOf":{"@id":"https:\/\/www.notibras.com\/site\/#website"},"primaryImageOfPage":{"@id":"https:\/\/www.notibras.com\/site\/apos-fortes-chuvas-ceara-tem-primeiros-acudes-sangrados\/#primaryimage"},"image":{"@id":"https:\/\/www.notibras.com\/site\/apos-fortes-chuvas-ceara-tem-primeiros-acudes-sangrados\/#primaryimage"},"thumbnailUrl":"https:\/\/www.notibras.com\/site\/wp-content\/uploads\/2025\/01\/acudes.ce_.avif","datePublished":"2025-01-17T03:34:19+00:00","dateModified":"2025-01-17T09:38:11+00:00","breadcrumb":{"@id":"https:\/\/www.notibras.com\/site\/apos-fortes-chuvas-ceara-tem-primeiros-acudes-sangrados\/#breadcrumb"},"inLanguage":"pt-BR","potentialAction":[{"@type":"ReadAction","target":["https:\/\/www.notibras.com\/site\/apos-fortes-chuvas-ceara-tem-primeiros-acudes-sangrados\/"]}]},{"@type":"ImageObject","inLanguage":"pt-BR","@id":"https:\/\/www.notibras.com\/site\/apos-fortes-chuvas-ceara-tem-primeiros-acudes-sangrados\/#primaryimage","url":"https:\/\/www.notibras.com\/site\/wp-content\/uploads\/2025\/01\/acudes.ce_.avif","contentUrl":"https:\/\/www.notibras.com\/site\/wp-content\/uploads\/2025\/01\/acudes.ce_.avif","width":984,"height":536},{"@type":"BreadcrumbList","@id":"https:\/\/www.notibras.com\/site\/apos-fortes-chuvas-ceara-tem-primeiros-acudes-sangrados\/#breadcrumb","itemListElement":[{"@type":"ListItem","position":1,"name":"In\u00edcio","item":"https:\/\/www.notibras.com\/site\/"},{"@type":"ListItem","position":2,"name":"Ap\u00f3s fortes chuvas, Cear\u00e1 tem primeiros a\u00e7udes sangrados"}]},{"@type":"WebSite","@id":"https:\/\/www.notibras.com\/site\/#website","url":"https:\/\/www.notibras.com\/site\/","name":"Notibras","description":"Not\u00edcias de Bras\u00edlia, do Brasil e do Mundo","publisher":{"@id":"https:\/\/www.notibras.com\/site\/#organization"},"potentialAction":[{"@type":"SearchAction","target":{"@type":"EntryPoint","urlTemplate":"https:\/\/www.notibras.com\/site\/?s={search_term_string}"},"query-input":{"@type":"PropertyValueSpecification","valueRequired":true,"valueName":"search_term_string"}}],"inLanguage":"pt-BR"},{"@type":"Organization","@id":"https:\/\/www.notibras.com\/site\/#organization","name":"Grupo Notibras de Comunica\u00e7\u00e3o","url":"https:\/\/www.notibras.com\/site\/","logo":{"@type":"ImageObject","inLanguage":"pt-BR","@id":"https:\/\/www.notibras.com\/site\/#\/schema\/logo\/image\/","url":"https:\/\/www.notibras.com\/site\/wp-content\/uploads\/2023\/01\/notibras23.png","contentUrl":"https:\/\/www.notibras.com\/site\/wp-content\/uploads\/2023\/01\/notibras23.png","width":350,"height":87,"caption":"Grupo Notibras de Comunica\u00e7\u00e3o"},"image":{"@id":"https:\/\/www.notibras.com\/site\/#\/schema\/logo\/image\/"},"sameAs":["https:\/\/www.facebook.com\/notibras\/","https:\/\/x.com\/Notibras","https:\/\/www.instagram.com\/notibras\/"]},{"@type":"Person","@id":"https:\/\/www.notibras.com\/site\/#\/schema\/person\/36ab0979449956132d3e5b517ea76ac8","name":"Reda\u00e7\u00e3o","image":{"@type":"ImageObject","inLanguage":"pt-BR","@id":"https:\/\/secure.gravatar.com\/avatar\/e0a867bdedb85fd243eadf09663511f96fc81e0720a4a42581f334ad4303aa6b?s=96&d=mm&r=g","url":"https:\/\/secure.gravatar.com\/avatar\/e0a867bdedb85fd243eadf09663511f96fc81e0720a4a42581f334ad4303aa6b?s=96&d=mm&r=g","contentUrl":"https:\/\/secure.gravatar.com\/avatar\/e0a867bdedb85fd243eadf09663511f96fc81e0720a4a42581f334ad4303aa6b?s=96&d=mm&r=g","caption":"Reda\u00e7\u00e3o"}}]}},"amp_enabled":true,"_links":{"self":[{"href":"https:\/\/www.notibras.com\/site\/wp-json\/wp\/v2\/posts\/345842","targetHints":{"allow":["GET"]}}],"collection":[{"href":"https:\/\/www.notibras.com\/site\/wp-json\/wp\/v2\/posts"}],"about":[{"href":"https:\/\/www.notibras.com\/site\/wp-json\/wp\/v2\/types\/post"}],"author":[{"embeddable":true,"href":"https:\/\/www.notibras.com\/site\/wp-json\/wp\/v2\/users\/2"}],"replies":[{"embeddable":true,"href":"https:\/\/www.notibras.com\/site\/wp-json\/wp\/v2\/comments?post=345842"}],"version-history":[{"count":1,"href":"https:\/\/www.notibras.com\/site\/wp-json\/wp\/v2\/posts\/345842\/revisions"}],"predecessor-version":[{"id":345844,"href":"https:\/\/www.notibras.com\/site\/wp-json\/wp\/v2\/posts\/345842\/revisions\/345844"}],"wp:featuredmedia":[{"embeddable":true,"href":"https:\/\/www.notibras.com\/site\/wp-json\/wp\/v2\/media\/345843"}],"wp:attachment":[{"href":"https:\/\/www.notibras.com\/site\/wp-json\/wp\/v2\/media?parent=345842"}],"wp:term":[{"taxonomy":"category","embeddable":true,"href":"https:\/\/www.notibras.com\/site\/wp-json\/wp\/v2\/categories?post=345842"},{"taxonomy":"post_tag","embeddable":true,"href":"https:\/\/www.notibras.com\/site\/wp-json\/wp\/v2\/tags?post=345842"}],"curies":[{"name":"wp","href":"https:\/\/api.w.org\/{rel}","templated":true}]}}