{"id":345845,"date":"2025-01-17T07:27:11","date_gmt":"2025-01-17T10:27:11","guid":{"rendered":"https:\/\/www.notibras.com\/site\/?p=345845"},"modified":"2025-01-17T07:27:11","modified_gmt":"2025-01-17T10:27:11","slug":"jantar-de-requinte-no-pontao-conclui-que-iba-esta-seguindo-no-rumo-certo","status":"publish","type":"post","link":"https:\/\/www.notibras.com\/site\/jantar-de-requinte-no-pontao-conclui-que-iba-esta-seguindo-no-rumo-certo\/","title":{"rendered":"Jantar de requinte no Pont\u00e3o conclui que &#8216;Iba&#8217; est\u00e1 seguindo no rumo certo"},"content":{"rendered":"<p>Uma tr\u00e9gua na noite de quinta, 16, na chuva que cai sobre Bras\u00edlia nos \u00faltimos dias, permitiu-me dar uma escapada ao Pont\u00e3o, tendo por companhia a Sonja Tavares, minha colega de reda\u00e7\u00e3o aqui em <strong>Notibras<\/strong>, para degustarmos uma ta\u00e7a de vinho. Momentos c\u00e1lidos ali no in\u00edcio do Lago Sul. O restaurante reluzia com a opul\u00eancia de seus frequentadores, todos a car\u00e1ter para um jantar de gala.<\/p>\n<p>A mesa em destaque, no canto privilegiado com vista para o Parano\u00e1, abrigava figuras que, para muitos, eram os artif\u00edcios do destino da cidade. Pol\u00edticos, empres\u00e1rios e um renomado jornalista, coleguinha de longa data mas hoje j\u00e1 aposentado, se entreolhavam entre goles de vinho e garfadas elegantes.<\/p>\n<p>A conversa, como era de se esperar, navegava por \u00e1guas profundas e temas densos. &#8220;Os n\u00fameros n\u00e3o mentem&#8221;, dizia o senhor de terno impec\u00e1vel e gravata de seda, enquanto ajustava os \u00f3culos para ler uma planilha no tablet. &#8220;A redu\u00e7\u00e3o nos \u00edndices de criminalidade \u00e9 significativa. Estamos no caminho certo.&#8221;<\/p>\n<p>Os demais concordaram com acenos e murm\u00farios, enquanto a senhora ao seu lado, conhecida por comandar um gabinete relevante, destacava a import\u00e2ncia da atua\u00e7\u00e3o comunit\u00e1ria, alicer\u00e7ada por uma boa pol\u00edtica de Comunica\u00e7\u00e3o que frutificava l\u00e1 no Pal\u00e1cio do Buriti.<\/p>\n<p>&#8220;Seguran\u00e7a n\u00e3o \u00e9 apenas policiamento, \u00e9 pertencimento. As pessoas precisam confiar que a cidade tamb\u00e9m \u00e9 acolhedora&#8221;, apontou, antes de levar \u00e0 boca um peda\u00e7o de salm\u00e3o perfeitamente grelhado.<\/p>\n<p>O gar\u00e7om, quase invis\u00edvel em sua efici\u00eancia, servia mais vinho. A garrafa, francesa, parecia ser uma met\u00e1fora da noite: sofisticada, mas mesclada de simbolismos.<\/p>\n<p>&#8220;Os brasilienses est\u00e3o voltando a caminhar \u00e0 noite, a frequentar as pra\u00e7as. Isso \u00e9 confian\u00e7a&#8221;, ponderou outro, um jovem analista de dados que, apesar de n\u00e3o ter o mesmo brilho de curr\u00edculos dos demais, parecia trazer uma informa\u00e7\u00e3o que sustentava as opini\u00f5es.<\/p>\n<p>O jornalista, calado at\u00e9 ent\u00e3o, pigarreou antes de falar. &#8220;A confian\u00e7a \u00e9 uma rotina delicada. Flutua com os ventos da pol\u00edtica e com o humor da imprensa&#8221;, disse, com um sorriso que n\u00e3o chegava aos olhos. &#8220;Mas \u00e9 ineg\u00e1vel que h\u00e1 algo de bom no ar. E n\u00e3o \u00e9 s\u00f3 o aroma do risoto.&#8221;<\/p>\n<p>As risadas ressoaram pela mesa, e o clima, antes t\u00e9cnico, ganhou leveza. O assunto se desdobrou para outras \u00e1reas: educa\u00e7\u00e3o, transporte, cultura. Mas a seguran\u00e7a parecia ser o ponto de converg\u00eancia, o tema que, nessa noite, unia aquelas cabe\u00e7as t\u00e3o distintas.<\/p>\n<p>Enquanto isso, do lado de fora, o lago refletia as luzes do restaurante e da cidade ao fundo. Carros vinham e iam, e os vigilantes, em suas rondas, faziam jus \u00e0s estat\u00edsticas.<\/p>\n<p>A mesa finalizou o jantar com sobremesas sofisticadas e um brinde ao progresso. No entanto, mesmo entre ta\u00e7as erguidas, pairava a incerteza que sempre acompanha as grandes discuss\u00f5es: ser\u00e1 que o que parecia t\u00e3o claro ali, entre talheres e comodidades, ressoava da mesma forma para quem estava do outro lado do Lago Sul?<\/p>\n<p>O jantar terminava e as reflex\u00f5es ficaram no ar. Afinal, como disse o jornalista, a confian\u00e7a \u00e9 delicada como um cristal \u2014 e t\u00e3o f\u00e1cil de estilha\u00e7ar quanto a mais fina ta\u00e7a que se deixa cair no ch\u00e3o. Ao levantar-se, o velho rep\u00f3rter olhou em nossa dire\u00e7\u00e3o e cumprimentou-nos. Aproximou-se e indagou:<\/p>\n<p>&#8211; E voc\u00eas, seus focas j\u00e1 crescidinhos, acham que o <em>Iba<\/em> est\u00e1 mesmo no rumo certo?<\/p>\n<p>Coube \u00e0 Sonja responder:<\/p>\n<p>&#8211; Avalio que sim. Ao menos na Comunica\u00e7\u00e3o, o governador colhe os frutos semeados pelo Baiano. E isso reflete no governo como um tudo e n\u00e3o apenas na \u00e1rea da seguran\u00e7a p\u00fablica.<\/p>\n<p>&#8230;&#8230;&#8230;&#8230;&#8230;&#8230;&#8230;&#8230;&#8230;&#8230;&#8230;&#8230;&#8230;&#8230;.<\/p>\n<p><strong>*Misael Igreja \u00e9 analista politico de Notibras<\/strong><\/p>\n","protected":false},"excerpt":{"rendered":"<p>Uma tr\u00e9gua na noite de quinta, 16, na chuva que cai sobre Bras\u00edlia nos \u00faltimos dias, permitiu-me dar uma escapada ao Pont\u00e3o, tendo por companhia a Sonja Tavares, minha colega de reda\u00e7\u00e3o aqui em Notibras, para degustarmos uma ta\u00e7a de vinho. Momentos c\u00e1lidos ali no in\u00edcio do Lago Sul. O restaurante reluzia com a opul\u00eancia [&hellip;]<\/p>\n","protected":false},"author":2,"featured_media":345846,"comment_status":"closed","ping_status":"closed","sticky":false,"template":"","format":"standard","meta":{"_acf_changed":false,"footnotes":""},"categories":[161],"tags":[],"class_list":["post-345845","post","type-post","status-publish","format-standard","has-post-thumbnail","hentry","category-quadradinho-em-foco"],"acf":[],"_links":{"self":[{"href":"https:\/\/www.notibras.com\/site\/wp-json\/wp\/v2\/posts\/345845","targetHints":{"allow":["GET"]}}],"collection":[{"href":"https:\/\/www.notibras.com\/site\/wp-json\/wp\/v2\/posts"}],"about":[{"href":"https:\/\/www.notibras.com\/site\/wp-json\/wp\/v2\/types\/post"}],"author":[{"embeddable":true,"href":"https:\/\/www.notibras.com\/site\/wp-json\/wp\/v2\/users\/2"}],"replies":[{"embeddable":true,"href":"https:\/\/www.notibras.com\/site\/wp-json\/wp\/v2\/comments?post=345845"}],"version-history":[{"count":1,"href":"https:\/\/www.notibras.com\/site\/wp-json\/wp\/v2\/posts\/345845\/revisions"}],"predecessor-version":[{"id":345847,"href":"https:\/\/www.notibras.com\/site\/wp-json\/wp\/v2\/posts\/345845\/revisions\/345847"}],"wp:featuredmedia":[{"embeddable":true,"href":"https:\/\/www.notibras.com\/site\/wp-json\/wp\/v2\/media\/345846"}],"wp:attachment":[{"href":"https:\/\/www.notibras.com\/site\/wp-json\/wp\/v2\/media?parent=345845"}],"wp:term":[{"taxonomy":"category","embeddable":true,"href":"https:\/\/www.notibras.com\/site\/wp-json\/wp\/v2\/categories?post=345845"},{"taxonomy":"post_tag","embeddable":true,"href":"https:\/\/www.notibras.com\/site\/wp-json\/wp\/v2\/tags?post=345845"}],"curies":[{"name":"wp","href":"https:\/\/api.w.org\/{rel}","templated":true}]}}