{"id":345848,"date":"2025-01-17T07:20:34","date_gmt":"2025-01-17T10:20:34","guid":{"rendered":"https:\/\/www.notibras.com\/site\/?p=345848"},"modified":"2025-01-17T07:39:47","modified_gmt":"2025-01-17T10:39:47","slug":"seu-valdir-aprendeu-com-tres-idades-a-arte-de-dizer-o-obvio","status":"publish","type":"post","link":"https:\/\/www.notibras.com\/site\/seu-valdir-aprendeu-com-tres-idades-a-arte-de-dizer-o-obvio\/","title":{"rendered":"Seu Valdir aprendeu com tr\u00eas idades a arte de dizer o \u00f3bvio"},"content":{"rendered":"<p>Meu pai \u00e9 uma figura, mas n\u00e3o dessas que encontramos em cada esquina. Ele tem algo que o distingue da grande maioria dos pais, que \u00e9 a capacidade de dizer o \u00f3bvio com tanta propriedade, que ficamos estupefatos de ouvi-lo.<\/p>\n<p>Seu Valdir, que no \u00faltimo dia 31 de dezembro completou 83 anos&#8230; Ali\u00e1s, al\u00e9m de ter nascido em uma dada inadequada para qualquer comemora\u00e7\u00e3o de anivers\u00e1rio, ainda h\u00e1 controv\u00e9rsias sobre o ano de nascimento. Controv\u00e9rsias, pois h\u00e1 mais de uma. Mas deixe-me explicar, antes que voc\u00ea imagine que a louca da hist\u00f3ria sou eu.<\/p>\n<p>Papai nasceu em Caxias, afamada terra de Gon\u00e7alves Dias, l\u00e1 no quase meu Maranh\u00e3o. Por que quase meu? \u00c9 que nasci em Teresina, Piau\u00ed, por quest\u00e3o de log\u00edstica da minha m\u00e3e, que, barriguda, preferiu parir no estado vizinho por ser, \u00e0quela \u00e9poca, mais seguro do beb\u00ea, no caso eu, vingar. E, gra\u00e7as \u00e0 perspic\u00e1cia de mam\u00e3e, eis que estou aqui para contar essa hist\u00f3ria.<\/p>\n<p>Pelas contas do meu pai, ele nasceu em 1941, foi registrado como se tivesse nascido em 1942 e, para complicar as coisas, quando se casou, n\u00e3o sei por que carga d&#8217;\u00e1gua, mudaram para 1945. Ou seja, o meu velho pode tranquilamente dizer que tem 83, 82 e at\u00e9 dar uma de gatinho e afirmar que tem 79. De qualquer modo, tem como provar pelo menos as duas \u00faltimas idades.<\/p>\n<p>Por que meu pai foi registrado como se tivesse nascido em 1942? Bem, segundo consta nos causos falados na fam\u00edlia, uma tia dele, para ludibriar o sistema de ingresso na escola, teria induzido meu av\u00f4 a registrar o filho com um ano a menos. Do contr\u00e1rio, papai n\u00e3o poderia ingressar nos estudos. Hist\u00f3ria plaus\u00edvel, pelo menos para mim.<\/p>\n<p>Quanto \u00e0 mudan\u00e7a de 1942 para 1945, parece mesmo que foi erro do cart\u00f3rio na hora de emitir a certid\u00e3o de casamento. S\u00e3o coisas que s\u00f3 acontecem com meu pai, que nem \u00e9 torcedor do Botafogo, j\u00e1 que \u00e9 Vasco desde os remotos tempos do Ademir Menezes.<\/p>\n<p>Meu pai \u00e9 uma mistura entre maranhense e carioca, pois, aos sete anos, foi morar no Rio de Janeiro, retornando para Caxias somente no final dos anos 1970, quando conheceu mam\u00e3e e, ent\u00e3o, os dois se consorciaram. Digo at\u00e9 que parece mais carioca, principalmente quando o vejo perto do meu marido, que tem o esdr\u00faxulo h\u00e1bito de cal\u00e7ar chinelo com meia. Sem falar que chia mais que chaleira.<\/p>\n<p>Mas voltando \u00e0 quest\u00e3o do meu amado genitor dizer o \u00f3bvio como se fosse a coisa mais natural, eis que vim lhe fazer uma visita nesses dias. Assim que entrei, beijei seu rosto. Ele me abra\u00e7ou e, ap\u00f3s alguns minutos sentada ao seu lado no sof\u00e1, fui procurar pela minha m\u00e3e, mas n\u00e3o a encontrei. Nisso, gritei da cozinha:<\/p>\n<p>\u2014 Pai, cad\u00ea minha m\u00e3e?<\/p>\n<p>\u2014 Se n\u00e3o estiver em casa, saiu.<\/p>\n<p>&#8230;&#8230;&#8230;&#8230;&#8230;&#8230;&#8230;&#8230;&#8230;&#8230;&#8230;&#8230;&#8230;.<\/p>\n<div><strong>Eduardo Mart\u00ednez \u00e9 autor do livro \u201c57 Contos e Cr\u00f4nicas por um Autor muito Velho\u201d.<\/strong><\/div>\n<div>\n<div class=\"mvp-post-soc-in\">\n<div id=\"mvp-content-body\" class=\"left relative\">\n<div id=\"mvp-content-body-top\" class=\"left relative\">\n<div id=\"mvp-content-main\" class=\"left relative\">\n<p>Compre aqui\u00a0<span class=\"x19la9d6 x1fc57z9 x6ikm8r x10wlt62 x19co3pv x1g5zs5t xfibh0p xiy17q3 x1xsqp64 x1lkfr7t xexx8yu x4uap5 x18d9i69 xkhd6sd\"><span class=\"xrtxmta x1bhl96m\"><img decoding=\"async\" class=\"emoji\" role=\"img\" draggable=\"false\" src=\"https:\/\/s.w.org\/images\/core\/emoji\/14.0.0\/svg\/1f447-1f3ff.svg\" alt=\"&#x1f447;&#x1f3ff;\" \/><\/span><\/span><span class=\"x19la9d6 x1fc57z9 x6ikm8r x10wlt62 x19co3pv x1g5zs5t xfibh0p xiy17q3 x1xsqp64 x1lkfr7t xexx8yu x4uap5 x18d9i69 xkhd6sd\"><span class=\"xrtxmta x1bhl96m\"><img decoding=\"async\" class=\"emoji\" role=\"img\" draggable=\"false\" src=\"https:\/\/s.w.org\/images\/core\/emoji\/14.0.0\/svg\/1f447-1f3ff.svg\" alt=\"&#x1f447;&#x1f3ff;\" \/><\/span><\/span><span class=\"x19la9d6 x1fc57z9 x6ikm8r x10wlt62 x19co3pv x1g5zs5t xfibh0p xiy17q3 x1xsqp64 x1lkfr7t xexx8yu x4uap5 x18d9i69 xkhd6sd\"><span class=\"xrtxmta x1bhl96m\"><img decoding=\"async\" class=\"emoji\" role=\"img\" draggable=\"false\" src=\"https:\/\/s.w.org\/images\/core\/emoji\/14.0.0\/svg\/1f447-1f3ff.svg\" alt=\"&#x1f447;&#x1f3ff;\" \/><\/span><\/span><\/p>\n<p><a href=\"http:\/\/www.joanineditora.com.br\/57-contos-e-cronicas-por-um-autor-muito-velho\">http:\/\/www.joanineditora.com.br\/57-contos-e-cronicas-por-um-autor-muito-velho<\/a><\/p>\n<\/div>\n<\/div>\n<\/div>\n<\/div>\n<\/div>\n","protected":false},"excerpt":{"rendered":"<p>Meu pai \u00e9 uma figura, mas n\u00e3o dessas que encontramos em cada esquina. Ele tem algo que o distingue da grande maioria dos pais, que \u00e9 a capacidade de dizer o \u00f3bvio com tanta propriedade, que ficamos estupefatos de ouvi-lo. Seu Valdir, que no \u00faltimo dia 31 de dezembro completou 83 anos&#8230; Ali\u00e1s, al\u00e9m de [&hellip;]<\/p>\n","protected":false},"author":2,"featured_media":345849,"comment_status":"closed","ping_status":"closed","sticky":false,"template":"","format":"standard","meta":{"_acf_changed":false,"footnotes":""},"categories":[161],"tags":[],"class_list":["post-345848","post","type-post","status-publish","format-standard","has-post-thumbnail","hentry","category-quadradinho-em-foco"],"acf":[],"_links":{"self":[{"href":"https:\/\/www.notibras.com\/site\/wp-json\/wp\/v2\/posts\/345848","targetHints":{"allow":["GET"]}}],"collection":[{"href":"https:\/\/www.notibras.com\/site\/wp-json\/wp\/v2\/posts"}],"about":[{"href":"https:\/\/www.notibras.com\/site\/wp-json\/wp\/v2\/types\/post"}],"author":[{"embeddable":true,"href":"https:\/\/www.notibras.com\/site\/wp-json\/wp\/v2\/users\/2"}],"replies":[{"embeddable":true,"href":"https:\/\/www.notibras.com\/site\/wp-json\/wp\/v2\/comments?post=345848"}],"version-history":[{"count":1,"href":"https:\/\/www.notibras.com\/site\/wp-json\/wp\/v2\/posts\/345848\/revisions"}],"predecessor-version":[{"id":345850,"href":"https:\/\/www.notibras.com\/site\/wp-json\/wp\/v2\/posts\/345848\/revisions\/345850"}],"wp:featuredmedia":[{"embeddable":true,"href":"https:\/\/www.notibras.com\/site\/wp-json\/wp\/v2\/media\/345849"}],"wp:attachment":[{"href":"https:\/\/www.notibras.com\/site\/wp-json\/wp\/v2\/media?parent=345848"}],"wp:term":[{"taxonomy":"category","embeddable":true,"href":"https:\/\/www.notibras.com\/site\/wp-json\/wp\/v2\/categories?post=345848"},{"taxonomy":"post_tag","embeddable":true,"href":"https:\/\/www.notibras.com\/site\/wp-json\/wp\/v2\/tags?post=345848"}],"curies":[{"name":"wp","href":"https:\/\/api.w.org\/{rel}","templated":true}]}}