{"id":345854,"date":"2025-01-17T00:05:36","date_gmt":"2025-01-17T03:05:36","guid":{"rendered":"https:\/\/www.notibras.com\/site\/?p=345854"},"modified":"2025-01-17T07:59:47","modified_gmt":"2025-01-17T10:59:47","slug":"reajuste-de-servidores-da-uniao-sera-pago-apos-sancao-do-orcamento","status":"publish","type":"post","link":"https:\/\/www.notibras.com\/site\/reajuste-de-servidores-da-uniao-sera-pago-apos-sancao-do-orcamento\/","title":{"rendered":"Reajuste de servidores da Uni\u00e3o ser\u00e1 pago ap\u00f3s san\u00e7\u00e3o do Or\u00e7amento"},"content":{"rendered":"<p>Os sal\u00e1rios com reajustes da maioria das categorias de servidores do Poder Executivo Federal ser\u00e3o pagos ap\u00f3s a san\u00e7\u00e3o da Lei Or\u00e7ament\u00e1ria Anual (LOA) de 2025. A legisla\u00e7\u00e3o vai ser apreciada e votada pelo Congresso Nacional, o que \u00e9 previsto para fevereiro. Os reajustes, acordados entre o governo e as categorias, s\u00e3o v\u00e1lidos a partir de 1\u00ba janeiro deste ano.<\/p>\n<p>A Medida Provis\u00f3ria 1.286 , que definiu os reajustes salariais, foi publicada no dia 31 de dezembro do ano passado no Di\u00e1rio Oficial da Uni\u00e3o (DOU). Ocupantes de fun\u00e7\u00f5es e de cargos comissionados tamb\u00e9m foram contemplados pela medida, mas s\u00e3o v\u00e1lidos a partir de 1\u00ba de fevereiro.<\/p>\n<p>O reajuste m\u00e9dio acumulado dos servidores at\u00e9 2026 ser\u00e1 de \u202f27%, percentual que inclui os \u202f9% concedidos em 2023, ap\u00f3s acordo celebrado na \u202fmesa de negocia\u00e7\u00e3o.<\/p>\n<p><strong>Or\u00e7amento<\/strong><br \/>\nNeste ano, a recomposi\u00e7\u00e3o salarial ter\u00e1 impacto prim\u00e1rio de R$ 16,2 bilh\u00f5es nos gastos com pessoal do Executivo. Esse valor est\u00e1 previsto no projeto de lei do Or\u00e7amento encaminhado ao Congresso Nacional em 2024. Em 2026, deve ser de aproximadamente\u202fR$ 8 bilh\u00f5es.<\/p>\n<p>No ano passado, o relator do Or\u00e7amento de 2025 (PLN 26\/24), senador Angelo Coronel (PSD-BA), anunciou que a vota\u00e7\u00e3o ficou para fevereiro em vista das altera\u00e7\u00f5es no texto provocadas pela aprova\u00e7\u00e3o dos projetos de ajuste fiscal e da promulga\u00e7\u00e3o da nova Emenda Constitucional que altera o abono salarial.<\/p>\n<p><strong>\u201cValoriza\u00e7\u00e3o\u201d<\/strong><br \/>\nSegundo a ministra da Gest\u00e3o, Esther Dweck, a recomposi\u00e7\u00e3o salarial dos servidores faz parte de um processo mais amplo de mudan\u00e7as em prol da valoriza\u00e7\u00e3o e reconhecimento de profissionais.<\/p>\n<p>\u201cReativamos a mesa de negocia\u00e7\u00e3o ap\u00f3s sete anos desativada, e muitos servidores ficaram de quatro a seis anos sem nenhum reajuste\u201d, disse a ministra em entrevista coletiva no final do ano passado.<\/p>\n","protected":false},"excerpt":{"rendered":"<p>Os sal\u00e1rios com reajustes da maioria das categorias de servidores do Poder Executivo Federal ser\u00e3o pagos ap\u00f3s a san\u00e7\u00e3o da Lei Or\u00e7ament\u00e1ria Anual (LOA) de 2025. A legisla\u00e7\u00e3o vai ser apreciada e votada pelo Congresso Nacional, o que \u00e9 previsto para fevereiro. Os reajustes, acordados entre o governo e as categorias, s\u00e3o v\u00e1lidos a partir [&hellip;]<\/p>\n","protected":false},"author":2,"featured_media":345855,"comment_status":"closed","ping_status":"closed","sticky":false,"template":"","format":"standard","meta":{"_acf_changed":false,"footnotes":""},"categories":[161],"tags":[],"class_list":["post-345854","post","type-post","status-publish","format-standard","has-post-thumbnail","hentry","category-quadradinho-em-foco"],"acf":[],"_links":{"self":[{"href":"https:\/\/www.notibras.com\/site\/wp-json\/wp\/v2\/posts\/345854","targetHints":{"allow":["GET"]}}],"collection":[{"href":"https:\/\/www.notibras.com\/site\/wp-json\/wp\/v2\/posts"}],"about":[{"href":"https:\/\/www.notibras.com\/site\/wp-json\/wp\/v2\/types\/post"}],"author":[{"embeddable":true,"href":"https:\/\/www.notibras.com\/site\/wp-json\/wp\/v2\/users\/2"}],"replies":[{"embeddable":true,"href":"https:\/\/www.notibras.com\/site\/wp-json\/wp\/v2\/comments?post=345854"}],"version-history":[{"count":1,"href":"https:\/\/www.notibras.com\/site\/wp-json\/wp\/v2\/posts\/345854\/revisions"}],"predecessor-version":[{"id":345856,"href":"https:\/\/www.notibras.com\/site\/wp-json\/wp\/v2\/posts\/345854\/revisions\/345856"}],"wp:featuredmedia":[{"embeddable":true,"href":"https:\/\/www.notibras.com\/site\/wp-json\/wp\/v2\/media\/345855"}],"wp:attachment":[{"href":"https:\/\/www.notibras.com\/site\/wp-json\/wp\/v2\/media?parent=345854"}],"wp:term":[{"taxonomy":"category","embeddable":true,"href":"https:\/\/www.notibras.com\/site\/wp-json\/wp\/v2\/categories?post=345854"},{"taxonomy":"post_tag","embeddable":true,"href":"https:\/\/www.notibras.com\/site\/wp-json\/wp\/v2\/tags?post=345854"}],"curies":[{"name":"wp","href":"https:\/\/api.w.org\/{rel}","templated":true}]}}