{"id":345860,"date":"2025-01-17T00:00:36","date_gmt":"2025-01-17T03:00:36","guid":{"rendered":"https:\/\/www.notibras.com\/site\/?p=345860"},"modified":"2025-01-17T08:14:07","modified_gmt":"2025-01-17T11:14:07","slug":"estudantes-se-destacam-com-notas-superiores-a-900-na-redacao-do-enem","status":"publish","type":"post","link":"https:\/\/www.notibras.com\/site\/estudantes-se-destacam-com-notas-superiores-a-900-na-redacao-do-enem\/","title":{"rendered":"Estudantes se destacam com notas superiores a 900 na reda\u00e7\u00e3o do Enem"},"content":{"rendered":"<p>Dez alunas do Centro Educacional 08 (CED 08) do Gama obtiveram mais de 900 pontos na reda\u00e7\u00e3o do Exame Nacional do Ensino M\u00e9dio (Enem) 2024. No Distrito Federal, 648 estudantes alcan\u00e7aram notas entre 940 e 980 na reda\u00e7\u00e3o, sendo 32 deles da rede p\u00fablica. O desempenho destacado das alunas da unidade escolar \u00e9 resultado do trabalho cont\u00ednuo de prepara\u00e7\u00e3o promovido pela escola ao longo do ano, um esfor\u00e7o que foi amplamente reconhecido e elogiado por familiares e professores.<\/p>\n<p>O diretor da escola, Francisco Valdevino, destaca que o sucesso dos alunos \u00e9 resultado de uma rotina rigorosa de prepara\u00e7\u00e3o. \u201cOferecemos aulas semanais de reda\u00e7\u00e3o e simulados cronometrados, com foco no terceiro ano. Nosso trabalho come\u00e7a com um ano de anteced\u00eancia, preparando os estudantes para o Enem com pr\u00e1ticas cont\u00ednuas\u201d, explica. O gestor tamb\u00e9m relembrou o sucesso do ano anterior, quando 26 alunos foram aprovados no exame.<\/p>\n<p>No ano de 2024, o CED 08 do Gama contou com seis turmas e 179 alunos no terceiro ano do ensino m\u00e9dio, dos quais mais de 100 se inscreveram para a prova do Enem. Ana Victoria dos Santos, de 19 anos, uma das alunas que obteve a nota 940, destaca a ajuda da escola durante o processo de inscri\u00e7\u00e3o. \u201cA escola montou uma sala com um computador para facilitar as inscri\u00e7\u00f5es. Eles tamb\u00e9m nos incentivaram a aproveitar os espa\u00e7os de estudo, como a biblioteca\u201d, conta a estudante, que se dedicou ainda mais ajudando os colegas a se inscreverem.<\/p>\n<p>Izabelle Iz\u00eddio, 17, que tamb\u00e9m alcan\u00e7ou a nota 940, expressa a felicidade com a conquista: \u201cMinha fam\u00edlia ficou muito orgulhosa. Minha prima fez uma postagem maravilhosa nas redes sociais, e meus pais est\u00e3o muito felizes. Eles sempre me apoiam, e ver a felicidade deles me motiva ainda mais\u201d.<\/p>\n<p>Maria Fernanda Veloso, 18, que obteve a nota 920, atribui seu sucesso \u00e0 pr\u00e1tica constante. \u201cFizemos oito reda\u00e7\u00f5es cronometradas ao longo do ano e, al\u00e9m disso, a professora sugeriu que escrev\u00eassemos em casa. Com isso, percebi o quanto a pr\u00e1tica constante fez a diferen\u00e7a para melhorar meus textos\u201d, compartilha Maria.<\/p>\n<p>A coordenadora regional de Ensino do Gama, C\u00e1ssia Nunes, ressalta o esfor\u00e7o da escola em investir em projetos pedag\u00f3gicos ao longo dos \u00faltimos dez anos, o que tem garantido bons resultados: \u201cEsses projetos visam a amplia\u00e7\u00e3o do aprendizado dos alunos e s\u00f3 foram bem-sucedidos gra\u00e7as ao apoio das fam\u00edlias e ao engajamento dos estudantes\u201d.<\/p>\n","protected":false},"excerpt":{"rendered":"<p>Dez alunas do Centro Educacional 08 (CED 08) do Gama obtiveram mais de 900 pontos na reda\u00e7\u00e3o do Exame Nacional do Ensino M\u00e9dio (Enem) 2024. No Distrito Federal, 648 estudantes alcan\u00e7aram notas entre 940 e 980 na reda\u00e7\u00e3o, sendo 32 deles da rede p\u00fablica. O desempenho destacado das alunas da unidade escolar \u00e9 resultado do [&hellip;]<\/p>\n","protected":false},"author":2,"featured_media":345861,"comment_status":"closed","ping_status":"closed","sticky":false,"template":"","format":"standard","meta":{"_acf_changed":false,"footnotes":""},"categories":[161],"tags":[],"class_list":["post-345860","post","type-post","status-publish","format-standard","has-post-thumbnail","hentry","category-quadradinho-em-foco"],"acf":[],"_links":{"self":[{"href":"https:\/\/www.notibras.com\/site\/wp-json\/wp\/v2\/posts\/345860","targetHints":{"allow":["GET"]}}],"collection":[{"href":"https:\/\/www.notibras.com\/site\/wp-json\/wp\/v2\/posts"}],"about":[{"href":"https:\/\/www.notibras.com\/site\/wp-json\/wp\/v2\/types\/post"}],"author":[{"embeddable":true,"href":"https:\/\/www.notibras.com\/site\/wp-json\/wp\/v2\/users\/2"}],"replies":[{"embeddable":true,"href":"https:\/\/www.notibras.com\/site\/wp-json\/wp\/v2\/comments?post=345860"}],"version-history":[{"count":1,"href":"https:\/\/www.notibras.com\/site\/wp-json\/wp\/v2\/posts\/345860\/revisions"}],"predecessor-version":[{"id":345862,"href":"https:\/\/www.notibras.com\/site\/wp-json\/wp\/v2\/posts\/345860\/revisions\/345862"}],"wp:featuredmedia":[{"embeddable":true,"href":"https:\/\/www.notibras.com\/site\/wp-json\/wp\/v2\/media\/345861"}],"wp:attachment":[{"href":"https:\/\/www.notibras.com\/site\/wp-json\/wp\/v2\/media?parent=345860"}],"wp:term":[{"taxonomy":"category","embeddable":true,"href":"https:\/\/www.notibras.com\/site\/wp-json\/wp\/v2\/categories?post=345860"},{"taxonomy":"post_tag","embeddable":true,"href":"https:\/\/www.notibras.com\/site\/wp-json\/wp\/v2\/tags?post=345860"}],"curies":[{"name":"wp","href":"https:\/\/api.w.org\/{rel}","templated":true}]}}