{"id":345885,"date":"2025-01-18T02:22:15","date_gmt":"2025-01-18T05:22:15","guid":{"rendered":"https:\/\/www.notibras.com\/site\/?p=345885"},"modified":"2025-01-18T02:22:15","modified_gmt":"2025-01-18T05:22:15","slug":"ministerio-das-cidades-fara-mais-casas-em-pernambuco","status":"publish","type":"post","link":"https:\/\/www.notibras.com\/site\/ministerio-das-cidades-fara-mais-casas-em-pernambuco\/","title":{"rendered":"Minist\u00e9rio das Cidades far\u00e1 mais casas em Pernambuco"},"content":{"rendered":"<p>Setecentos e quatro novas unidades habitacionais ser\u00e3o constru\u00eddas em \u00e1reas populosas, j\u00e1 consolidadas ou em expans\u00e3o, nos estados de Pernambuco e Minas Gerais. A estimativa \u00e9 que com as obras, 2,8 mil pessoas poder\u00e3o viver em resid\u00eancia pr\u00f3pria, como objetiva o programa Minha Casa Minha Vida do governo federal.<\/p>\n<p>Em Pernambuco, 360 im\u00f3veis ser\u00e3o constru\u00eddos em dois conjuntos habitacionais de Olinda, vizinha da capital, Recife. De acordo com nota do Minist\u00e9rio das Cidades, 200 moradias ser\u00e3o erguidas em Belo Horizonte e 144 na cidade de Nova Lima, a cerca de 22 quil\u00f4metros da capital mineira.<\/p>\n<p>As casas t\u00e9rreas a serem constru\u00eddas dever\u00e3o ter no m\u00ednimo 40 metros quadrados (m\u00b2) de \u00e1rea. Os apartamentos e as casas sobrepostas dever\u00e3o medir pelo menos 41,50 m\u00b2 (incluindo varanda). Ser\u00e3o atendidas fam\u00edlias com renda de at\u00e9 R$ 2.850.<\/p>\n<p>A previs\u00e3o de gasto \u00e9 de R$ 119,2 milh\u00f5es do Novo Programa de Acelera\u00e7\u00e3o do Crescimento (PAC), capitalizado com recursos para a constru\u00e7\u00e3o do Fundo de Arrendamento Residencial.<\/p>\n<p>Conforme resolu\u00e7\u00e3o do Banco Central, o correspondente banc\u00e1rio atua para intermediar a rela\u00e7\u00e3o entre o comprador de um im\u00f3vel e o banco at\u00e9 a aprova\u00e7\u00e3o do cr\u00e9dito.<\/p>\n<p>Cerca de R$ 3 bilh\u00f5es est\u00e3o dispon\u00edveis, por meio da Caixa Econ\u00f4mica, para a compra de im\u00f3veis em \u00e1reas urbanas e rurais. Os recursos foram previstos em duas medidas provis\u00f3rias propostas no ano passado pelo governo ao Congresso Nacional.<\/p>\n","protected":false},"excerpt":{"rendered":"<p>Setecentos e quatro novas unidades habitacionais ser\u00e3o constru\u00eddas em \u00e1reas populosas, j\u00e1 consolidadas ou em expans\u00e3o, nos estados de Pernambuco e Minas Gerais. A estimativa \u00e9 que com as obras, 2,8 mil pessoas poder\u00e3o viver em resid\u00eancia pr\u00f3pria, como objetiva o programa Minha Casa Minha Vida do governo federal. Em Pernambuco, 360 im\u00f3veis ser\u00e3o constru\u00eddos [&hellip;]<\/p>\n","protected":false},"author":2,"featured_media":345886,"comment_status":"closed","ping_status":"closed","sticky":false,"template":"","format":"standard","meta":{"_acf_changed":false,"footnotes":""},"categories":[165],"tags":[],"class_list":["post-345885","post","type-post","status-publish","format-standard","has-post-thumbnail","hentry","category-nordeste"],"acf":[],"_links":{"self":[{"href":"https:\/\/www.notibras.com\/site\/wp-json\/wp\/v2\/posts\/345885","targetHints":{"allow":["GET"]}}],"collection":[{"href":"https:\/\/www.notibras.com\/site\/wp-json\/wp\/v2\/posts"}],"about":[{"href":"https:\/\/www.notibras.com\/site\/wp-json\/wp\/v2\/types\/post"}],"author":[{"embeddable":true,"href":"https:\/\/www.notibras.com\/site\/wp-json\/wp\/v2\/users\/2"}],"replies":[{"embeddable":true,"href":"https:\/\/www.notibras.com\/site\/wp-json\/wp\/v2\/comments?post=345885"}],"version-history":[{"count":1,"href":"https:\/\/www.notibras.com\/site\/wp-json\/wp\/v2\/posts\/345885\/revisions"}],"predecessor-version":[{"id":345887,"href":"https:\/\/www.notibras.com\/site\/wp-json\/wp\/v2\/posts\/345885\/revisions\/345887"}],"wp:featuredmedia":[{"embeddable":true,"href":"https:\/\/www.notibras.com\/site\/wp-json\/wp\/v2\/media\/345886"}],"wp:attachment":[{"href":"https:\/\/www.notibras.com\/site\/wp-json\/wp\/v2\/media?parent=345885"}],"wp:term":[{"taxonomy":"category","embeddable":true,"href":"https:\/\/www.notibras.com\/site\/wp-json\/wp\/v2\/categories?post=345885"},{"taxonomy":"post_tag","embeddable":true,"href":"https:\/\/www.notibras.com\/site\/wp-json\/wp\/v2\/tags?post=345885"}],"curies":[{"name":"wp","href":"https:\/\/api.w.org\/{rel}","templated":true}]}}