{"id":345920,"date":"2025-01-18T00:18:05","date_gmt":"2025-01-18T03:18:05","guid":{"rendered":"https:\/\/www.notibras.com\/site\/?p=345920"},"modified":"2025-01-18T10:19:25","modified_gmt":"2025-01-18T13:19:25","slug":"novos-beneficiarios-tem-ate-o-dia-27-para-abrir-conta-no-brb","status":"publish","type":"post","link":"https:\/\/www.notibras.com\/site\/novos-beneficiarios-tem-ate-o-dia-27-para-abrir-conta-no-brb\/","title":{"rendered":"Novos benefici\u00e1rios t\u00eam at\u00e9 o dia 27 para abrir conta no BRB"},"content":{"rendered":"<p>A Secretaria de Desenvolvimento Social (Sedes-DF) selecionou 3.755 novas fam\u00edlias benefici\u00e1rias do programa DF Social para abrirem a conta no Banco de Bras\u00edlia (BRB) e terem acesso ao aux\u00edlio mensal de R$ 150. Para garantir o pr\u00f3ximo pagamento, \u00e9 necess\u00e1rio que o cidad\u00e3o tenha a conta social \u2013 n\u00e3o se trata de uma conta banc\u00e1ria comum \u2013 aberta at\u00e9 as 18h do dia 27 deste m\u00eas.<\/p>\n<p>Aqueles que n\u00e3o fizerem o procedimento no prazo estabelecido ter\u00e3o que aguardar nova rodada de contempla\u00e7\u00e3o. A abertura da conta social deve ser realizada pelo aplicativo BRB Mobile. Basta seguir o passo a passo neste link.<\/p>\n<p>Para saber se foi contemplado, o cidad\u00e3o precisa fazer a consulta no site GDF Social e confirmar se est\u00e1 entre os benefici\u00e1rios. No portal, em \u201cConsulta DF Social\u201d, basta informar CPF e data de nascimento do respons\u00e1vel financeiro, conforme declarado no Cadastro \u00danico. Ap\u00f3s esse procedimento, aparece mensagem na tela informando se a pessoa est\u00e1 ou n\u00e3o na lista de contemplados.<\/p>\n<p>\u201c\u00c9 fundamental que as fam\u00edlias mantenham suas informa\u00e7\u00f5es cadastrais atualizadas e verifiquem se foram contempladas no programa\u201d, refor\u00e7a a secret\u00e1ria de Desenvolvimento Social, Ana Paula Marra. \u201cAl\u00e9m disso, \u00e9 importante que a conta seja aberta dentro do prazo para garantir o recebimento desse aux\u00edlio mensal, que \u00e9 t\u00e3o essencial no dia a dia.\u201d<\/p>\n<p>O DF Social \u00e9 o programa de transfer\u00eancia de renda do Governo do Distrito Federal (GDF) que concede o valor de R$ 150 mensais destinado \u00e0s fam\u00edlias de baixa renda. T\u00eam direito ao benef\u00edcio os grupos com renda per capita de at\u00e9 meio sal\u00e1rio m\u00ednimo inscritos no Cadastro \u00danico.<\/p>\n<p>Para participar do programa, n\u00e3o \u00e9 necess\u00e1rio solicitar a inclus\u00e3o nas unidades do Centro de Refer\u00eancia de Assist\u00eancia Social (Cras). A sele\u00e7\u00e3o ocorre automaticamente, conforme prioriza\u00e7\u00e3o dos p\u00fablicos descritos em lei e disponibilidade or\u00e7ament\u00e1ria.<\/p>\n","protected":false},"excerpt":{"rendered":"<p>A Secretaria de Desenvolvimento Social (Sedes-DF) selecionou 3.755 novas fam\u00edlias benefici\u00e1rias do programa DF Social para abrirem a conta no Banco de Bras\u00edlia (BRB) e terem acesso ao aux\u00edlio mensal de R$ 150. Para garantir o pr\u00f3ximo pagamento, \u00e9 necess\u00e1rio que o cidad\u00e3o tenha a conta social \u2013 n\u00e3o se trata de uma conta banc\u00e1ria [&hellip;]<\/p>\n","protected":false},"author":2,"featured_media":345921,"comment_status":"closed","ping_status":"closed","sticky":false,"template":"","format":"standard","meta":{"_acf_changed":false,"footnotes":""},"categories":[161],"tags":[],"class_list":["post-345920","post","type-post","status-publish","format-standard","has-post-thumbnail","hentry","category-quadradinho-em-foco"],"acf":[],"_links":{"self":[{"href":"https:\/\/www.notibras.com\/site\/wp-json\/wp\/v2\/posts\/345920","targetHints":{"allow":["GET"]}}],"collection":[{"href":"https:\/\/www.notibras.com\/site\/wp-json\/wp\/v2\/posts"}],"about":[{"href":"https:\/\/www.notibras.com\/site\/wp-json\/wp\/v2\/types\/post"}],"author":[{"embeddable":true,"href":"https:\/\/www.notibras.com\/site\/wp-json\/wp\/v2\/users\/2"}],"replies":[{"embeddable":true,"href":"https:\/\/www.notibras.com\/site\/wp-json\/wp\/v2\/comments?post=345920"}],"version-history":[{"count":1,"href":"https:\/\/www.notibras.com\/site\/wp-json\/wp\/v2\/posts\/345920\/revisions"}],"predecessor-version":[{"id":345922,"href":"https:\/\/www.notibras.com\/site\/wp-json\/wp\/v2\/posts\/345920\/revisions\/345922"}],"wp:featuredmedia":[{"embeddable":true,"href":"https:\/\/www.notibras.com\/site\/wp-json\/wp\/v2\/media\/345921"}],"wp:attachment":[{"href":"https:\/\/www.notibras.com\/site\/wp-json\/wp\/v2\/media?parent=345920"}],"wp:term":[{"taxonomy":"category","embeddable":true,"href":"https:\/\/www.notibras.com\/site\/wp-json\/wp\/v2\/categories?post=345920"},{"taxonomy":"post_tag","embeddable":true,"href":"https:\/\/www.notibras.com\/site\/wp-json\/wp\/v2\/tags?post=345920"}],"curies":[{"name":"wp","href":"https:\/\/api.w.org\/{rel}","templated":true}]}}