{"id":345923,"date":"2025-01-18T00:00:08","date_gmt":"2025-01-18T03:00:08","guid":{"rendered":"https:\/\/www.notibras.com\/site\/?p=345923"},"modified":"2025-01-18T10:27:21","modified_gmt":"2025-01-18T13:27:21","slug":"tunel-rei-pele-fecha-dois-dias-para-manutencao","status":"publish","type":"post","link":"https:\/\/www.notibras.com\/site\/tunel-rei-pele-fecha-dois-dias-para-manutencao\/","title":{"rendered":"T\u00fanel Rei Pel\u00e9 fecha dois dias para manuten\u00e7\u00e3o"},"content":{"rendered":"<p>O T\u00fanel Rei Pel\u00e9, via de liga\u00e7\u00e3o com, Taguatinga, passar\u00e1 por a\u00e7\u00f5es de manuten\u00e7\u00e3o preventiva neste m\u00eas. As interdi\u00e7\u00f5es ocorrem nos dias 21 e 23 de janeiro. Durante os trabalhos, ser\u00e1 realizada inspe\u00e7\u00e3o do pavimento, revitaliza\u00e7\u00e3o da sinaliza\u00e7\u00e3o horizontal e manuten\u00e7\u00e3o dos sistemas de ilumina\u00e7\u00e3o e monitoramento por c\u00e2meras. Motoristas devem planejar o trajeto e optar por rotas alternativas.<\/p>\n<p>As interven\u00e7\u00f5es come\u00e7am na noite do dia 21 de janeiro, com o fechamento do t\u00fanel sul. J\u00e1 no dia 23 de janeiro, ser\u00e1 a vez do t\u00fanel norte. Ambos os trechos ser\u00e3o interditados no per\u00edodo noturno, entre 22h e 5h, para minimizar os impactos no tr\u00e2nsito.<\/p>\n<p>De acordo com o secret\u00e1rio de Obras e Infraestrutura, Valter Casimiro, a manuten\u00e7\u00e3o preventiva \u00e9 essencial para a conserva\u00e7\u00e3o da estrutura e seguran\u00e7a dos usu\u00e1rios. \u201cEsse tipo de trabalho \u00e9 indispens\u00e1vel para garantir que o t\u00fanel continue em pleno funcionamento, atendendo milhares de motoristas diariamente. Nossa prioridade \u00e9 a seguran\u00e7a e a longevidade dessa importante via\u201d, destacou.<\/p>\n","protected":false},"excerpt":{"rendered":"<p>O T\u00fanel Rei Pel\u00e9, via de liga\u00e7\u00e3o com, Taguatinga, passar\u00e1 por a\u00e7\u00f5es de manuten\u00e7\u00e3o preventiva neste m\u00eas. As interdi\u00e7\u00f5es ocorrem nos dias 21 e 23 de janeiro. Durante os trabalhos, ser\u00e1 realizada inspe\u00e7\u00e3o do pavimento, revitaliza\u00e7\u00e3o da sinaliza\u00e7\u00e3o horizontal e manuten\u00e7\u00e3o dos sistemas de ilumina\u00e7\u00e3o e monitoramento por c\u00e2meras. Motoristas devem planejar o trajeto e [&hellip;]<\/p>\n","protected":false},"author":2,"featured_media":345924,"comment_status":"closed","ping_status":"closed","sticky":false,"template":"","format":"standard","meta":{"_acf_changed":false,"footnotes":""},"categories":[161],"tags":[],"class_list":["post-345923","post","type-post","status-publish","format-standard","has-post-thumbnail","hentry","category-quadradinho-em-foco"],"acf":[],"_links":{"self":[{"href":"https:\/\/www.notibras.com\/site\/wp-json\/wp\/v2\/posts\/345923","targetHints":{"allow":["GET"]}}],"collection":[{"href":"https:\/\/www.notibras.com\/site\/wp-json\/wp\/v2\/posts"}],"about":[{"href":"https:\/\/www.notibras.com\/site\/wp-json\/wp\/v2\/types\/post"}],"author":[{"embeddable":true,"href":"https:\/\/www.notibras.com\/site\/wp-json\/wp\/v2\/users\/2"}],"replies":[{"embeddable":true,"href":"https:\/\/www.notibras.com\/site\/wp-json\/wp\/v2\/comments?post=345923"}],"version-history":[{"count":1,"href":"https:\/\/www.notibras.com\/site\/wp-json\/wp\/v2\/posts\/345923\/revisions"}],"predecessor-version":[{"id":345925,"href":"https:\/\/www.notibras.com\/site\/wp-json\/wp\/v2\/posts\/345923\/revisions\/345925"}],"wp:featuredmedia":[{"embeddable":true,"href":"https:\/\/www.notibras.com\/site\/wp-json\/wp\/v2\/media\/345924"}],"wp:attachment":[{"href":"https:\/\/www.notibras.com\/site\/wp-json\/wp\/v2\/media?parent=345923"}],"wp:term":[{"taxonomy":"category","embeddable":true,"href":"https:\/\/www.notibras.com\/site\/wp-json\/wp\/v2\/categories?post=345923"},{"taxonomy":"post_tag","embeddable":true,"href":"https:\/\/www.notibras.com\/site\/wp-json\/wp\/v2\/tags?post=345923"}],"curies":[{"name":"wp","href":"https:\/\/api.w.org\/{rel}","templated":true}]}}