{"id":345930,"date":"2025-01-19T00:44:17","date_gmt":"2025-01-19T03:44:17","guid":{"rendered":"https:\/\/www.notibras.com\/site\/?p=345930"},"modified":"2025-01-19T00:45:26","modified_gmt":"2025-01-19T03:45:26","slug":"casabloco-deixa-terra-do-samba-para-sentir-frevo-no-pe-em-olinda","status":"publish","type":"post","link":"https:\/\/www.notibras.com\/site\/casabloco-deixa-terra-do-samba-para-sentir-frevo-no-pe-em-olinda\/","title":{"rendered":"CasaBloco deixa terra do samba para sentir frevo no p\u00e9 em Olinda"},"content":{"rendered":"<p>A CasaBloco, do Rio de Janeiro, manter\u00e1 este ano seu projeto de avan\u00e7ar al\u00e9m da Terra do Samba para dar uma esticada pela segunda vez no pr\u00e9-carnaval de Olinda. Ser\u00e1 nos dias 1\u00ba e 2 de fevereiro, em parceria com o Centro Cultural Casa Esta\u00e7\u00e3o da Luz. \u00c9 a mistura do samba carioca com o frevo pernambucano.<\/p>\n<p>\u201cA gente tem planos de expandir em 2026 para mais uma cidade. A gente est\u00e1 querendo levar o projeto para Salvador, para fazer o tri\u00e2ngulo Rio, Olinda e Salvador\u201d, adiantou Rita Fernandes, coordenadora do projeto.<\/p>\n<p>Mas hoje o que conta (e canta) \u00e9 o \u201c\u00d4 abre alas, que eu quero passar\u2026\u201d \u00e9 a CasaBloco pedindo para apresentar a sua 6\u00aa edi\u00e7\u00e3o com toda a multiplicidade e a diversidade dos carnavais do Brasil. A divers\u00e3o do p\u00fablico de 6 a 8 de fevereiro ter\u00e1 mais de 10 horas de programa\u00e7\u00e3o di\u00e1ria, que inclui shows em dois palcos, performances, oficinas, feiras de moda, gastronomia, bailes e apresenta\u00e7\u00f5es de blocos. Neste ano, o tema \u00e9 Onde os Carnavais do Brasil se Encontram.<\/p>\n<p>Pela primeira vez, o local do encontro ser\u00e1 o Jockey Club, na G\u00e1vea, zona sul do Rio de Janeiro, onde vai se espalhar nas tribunas B e C. Artistas como Roberta S\u00e1, Vanessa da Mata, Elba Ramalho, Mart&#8217;n\u00e1lia, Chico C\u00e9sar, Diogo Nogueira, Sidney Magal, Gretchen e M\u00e3eana, est\u00e3o confirmadas entre as 25 atra\u00e7\u00f5es.<\/p>\n<p>\u201cA gente sabe que \u00e9 importante ter um artista grande de renome, mas ele tem que ser um facilitador de divulga\u00e7\u00e3o de um artista que n\u00e3o tem visibilidade. Quando montamos a nossa programa\u00e7\u00e3o, sempre tem um artista grande, um jovem e um novo na cena, os blocos e as tradi\u00e7\u00f5es de raiz, porque uma coisa completa a outra e assim conseguimos dar visibilidade para todo mundo\u201d, explicou Rita Fernandes.<\/p>\n<p>A programa\u00e7\u00e3o do festival, patrocinado pelo Minist\u00e9rio da Cultura e Petrobras, com direito a bailes com o Monobloco e a Carnageralda, mistura festa e bloco. O refor\u00e7o na alegria vir\u00e1 com um tributo in\u00e9dito \u00e0 figura de destaque da TV brasileira, o Chacrinha, com apresenta\u00e7\u00e3o do Bloco Fogo &amp; Paix\u00e3o, que convida Sidney Magal, Gretchen e Natascha Falc\u00e3o. O Velho Guerreiro, como era chamado, ser\u00e1 caracterizado pelo apresentador Milton Cunha, que se apresentar\u00e1 ao lado das Chacretes.<\/p>\n<p><strong>Junto e misturado<\/strong><br \/>\nComo a proposta da CasaBloco 2025 \u00e9 ser ainda mais diversa e inclusiva, na sexta-feira, 7 de fevereiro, o festival vai juntar representantes dos carnavais dos estados. A tarde come\u00e7a com o Bloco da Terreirada, refer\u00eancia da cultura popular do Cear\u00e1 se misturando ao Reisado de Congo do Cariri com a Cultura Carioca dos Blocos de Rua. No dia seguinte, a CasaBloco ter\u00e1 ao mesmo tempo atra\u00e7\u00f5es do Par\u00e1, Pernambuco e Rio de Janeiro.<\/p>\n<p>Para a cantora do bloco Fogo &amp; Paix\u00e3o Mariana Guedes, a integra\u00e7\u00e3o com manifesta\u00e7\u00f5es de outras partes do pa\u00eds ajuda os promotores de carnaval do Rio a fazer novas conex\u00f5es com blocos e bandas de outras partes do Brasil.<\/p>\n<p>\u201c\u00c9 super importante para a gente poder crescer, mudar, diversificar. A CasaBloco traz esse interc\u00e2mbio de maneira muito fluida e muito importante, mostrando que o carnaval n\u00e3o \u00e9 s\u00f3 aqui, muito pelo contr\u00e1rio, est\u00e1 crescendo. Eu sou de Curitiba, que n\u00e3o costumava ter carnaval de rua t\u00e3o forte, e hoje est\u00e1 enorme o carnaval de rua l\u00e1. A CasaBloco come\u00e7a a mostrar pra gente esses outros carnavais, que s\u00e3o diferentes, mesmo que sejam blocos de rua\u201d, disse.<\/p>\n<p>\u201cCada ano mais cheio e os ingressos esgotam mais rapidamente. Pra mim isso \u00e9 a prova de como o p\u00fablico aceita e quer essa diversidade e conhecer essa mistura toda\u201d, completou.<\/p>\n<p><strong>CCBB<\/strong><br \/>\nAs atra\u00e7\u00f5es t\u00eam agendas tamb\u00e9m no Centro Cultural Banco do Brasil (CCBB), no centro da cidade, das 9h \u00e0s 21h. Com ingresso gratuito, na CasaBloco Multilinguagem o p\u00fablico vai se divertir em oficinas de m\u00e1scaras carnavalescas, lambe-lambe, maquiagem, na Mostra de Cinema Petrobras CasaBloco, e participar de rodas de conversa e das apresenta\u00e7\u00f5es dos grupos Filhos de Gandhi e Caxambu do Salgueiro.<\/p>\n<p>Haver\u00e1 uma conversa sobre o livro Salgueiro, o \u201cQuilombo\u201d Moderno: batuqueiro, mandingueiro, diferente, com a participa\u00e7\u00e3o da pesquisadora Helena Theodoro, do jornalista Leonardo Bruno, autor do livro junto com Nei Lopes, e Marcelo da Paz \u1ecclajinmin\u00e1, vice-presidente do grupo cultural Caxambu do Salgueiro, patrim\u00f4nio cultural e imaterial do Brasil.<\/p>\n<p>\u201cParticipar de um evento desse \u00e9 uma forma de fomentar um bem imaterial, porque o Caxambu do Salgueiro \u00e9 Patrim\u00f4nio Imaterial Brasileiro reconhecido pelo Iphan desde 2005, a refer\u00eancia cultural mais antiga que n\u00f3s temos. O Morro do Salgueiro \u00e9 um ancestral do samba, e participar de um evento desse \u00e9 uma forma de ajudar a salvaguardar a nossa cultura pela pr\u00f3pria visibilidade do pr\u00f3prio evento para este grupo. A gente se sente honrado pelo convite\u201d, disse Marcelo da Paz \u1ecclajinmin\u00e1 \u00e0 Ag\u00eancia Brasil.<\/p>\n<p>O vice-presidente do grupo cultural explicou que o Caxambu do Salgueiro \u00e9 composto majoritariamente por mulheres acima de 70 anos de idade, e as matriarcas mais longevas s\u00e3o Tia Dorinha, de 97 anos, e Tia Celina, de 87, que passam a cultura da dan\u00e7a do Caxambu \u00e0s gera\u00e7\u00f5es mais novas do Morro do Salgueiro, na Tijuca, zona norte do Rio de Janeiro.<\/p>\n<p><strong>Moda<\/strong><br \/>\nO festival ter\u00e1 ainda Feira de Moda A Rua \u00e9 Nossa, em parceria com o Instituto Black Bom. O evento vai reunir 20 empreendedores do estado do Rio de Janeiro promovendo impacto social e econ\u00f4mico na economia criativa do carnaval.<\/p>\n<p>\u201cDos participantes 80% s\u00e3o pretos e pardos, 81% s\u00e3o mulheres, 75% empreendem h\u00e1 mais de 5 anos, 61,5 % t\u00eam filhos e 71% t\u00eam o seu empreendimento como a principal fonte de renda da casa\u201d, informou a organiza\u00e7\u00e3o.<\/p>\n<p>A secret\u00e1ria de Estado de Cultura e Economia Criativa do Rio de Janeiro, Danielle Barros, lembra que a CasaBloco faz parte do calend\u00e1rio do estado do Rio de Janeiro. E ressalta que promove o carnaval fluminense para al\u00e9m da folia e da festa, porque tamb\u00e9m pensa o segmento como economia criativa e gera\u00e7\u00e3o de emprego e renda.<\/p>\n<p>A diversidade estar\u00e1 presente ainda na gastronomia, com assinatura da Junta Local &#8211; comunidade que busca transformar o sistema alimentar pela comida boa, local e justa &#8211; na curadoria com produtores locais. Os foli\u00f5es v\u00e3o poder saborear comidas veganas, lanches saud\u00e1veis e comidas de diversos sotaques.<\/p>\n<p><strong>Social<\/strong><br \/>\nNesta edi\u00e7\u00e3o, o festival empregar\u00e1 mais de 1 mil pessoas desde a pr\u00e9-produ\u00e7\u00e3o at\u00e9 a p\u00f3s-produ\u00e7\u00e3o. \u201cO projeto mant\u00e9m uma parceria com o Muca &#8211; Movimento Unido dos Camel\u00f4s, fundado em 2003, que recebe os alimentos doados por meio da meia-entrada solid\u00e1ria. A CasaBloco tamb\u00e9m firmou uma parceria com a ONG Sorrindo RJ, para a contrata\u00e7\u00e3o de pessoas com defici\u00eancia\u201d, informou a organiza\u00e7\u00e3o.<\/p>\n","protected":false},"excerpt":{"rendered":"<p>A CasaBloco, do Rio de Janeiro, manter\u00e1 este ano seu projeto de avan\u00e7ar al\u00e9m da Terra do Samba para dar uma esticada pela segunda vez no pr\u00e9-carnaval de Olinda. Ser\u00e1 nos dias 1\u00ba e 2 de fevereiro, em parceria com o Centro Cultural Casa Esta\u00e7\u00e3o da Luz. \u00c9 a mistura do samba carioca com o [&hellip;]<\/p>\n","protected":false},"author":2,"featured_media":345931,"comment_status":"closed","ping_status":"closed","sticky":false,"template":"","format":"standard","meta":{"_acf_changed":false,"footnotes":""},"categories":[165],"tags":[95],"class_list":["post-345930","post","type-post","status-publish","format-standard","has-post-thumbnail","hentry","category-nordeste","tag-capa"],"acf":[],"_links":{"self":[{"href":"https:\/\/www.notibras.com\/site\/wp-json\/wp\/v2\/posts\/345930","targetHints":{"allow":["GET"]}}],"collection":[{"href":"https:\/\/www.notibras.com\/site\/wp-json\/wp\/v2\/posts"}],"about":[{"href":"https:\/\/www.notibras.com\/site\/wp-json\/wp\/v2\/types\/post"}],"author":[{"embeddable":true,"href":"https:\/\/www.notibras.com\/site\/wp-json\/wp\/v2\/users\/2"}],"replies":[{"embeddable":true,"href":"https:\/\/www.notibras.com\/site\/wp-json\/wp\/v2\/comments?post=345930"}],"version-history":[{"count":2,"href":"https:\/\/www.notibras.com\/site\/wp-json\/wp\/v2\/posts\/345930\/revisions"}],"predecessor-version":[{"id":345933,"href":"https:\/\/www.notibras.com\/site\/wp-json\/wp\/v2\/posts\/345930\/revisions\/345933"}],"wp:featuredmedia":[{"embeddable":true,"href":"https:\/\/www.notibras.com\/site\/wp-json\/wp\/v2\/media\/345931"}],"wp:attachment":[{"href":"https:\/\/www.notibras.com\/site\/wp-json\/wp\/v2\/media?parent=345930"}],"wp:term":[{"taxonomy":"category","embeddable":true,"href":"https:\/\/www.notibras.com\/site\/wp-json\/wp\/v2\/categories?post=345930"},{"taxonomy":"post_tag","embeddable":true,"href":"https:\/\/www.notibras.com\/site\/wp-json\/wp\/v2\/tags?post=345930"}],"curies":[{"name":"wp","href":"https:\/\/api.w.org\/{rel}","templated":true}]}}