{"id":345970,"date":"2025-01-19T08:26:40","date_gmt":"2025-01-19T11:26:40","guid":{"rendered":"https:\/\/www.notibras.com\/site\/?p=345970"},"modified":"2025-01-19T08:27:32","modified_gmt":"2025-01-19T11:27:32","slug":"no-relogio-de-cinderela-e-meia-noite-e-haja-zaps","status":"publish","type":"post","link":"https:\/\/www.notibras.com\/site\/no-relogio-de-cinderela-e-meia-noite-e-haja-zaps\/","title":{"rendered":"No rel\u00f3gio de Cinderela \u00e9 meia-noite&#8230; e haja zap&#8217;s"},"content":{"rendered":"<p>Meia-noite em ponto, ou\u00e7o o t\u00edpico barulho de chegada de mensagem no celular. Mal me viro, eis que parece que chegou outra mensagem. Aperto os olhos para ver quem \u00e9. Para meu espanto, n\u00e3o \u00e9 apenas um emiss\u00e1rio, mas dois: Jos\u00e9 Seabra e Daniel Marchi.<\/p>\n<p>Antes de abrir as mensagens, imagino que \u00e9 algo important\u00edssimo ou, ent\u00e3o, meus companheiros de <strong>Notibras<\/strong> s\u00e3o apenas dois desocupados tentando esticar ao m\u00e1ximo o dia. Tento ignorar meus amigos, mas me bate um remorso de bom rapaz, estico o bra\u00e7o e vejo o que eles me mandaram.<\/p>\n<p>O Chefe (Seabra) me diz que foi dormir logo ap\u00f3s um exagero de almo\u00e7o. Acordou com sede de camelo e j\u00e1 estava na segunda garrafa d&#8217;\u00e1gua. Li aquilo tentando desvendar alguma mensagem subliminar. No entanto, como n\u00e3o sou bom nisso, disse o que me veio primeiro \u00e0 cabe\u00e7a.<\/p>\n<p>&#8220;\u00c1gua faz bem, Chefe.&#8221;<\/p>\n<p><img loading=\"lazy\" decoding=\"async\" class=\"wp-image-345972 aligncenter\" src=\"https:\/\/www.notibras.com\/site\/wp-content\/uploads\/2025\/01\/eu.19.9ed43b1b-0c3b-43ce-bf3b-e7d754c73da5-300x255.jpeg\" alt=\"\" width=\"489\" height=\"416\" srcset=\"https:\/\/www.notibras.com\/site\/wp-content\/uploads\/2025\/01\/eu.19.9ed43b1b-0c3b-43ce-bf3b-e7d754c73da5-300x255.jpeg 300w, https:\/\/www.notibras.com\/site\/wp-content\/uploads\/2025\/01\/eu.19.9ed43b1b-0c3b-43ce-bf3b-e7d754c73da5.jpeg 719w\" sizes=\"auto, (max-width: 489px) 100vw, 489px\" \/><\/p>\n<p>\u00c9 s\u00e9rio que eu disse isso mesmo? Que falta de criatividade, diria a Malulinha, minha ca\u00e7ula de um ano, caso soubesse pronunciar tais palavras. Mas antes de digitar algo mais sem-no\u00e7\u00e3o, fui verificar o que o Dan queria. Ser\u00e1 que ele tamb\u00e9m teria comido mais do que devia? Naquela altura da madrugada, n\u00e3o duvidaria de nada.<\/p>\n<p>&#8220;Edu, acordado?&#8221;<\/p>\n<p>N\u00e3o tive escolha e respondi que sim. Disse que estava conversando com o Chefe pelo zap.<\/p>\n<p>&#8220;Que coincid\u00eancia!&#8221;<\/p>\n<p>&#8220;Como assim, Dan?&#8221;<\/p>\n<p>&#8220;N\u00e3o \u00e9 engra\u00e7ado que, a esta hora, n\u00f3s tr\u00eas estejamos acordados?&#8221;<\/p>\n<p>Engra\u00e7ado? Como engra\u00e7ado? Eu estava dormindo, talvez come\u00e7ando a sonhar com algo gostoso que nem sorvete de morango, e, talvez por um descuido do c\u00e9rebro, fui despertado por dois barulhinhos que jamais me acordariam. N\u00e3o tardou, percebi que o verdadeiro motivo de eu acordar n\u00e3o foram as mensagens, pois tenho sono de pedra. \u00c9 que estava com vontade de fazer xixi e, coincidentemente, despertei ao mesmo tempo das mensagens chegarem.<\/p>\n<p>Levantei, fui ao banheiro, fiz o que precisava fazer e, ao retornar, percebi mais duas mensagens, que pareciam quase g\u00eameas.<\/p>\n<p>&#8220;Ah, Edu, o sono chegou. N\u00e3o d\u00e1 pra ficar lutando contra ele. Int\u00e9!&#8221;<\/p>\n<p>&#8220;Edu, me bateu um sono. At\u00e9 amanh\u00e3. Ah, e n\u00e3o se esque\u00e7a de me mandar a cr\u00f4nica de domingo.&#8221;<\/p>\n<p><img loading=\"lazy\" decoding=\"async\" class=\"wp-image-345973 aligncenter\" src=\"https:\/\/www.notibras.com\/site\/wp-content\/uploads\/2025\/01\/dn.eu_.19413809bc-0448-4b55-8499-4f18fa1b2efc-225x300.jpeg\" alt=\"\" width=\"487\" height=\"649\" srcset=\"https:\/\/www.notibras.com\/site\/wp-content\/uploads\/2025\/01\/dn.eu_.19413809bc-0448-4b55-8499-4f18fa1b2efc-225x300.jpeg 225w, https:\/\/www.notibras.com\/site\/wp-content\/uploads\/2025\/01\/dn.eu_.19413809bc-0448-4b55-8499-4f18fa1b2efc-768x1024.jpeg 768w, https:\/\/www.notibras.com\/site\/wp-content\/uploads\/2025\/01\/dn.eu_.19413809bc-0448-4b55-8499-4f18fa1b2efc.jpeg 960w\" sizes=\"auto, (max-width: 487px) 100vw, 487px\" \/><\/p>\n<p>Ufa! Ainda bem que n\u00e3o precisei esticar aquelas conversas \u00e0quela hora. Finalmente poderia voltar a dormir e me entregar ao meu delicioso sonho de sorvete de morango. Que nada! O meu sono parece que foi surrupiado por aqueles dois.<\/p>\n<p>Ainda tentei usar a minha t\u00e9cnica de me imaginar caindo em um c\u00e9u azul, depois a de calcular ra\u00edzes quadradas, at\u00e9 mesmo a de me lembrar de nomes cient\u00edficos de animais diversos. Nada funcionou! Foi a\u00ed que me atentei a algo. N\u00e3o demorei e mandei mensagens quase g\u00eameas para meus n\u00e3o somente parceiros de <strong>Notibras<\/strong>, mas grandes amigos Daniel Marchi e Jos\u00e9 Seabra.<\/p>\n<p>&#8220;Dan, voc\u00ea sabe que dia \u00e9 hoje?&#8221;<\/p>\n<p>&#8220;Chefe, feliz anivers\u00e1rio!!!&#8221;<\/p>\n<p>&#8230;&#8230;&#8230;&#8230;&#8230;&#8230;&#8230;&#8230;&#8230;&#8230;&#8230;&#8230;&#8230;&#8230;..<\/p>\n<div><strong>Eduardo Mart\u00ednez \u00e9 autor do livro \u201c57 Contos e Cr\u00f4nicas por um Autor muito Velho\u201d.<\/strong><\/div>\n<div>\n<div class=\"mvp-post-soc-in\">\n<div id=\"mvp-content-body\" class=\"left relative\">\n<div id=\"mvp-content-body-top\" class=\"left relative\">\n<div id=\"mvp-content-main\" class=\"left relative\">\n<p>Compre aqui\u00a0<span class=\"x19la9d6 x1fc57z9 x6ikm8r x10wlt62 x19co3pv x1g5zs5t xfibh0p xiy17q3 x1xsqp64 x1lkfr7t xexx8yu x4uap5 x18d9i69 xkhd6sd\"><span class=\"xrtxmta x1bhl96m\"><img decoding=\"async\" class=\"emoji\" role=\"img\" draggable=\"false\" src=\"https:\/\/s.w.org\/images\/core\/emoji\/14.0.0\/svg\/1f447-1f3ff.svg\" alt=\"&#x1f447;&#x1f3ff;\" \/><\/span><\/span><span class=\"x19la9d6 x1fc57z9 x6ikm8r x10wlt62 x19co3pv x1g5zs5t xfibh0p xiy17q3 x1xsqp64 x1lkfr7t xexx8yu x4uap5 x18d9i69 xkhd6sd\"><span class=\"xrtxmta x1bhl96m\"><img decoding=\"async\" class=\"emoji\" role=\"img\" draggable=\"false\" src=\"https:\/\/s.w.org\/images\/core\/emoji\/14.0.0\/svg\/1f447-1f3ff.svg\" alt=\"&#x1f447;&#x1f3ff;\" \/><\/span><\/span><span class=\"x19la9d6 x1fc57z9 x6ikm8r x10wlt62 x19co3pv x1g5zs5t xfibh0p xiy17q3 x1xsqp64 x1lkfr7t xexx8yu x4uap5 x18d9i69 xkhd6sd\"><span class=\"xrtxmta x1bhl96m\"><img decoding=\"async\" class=\"emoji\" role=\"img\" draggable=\"false\" src=\"https:\/\/s.w.org\/images\/core\/emoji\/14.0.0\/svg\/1f447-1f3ff.svg\" alt=\"&#x1f447;&#x1f3ff;\" \/><\/span><\/span><\/p>\n<p><a href=\"http:\/\/www.joanineditora.com.br\/57-contos-e-cronicas-por-um-autor-muito-velho\">http:\/\/www.joanineditora.com.br\/57-contos-e-cronicas-por-um-autor-muito-velho<\/a><\/p>\n<\/div>\n<\/div>\n<\/div>\n<\/div>\n<\/div>\n","protected":false},"excerpt":{"rendered":"<p>Meia-noite em ponto, ou\u00e7o o t\u00edpico barulho de chegada de mensagem no celular. Mal me viro, eis que parece que chegou outra mensagem. Aperto os olhos para ver quem \u00e9. Para meu espanto, n\u00e3o \u00e9 apenas um emiss\u00e1rio, mas dois: Jos\u00e9 Seabra e Daniel Marchi. Antes de abrir as mensagens, imagino que \u00e9 algo important\u00edssimo [&hellip;]<\/p>\n","protected":false},"author":2,"featured_media":345971,"comment_status":"closed","ping_status":"closed","sticky":false,"template":"","format":"standard","meta":{"_acf_changed":false,"footnotes":""},"categories":[161],"tags":[],"class_list":["post-345970","post","type-post","status-publish","format-standard","has-post-thumbnail","hentry","category-quadradinho-em-foco"],"acf":[],"_links":{"self":[{"href":"https:\/\/www.notibras.com\/site\/wp-json\/wp\/v2\/posts\/345970","targetHints":{"allow":["GET"]}}],"collection":[{"href":"https:\/\/www.notibras.com\/site\/wp-json\/wp\/v2\/posts"}],"about":[{"href":"https:\/\/www.notibras.com\/site\/wp-json\/wp\/v2\/types\/post"}],"author":[{"embeddable":true,"href":"https:\/\/www.notibras.com\/site\/wp-json\/wp\/v2\/users\/2"}],"replies":[{"embeddable":true,"href":"https:\/\/www.notibras.com\/site\/wp-json\/wp\/v2\/comments?post=345970"}],"version-history":[{"count":2,"href":"https:\/\/www.notibras.com\/site\/wp-json\/wp\/v2\/posts\/345970\/revisions"}],"predecessor-version":[{"id":345975,"href":"https:\/\/www.notibras.com\/site\/wp-json\/wp\/v2\/posts\/345970\/revisions\/345975"}],"wp:featuredmedia":[{"embeddable":true,"href":"https:\/\/www.notibras.com\/site\/wp-json\/wp\/v2\/media\/345971"}],"wp:attachment":[{"href":"https:\/\/www.notibras.com\/site\/wp-json\/wp\/v2\/media?parent=345970"}],"wp:term":[{"taxonomy":"category","embeddable":true,"href":"https:\/\/www.notibras.com\/site\/wp-json\/wp\/v2\/categories?post=345970"},{"taxonomy":"post_tag","embeddable":true,"href":"https:\/\/www.notibras.com\/site\/wp-json\/wp\/v2\/tags?post=345970"}],"curies":[{"name":"wp","href":"https:\/\/api.w.org\/{rel}","templated":true}]}}