{"id":345976,"date":"2025-01-19T00:00:08","date_gmt":"2025-01-19T03:00:08","guid":{"rendered":"https:\/\/www.notibras.com\/site\/?p=345976"},"modified":"2025-01-19T08:36:26","modified_gmt":"2025-01-19T11:36:26","slug":"guerra-do-trafico-provoca-tiroteio-e-deixa-tres-feridos-na-praia-de-pajucara","status":"publish","type":"post","link":"https:\/\/www.notibras.com\/site\/guerra-do-trafico-provoca-tiroteio-e-deixa-tres-feridos-na-praia-de-pajucara\/","title":{"rendered":"Guerra do tr\u00e1fico provoca tiroteio e deixa tr\u00eas feridos na Praia de Paju\u00e7ara"},"content":{"rendered":"<p>Um atentado a tiros ocorrido no s\u00e1bado, 18, deixou tr\u00eas homens feridos na orla da Paju\u00e7ara, em Macei\u00f3, Alagoas. De acordo com informa\u00e7\u00f5es preliminares da Pol\u00edcia Militar, o crime ocorreu por volta das 20h, em um dos pontos mais movimentados da cidade, causando p\u00e2nico entre moradores<\/p>\n<p>As v\u00edtimas, cujas identidades n\u00e3o foram reveladas, foram socorridas e encaminhadas para o Hospital Geral do Estado (HGE). O estado de sa\u00fade das pessoas \u00e9 est\u00e1vel.<\/p>\n<p>A pol\u00edcia acredita que o crime pode estar relacionado a uma disputa por pontos de venda de drogas na regi\u00e3o. Testemunhas contaram que os disparos partiram de indiv\u00edduos em um ve\u00edculo que fugiu rapidamente do local ap\u00f3s o ataque.<\/p>\n<p>Equipes da Delegacia de Homic\u00eddios e Prote\u00e7\u00e3o \u00e0 Pessoa (DHPP) est\u00e3o investigando o caso e j\u00e1 iniciaram uma busca por imagens de c\u00e2meras de seguran\u00e7a que possam ajudar na identifica\u00e7\u00e3o dos suspeitos.<\/p>\n<p>A Secretaria de Seguran\u00e7a P\u00fablica (SSP-AL) refor\u00e7ou a presen\u00e7a policial na regi\u00e3o para evitar novos incidentes e garantir a seguran\u00e7a da popula\u00e7\u00e3o.<\/p>\n<p>Este \u00e9 mais um epis\u00f3dio de viol\u00eancia relacionado ao tr\u00e1fico de drogas em Macei\u00f3, que enfrenta desafios constantes no combate ao crime organizado. A pol\u00edcia pede que qualquer informa\u00e7\u00e3o que possa auxiliar nas investiga\u00e7\u00f5es seja repassada.<\/p>\n","protected":false},"excerpt":{"rendered":"<p>Um atentado a tiros ocorrido no s\u00e1bado, 18, deixou tr\u00eas homens feridos na orla da Paju\u00e7ara, em Macei\u00f3, Alagoas. De acordo com informa\u00e7\u00f5es preliminares da Pol\u00edcia Militar, o crime ocorreu por volta das 20h, em um dos pontos mais movimentados da cidade, causando p\u00e2nico entre moradores As v\u00edtimas, cujas identidades n\u00e3o foram reveladas, foram socorridas [&hellip;]<\/p>\n","protected":false},"author":2,"featured_media":345977,"comment_status":"closed","ping_status":"closed","sticky":false,"template":"","format":"standard","meta":{"_acf_changed":false,"footnotes":""},"categories":[165],"tags":[],"class_list":["post-345976","post","type-post","status-publish","format-standard","has-post-thumbnail","hentry","category-nordeste"],"acf":[],"_links":{"self":[{"href":"https:\/\/www.notibras.com\/site\/wp-json\/wp\/v2\/posts\/345976","targetHints":{"allow":["GET"]}}],"collection":[{"href":"https:\/\/www.notibras.com\/site\/wp-json\/wp\/v2\/posts"}],"about":[{"href":"https:\/\/www.notibras.com\/site\/wp-json\/wp\/v2\/types\/post"}],"author":[{"embeddable":true,"href":"https:\/\/www.notibras.com\/site\/wp-json\/wp\/v2\/users\/2"}],"replies":[{"embeddable":true,"href":"https:\/\/www.notibras.com\/site\/wp-json\/wp\/v2\/comments?post=345976"}],"version-history":[{"count":1,"href":"https:\/\/www.notibras.com\/site\/wp-json\/wp\/v2\/posts\/345976\/revisions"}],"predecessor-version":[{"id":345978,"href":"https:\/\/www.notibras.com\/site\/wp-json\/wp\/v2\/posts\/345976\/revisions\/345978"}],"wp:featuredmedia":[{"embeddable":true,"href":"https:\/\/www.notibras.com\/site\/wp-json\/wp\/v2\/media\/345977"}],"wp:attachment":[{"href":"https:\/\/www.notibras.com\/site\/wp-json\/wp\/v2\/media?parent=345976"}],"wp:term":[{"taxonomy":"category","embeddable":true,"href":"https:\/\/www.notibras.com\/site\/wp-json\/wp\/v2\/categories?post=345976"},{"taxonomy":"post_tag","embeddable":true,"href":"https:\/\/www.notibras.com\/site\/wp-json\/wp\/v2\/tags?post=345976"}],"curies":[{"name":"wp","href":"https:\/\/api.w.org\/{rel}","templated":true}]}}