{"id":34598,"date":"2015-01-21T14:13:30","date_gmt":"2015-01-21T17:13:30","guid":{"rendered":"http:\/\/www.notibras.com\/site\/?p=34598"},"modified":"2015-01-21T22:58:01","modified_gmt":"2015-01-22T01:58:01","slug":"nivel-da-agua-nas-hidreletricas-esta-15-abaixo-de-2001-ano-do-apagao-geral","status":"publish","type":"post","link":"https:\/\/www.notibras.com\/site\/nivel-da-agua-nas-hidreletricas-esta-15-abaixo-de-2001-ano-do-apagao-geral\/","title":{"rendered":"N\u00edvel da \u00e1gua nas hidrel\u00e9tricas est\u00e1 15% abaixo de 2001, o ano do apag\u00e3o geral"},"content":{"rendered":"<p>A maioria dos reservat\u00f3rios das hidrel\u00e9tricas est\u00e1 com um n\u00edvel de \u00e1gua menor do que o registrado em 2001, ano em que o pa\u00eds enfrentou um racionamento de energia. Segundo boletim do ONS (Operador Nacional do Sistema El\u00e9trico), 18 (85%) dos 21 principais reservat\u00f3rios enfrentam problemas com a estiagem.<\/p>\n<p>A situa\u00e7\u00e3o, \u00e9 preocupante e aponta para imin\u00eancia de novos apag\u00f5es, segundo especialistas do setor citados em reportagem do Uol.<\/p>\n<p>Segundo dados do ONS, apenas os reservat\u00f3rios de S\u00e3o Sim\u00e3o (MG e GO), Sobradinho (BA) e Serra da Mesa (GO) est\u00e3o com \u00edndices acima do que era registrado h\u00e1 14 anos. Todos os demais est\u00e3o abaixo, sendo dois deles secos: Ilha Solteira (SP) e Tr\u00eas Irm\u00e3os (SP).<\/p>\n<blockquote><p>A situa\u00e7\u00e3o \u00e9 particularmente mais preocupante em dois dos maiores reservat\u00f3rios: Furnas (MG) e Nova Ponte (MG), que nesta ter\u00e7a-feira (20) estavam com 11% de seus volumes \u00fateis.<\/p><\/blockquote>\n<p>A estiagem tem obrigado o governo federal a acionar as termel\u00e9tricas, que t\u00eam gera\u00e7\u00e3o de energia bem mais cara que as hidrel\u00e9tricas. No Nordeste, por exemplo, a gera\u00e7\u00e3o de energia termel\u00e9trica j\u00e1 supera a hidrel\u00e9trica.<\/p>\n<p>Neste m\u00eas, at\u00e9 o domingo (18), foram 4.209 megawatts gerados pelas t\u00e9rmicas, contra 3.415 megawatts das geradas pela \u00e1gua. A energia e\u00f3lica foi respons\u00e1vel por outros 823 megawatts. Nas demais regi\u00f5es, ainda vem da \u00e1gua a principal fonte de energia.<\/p>\n<blockquote><p>Para Afonso Henriques Moreira Santos, professor da Universidade Federal de Itajub\u00e1 (MG) e ex-secret\u00e1rio nacional de Energia \u00e0 \u00e9poca do racionamento de 2001, a crise h\u00eddrica atual \u00e9 bem mais intensa que a da d\u00e9cada passada. Os apag\u00f5es s\u00f3 n\u00e3o ocorreram por conta da constru\u00e7\u00e3o de termel\u00e9tricas na d\u00e9cada passada.<\/p>\n<p>&#8220;Do ponto de vista de reservat\u00f3rios a situa\u00e7\u00e3o \u00e9 muito pior. Ali\u00e1s, j\u00e1 era pior desde o ano passado. As termoel\u00e9tricas j\u00e1 est\u00e3o operando de forma praticamente plena desde o final de 2013&#8221;, afirmou. O professor diz que depois de 2001 o pa\u00eds teve uma s\u00e9rie de li\u00e7\u00f5es, mas n\u00e3o seguiu a cartilha que deveria.<\/p><\/blockquote>\n<p>Conforme Santos, o pa\u00eds deveria ter adotado medidas que dessem maior efici\u00eancia energ\u00e9tica e, ao mesmo tempo, reduzissem o consumo. Assim, teria evitado que os reservat\u00f3rios chegassem a n\u00edveis t\u00e3o cr\u00edticos.<\/p>\n<p>&#8220;N\u00e3o s\u00f3 o pa\u00eds opera errado os reservat\u00f3rios, mas errou ao n\u00e3o decretar racionamento ou fazer algo para reduzir o consumo. Tem um rombo hoje de R$ 60 bilh\u00f5es pelo uso das termel\u00e9tricas para o consumidor pagar. Se colocarmos que em 2001 a perda com o racionamento foi de 1%, trazendo para valores de hoje, seria um preju\u00edzo de R$ 40 bilh\u00f5es. Sem contar que os reservat\u00f3rios est\u00e3o secos e devem custar R$ 80 bilh\u00f5es para reencher. E se continuar nessa frequ\u00eancia pluviom\u00e9trica n\u00e3o conseguiremos&#8221;, afirmou.<\/p>\n<p>Diante dos problemas com a gera\u00e7\u00e3o de energia, na \u00faltima semana, o ministro de Minas e Energia, Eduardo Braga, recomendou que os consumidores reduzam o consumo.<\/p>\n<p>Segundo ele, a medida seria necess\u00e1ria j\u00e1 que a energia est\u00e1 custando mais caro em 2015. &#8220;N\u00e3o \u00e9 racionamento. N\u00f3s temos energia. Ela existe, mas \u00e9 cara&#8221;, afirmou ele na \u00faltima quarta-feira (14). Ainda segundo o professor, essa n\u00e3o \u00e9 primeira vez que o setor passa por crise h\u00eddrica desde 2001, com risco de apag\u00f5es.<\/p>\n<p>&#8220;J\u00e1 tivemos tr\u00eas crises. O setor criou uma curva de avers\u00e3o a risco que opera o setor termel\u00e9trico. Esse modelo \u00e9 comprovadamente errado. Reservat\u00f3rios n\u00e3o s\u00e3o para ser esvaziados. Quando se esvazia, se perde pot\u00eancia, porque diminui a queda. Furnas chega a perder 17% de pot\u00eancia, o que resultou no apag\u00e3o de ontem: pouca queda, e ela demora a responder \u00e0 din\u00e2mica do sistema, que est\u00e1 muito inst\u00e1vel&#8221;, disse.<\/p>\n","protected":false},"excerpt":{"rendered":"<p>A maioria dos reservat\u00f3rios das hidrel\u00e9tricas est\u00e1 com um n\u00edvel de \u00e1gua menor do que o registrado em 2001, ano em que o pa\u00eds enfrentou um racionamento de energia. Segundo boletim do ONS (Operador Nacional do Sistema El\u00e9trico), 18 (85%) dos 21 principais reservat\u00f3rios enfrentam problemas com a estiagem. A situa\u00e7\u00e3o, \u00e9 preocupante e aponta [&hellip;]<\/p>\n","protected":false},"author":2,"featured_media":34599,"comment_status":"open","ping_status":"closed","sticky":false,"template":"","format":"standard","meta":{"_acf_changed":false,"footnotes":""},"categories":[16],"tags":[],"class_list":["post-34598","post","type-post","status-publish","format-standard","has-post-thumbnail","hentry","category-brasil"],"acf":[],"yoast_head":"<!-- This site is optimized with the Yoast SEO plugin v27.2 - https:\/\/yoast.com\/product\/yoast-seo-wordpress\/ -->\n<title>N\u00edvel da \u00e1gua nas hidrel\u00e9tricas est\u00e1 15% abaixo de 2001, o ano do apag\u00e3o geral - Notibras<\/title>\n<meta name=\"robots\" content=\"index, follow, max-snippet:-1, max-image-preview:large, max-video-preview:-1\" \/>\n<link rel=\"canonical\" href=\"https:\/\/www.notibras.com\/site\/nivel-da-agua-nas-hidreletricas-esta-15-abaixo-de-2001-ano-do-apagao-geral\/\" \/>\n<meta property=\"og:locale\" content=\"pt_BR\" \/>\n<meta property=\"og:type\" content=\"article\" \/>\n<meta property=\"og:title\" content=\"N\u00edvel da \u00e1gua nas hidrel\u00e9tricas est\u00e1 15% abaixo de 2001, o ano do apag\u00e3o geral - Notibras\" \/>\n<meta property=\"og:description\" content=\"A maioria dos reservat\u00f3rios das hidrel\u00e9tricas est\u00e1 com um n\u00edvel de \u00e1gua menor do que o registrado em 2001, ano em que o pa\u00eds enfrentou um racionamento de energia. Segundo boletim do ONS (Operador Nacional do Sistema El\u00e9trico), 18 (85%) dos 21 principais reservat\u00f3rios enfrentam problemas com a estiagem. A situa\u00e7\u00e3o, \u00e9 preocupante e aponta [&hellip;]\" \/>\n<meta property=\"og:url\" content=\"https:\/\/www.notibras.com\/site\/nivel-da-agua-nas-hidreletricas-esta-15-abaixo-de-2001-ano-do-apagao-geral\/\" \/>\n<meta property=\"og:site_name\" content=\"Notibras\" \/>\n<meta property=\"article:publisher\" content=\"https:\/\/www.facebook.com\/notibras\/\" \/>\n<meta property=\"article:published_time\" content=\"2015-01-21T17:13:30+00:00\" \/>\n<meta property=\"article:modified_time\" content=\"2015-01-22T01:58:01+00:00\" \/>\n<meta property=\"og:image\" content=\"https:\/\/www.notibras.com\/site\/wp-content\/uploads\/2015\/01\/10.jpg\" \/>\n\t<meta property=\"og:image:width\" content=\"500\" \/>\n\t<meta property=\"og:image:height\" content=\"375\" \/>\n\t<meta property=\"og:image:type\" content=\"image\/jpeg\" \/>\n<meta name=\"author\" content=\"Reda\u00e7\u00e3o\" \/>\n<meta name=\"twitter:card\" content=\"summary_large_image\" \/>\n<meta name=\"twitter:creator\" content=\"@Notibras\" \/>\n<meta name=\"twitter:site\" content=\"@Notibras\" \/>\n<meta name=\"twitter:label1\" content=\"Escrito por\" \/>\n\t<meta name=\"twitter:data1\" content=\"Reda\u00e7\u00e3o\" \/>\n\t<meta name=\"twitter:label2\" content=\"Est. tempo de leitura\" \/>\n\t<meta name=\"twitter:data2\" content=\"3 minutos\" \/>\n<script type=\"application\/ld+json\" class=\"yoast-schema-graph\">{\"@context\":\"https:\/\/schema.org\",\"@graph\":[{\"@type\":\"Article\",\"@id\":\"https:\/\/www.notibras.com\/site\/nivel-da-agua-nas-hidreletricas-esta-15-abaixo-de-2001-ano-do-apagao-geral\/#article\",\"isPartOf\":{\"@id\":\"https:\/\/www.notibras.com\/site\/nivel-da-agua-nas-hidreletricas-esta-15-abaixo-de-2001-ano-do-apagao-geral\/\"},\"author\":{\"name\":\"Reda\u00e7\u00e3o\",\"@id\":\"https:\/\/www.notibras.com\/site\/#\/schema\/person\/36ab0979449956132d3e5b517ea76ac8\"},\"headline\":\"N\u00edvel da \u00e1gua nas hidrel\u00e9tricas est\u00e1 15% abaixo de 2001, o ano do apag\u00e3o geral\",\"datePublished\":\"2015-01-21T17:13:30+00:00\",\"dateModified\":\"2015-01-22T01:58:01+00:00\",\"mainEntityOfPage\":{\"@id\":\"https:\/\/www.notibras.com\/site\/nivel-da-agua-nas-hidreletricas-esta-15-abaixo-de-2001-ano-do-apagao-geral\/\"},\"wordCount\":661,\"commentCount\":0,\"publisher\":{\"@id\":\"https:\/\/www.notibras.com\/site\/#organization\"},\"image\":{\"@id\":\"https:\/\/www.notibras.com\/site\/nivel-da-agua-nas-hidreletricas-esta-15-abaixo-de-2001-ano-do-apagao-geral\/#primaryimage\"},\"thumbnailUrl\":\"https:\/\/www.notibras.com\/site\/wp-content\/uploads\/2015\/01\/10.jpg\",\"articleSection\":[\"Brasil\"],\"inLanguage\":\"pt-BR\",\"potentialAction\":[{\"@type\":\"CommentAction\",\"name\":\"Comment\",\"target\":[\"https:\/\/www.notibras.com\/site\/nivel-da-agua-nas-hidreletricas-esta-15-abaixo-de-2001-ano-do-apagao-geral\/#respond\"]}]},{\"@type\":\"WebPage\",\"@id\":\"https:\/\/www.notibras.com\/site\/nivel-da-agua-nas-hidreletricas-esta-15-abaixo-de-2001-ano-do-apagao-geral\/\",\"url\":\"https:\/\/www.notibras.com\/site\/nivel-da-agua-nas-hidreletricas-esta-15-abaixo-de-2001-ano-do-apagao-geral\/\",\"name\":\"N\u00edvel da \u00e1gua nas hidrel\u00e9tricas est\u00e1 15% abaixo de 2001, o ano do apag\u00e3o geral - Notibras\",\"isPartOf\":{\"@id\":\"https:\/\/www.notibras.com\/site\/#website\"},\"primaryImageOfPage\":{\"@id\":\"https:\/\/www.notibras.com\/site\/nivel-da-agua-nas-hidreletricas-esta-15-abaixo-de-2001-ano-do-apagao-geral\/#primaryimage\"},\"image\":{\"@id\":\"https:\/\/www.notibras.com\/site\/nivel-da-agua-nas-hidreletricas-esta-15-abaixo-de-2001-ano-do-apagao-geral\/#primaryimage\"},\"thumbnailUrl\":\"https:\/\/www.notibras.com\/site\/wp-content\/uploads\/2015\/01\/10.jpg\",\"datePublished\":\"2015-01-21T17:13:30+00:00\",\"dateModified\":\"2015-01-22T01:58:01+00:00\",\"breadcrumb\":{\"@id\":\"https:\/\/www.notibras.com\/site\/nivel-da-agua-nas-hidreletricas-esta-15-abaixo-de-2001-ano-do-apagao-geral\/#breadcrumb\"},\"inLanguage\":\"pt-BR\",\"potentialAction\":[{\"@type\":\"ReadAction\",\"target\":[\"https:\/\/www.notibras.com\/site\/nivel-da-agua-nas-hidreletricas-esta-15-abaixo-de-2001-ano-do-apagao-geral\/\"]}]},{\"@type\":\"ImageObject\",\"inLanguage\":\"pt-BR\",\"@id\":\"https:\/\/www.notibras.com\/site\/nivel-da-agua-nas-hidreletricas-esta-15-abaixo-de-2001-ano-do-apagao-geral\/#primaryimage\",\"url\":\"https:\/\/www.notibras.com\/site\/wp-content\/uploads\/2015\/01\/10.jpg\",\"contentUrl\":\"https:\/\/www.notibras.com\/site\/wp-content\/uploads\/2015\/01\/10.jpg\",\"width\":500,\"height\":375},{\"@type\":\"BreadcrumbList\",\"@id\":\"https:\/\/www.notibras.com\/site\/nivel-da-agua-nas-hidreletricas-esta-15-abaixo-de-2001-ano-do-apagao-geral\/#breadcrumb\",\"itemListElement\":[{\"@type\":\"ListItem\",\"position\":1,\"name\":\"In\u00edcio\",\"item\":\"https:\/\/www.notibras.com\/site\/\"},{\"@type\":\"ListItem\",\"position\":2,\"name\":\"N\u00edvel da \u00e1gua nas hidrel\u00e9tricas est\u00e1 15% abaixo de 2001, o ano do apag\u00e3o geral\"}]},{\"@type\":\"WebSite\",\"@id\":\"https:\/\/www.notibras.com\/site\/#website\",\"url\":\"https:\/\/www.notibras.com\/site\/\",\"name\":\"Notibras\",\"description\":\"Not\u00edcias de Bras\u00edlia, do Brasil e do Mundo\",\"publisher\":{\"@id\":\"https:\/\/www.notibras.com\/site\/#organization\"},\"potentialAction\":[{\"@type\":\"SearchAction\",\"target\":{\"@type\":\"EntryPoint\",\"urlTemplate\":\"https:\/\/www.notibras.com\/site\/?s={search_term_string}\"},\"query-input\":{\"@type\":\"PropertyValueSpecification\",\"valueRequired\":true,\"valueName\":\"search_term_string\"}}],\"inLanguage\":\"pt-BR\"},{\"@type\":\"Organization\",\"@id\":\"https:\/\/www.notibras.com\/site\/#organization\",\"name\":\"Grupo Notibras de Comunica\u00e7\u00e3o\",\"url\":\"https:\/\/www.notibras.com\/site\/\",\"logo\":{\"@type\":\"ImageObject\",\"inLanguage\":\"pt-BR\",\"@id\":\"https:\/\/www.notibras.com\/site\/#\/schema\/logo\/image\/\",\"url\":\"https:\/\/www.notibras.com\/site\/wp-content\/uploads\/2023\/01\/notibras23.png\",\"contentUrl\":\"https:\/\/www.notibras.com\/site\/wp-content\/uploads\/2023\/01\/notibras23.png\",\"width\":350,\"height\":87,\"caption\":\"Grupo Notibras de Comunica\u00e7\u00e3o\"},\"image\":{\"@id\":\"https:\/\/www.notibras.com\/site\/#\/schema\/logo\/image\/\"},\"sameAs\":[\"https:\/\/www.facebook.com\/notibras\/\",\"https:\/\/x.com\/Notibras\",\"https:\/\/www.instagram.com\/notibras\/\"]},{\"@type\":\"Person\",\"@id\":\"https:\/\/www.notibras.com\/site\/#\/schema\/person\/36ab0979449956132d3e5b517ea76ac8\",\"name\":\"Reda\u00e7\u00e3o\",\"image\":{\"@type\":\"ImageObject\",\"inLanguage\":\"pt-BR\",\"@id\":\"https:\/\/secure.gravatar.com\/avatar\/e0a867bdedb85fd243eadf09663511f96fc81e0720a4a42581f334ad4303aa6b?s=96&d=mm&r=g\",\"url\":\"https:\/\/secure.gravatar.com\/avatar\/e0a867bdedb85fd243eadf09663511f96fc81e0720a4a42581f334ad4303aa6b?s=96&d=mm&r=g\",\"contentUrl\":\"https:\/\/secure.gravatar.com\/avatar\/e0a867bdedb85fd243eadf09663511f96fc81e0720a4a42581f334ad4303aa6b?s=96&d=mm&r=g\",\"caption\":\"Reda\u00e7\u00e3o\"}}]}<\/script>\n<!-- \/ Yoast SEO plugin. -->","yoast_head_json":{"title":"N\u00edvel da \u00e1gua nas hidrel\u00e9tricas est\u00e1 15% abaixo de 2001, o ano do apag\u00e3o geral - Notibras","robots":{"index":"index","follow":"follow","max-snippet":"max-snippet:-1","max-image-preview":"max-image-preview:large","max-video-preview":"max-video-preview:-1"},"canonical":"https:\/\/www.notibras.com\/site\/nivel-da-agua-nas-hidreletricas-esta-15-abaixo-de-2001-ano-do-apagao-geral\/","og_locale":"pt_BR","og_type":"article","og_title":"N\u00edvel da \u00e1gua nas hidrel\u00e9tricas est\u00e1 15% abaixo de 2001, o ano do apag\u00e3o geral - Notibras","og_description":"A maioria dos reservat\u00f3rios das hidrel\u00e9tricas est\u00e1 com um n\u00edvel de \u00e1gua menor do que o registrado em 2001, ano em que o pa\u00eds enfrentou um racionamento de energia. Segundo boletim do ONS (Operador Nacional do Sistema El\u00e9trico), 18 (85%) dos 21 principais reservat\u00f3rios enfrentam problemas com a estiagem. A situa\u00e7\u00e3o, \u00e9 preocupante e aponta [&hellip;]","og_url":"https:\/\/www.notibras.com\/site\/nivel-da-agua-nas-hidreletricas-esta-15-abaixo-de-2001-ano-do-apagao-geral\/","og_site_name":"Notibras","article_publisher":"https:\/\/www.facebook.com\/notibras\/","article_published_time":"2015-01-21T17:13:30+00:00","article_modified_time":"2015-01-22T01:58:01+00:00","og_image":[{"width":500,"height":375,"url":"https:\/\/www.notibras.com\/site\/wp-content\/uploads\/2015\/01\/10.jpg","type":"image\/jpeg"}],"author":"Reda\u00e7\u00e3o","twitter_card":"summary_large_image","twitter_creator":"@Notibras","twitter_site":"@Notibras","twitter_misc":{"Escrito por":"Reda\u00e7\u00e3o","Est. tempo de leitura":"3 minutos"},"schema":{"@context":"https:\/\/schema.org","@graph":[{"@type":"Article","@id":"https:\/\/www.notibras.com\/site\/nivel-da-agua-nas-hidreletricas-esta-15-abaixo-de-2001-ano-do-apagao-geral\/#article","isPartOf":{"@id":"https:\/\/www.notibras.com\/site\/nivel-da-agua-nas-hidreletricas-esta-15-abaixo-de-2001-ano-do-apagao-geral\/"},"author":{"name":"Reda\u00e7\u00e3o","@id":"https:\/\/www.notibras.com\/site\/#\/schema\/person\/36ab0979449956132d3e5b517ea76ac8"},"headline":"N\u00edvel da \u00e1gua nas hidrel\u00e9tricas est\u00e1 15% abaixo de 2001, o ano do apag\u00e3o geral","datePublished":"2015-01-21T17:13:30+00:00","dateModified":"2015-01-22T01:58:01+00:00","mainEntityOfPage":{"@id":"https:\/\/www.notibras.com\/site\/nivel-da-agua-nas-hidreletricas-esta-15-abaixo-de-2001-ano-do-apagao-geral\/"},"wordCount":661,"commentCount":0,"publisher":{"@id":"https:\/\/www.notibras.com\/site\/#organization"},"image":{"@id":"https:\/\/www.notibras.com\/site\/nivel-da-agua-nas-hidreletricas-esta-15-abaixo-de-2001-ano-do-apagao-geral\/#primaryimage"},"thumbnailUrl":"https:\/\/www.notibras.com\/site\/wp-content\/uploads\/2015\/01\/10.jpg","articleSection":["Brasil"],"inLanguage":"pt-BR","potentialAction":[{"@type":"CommentAction","name":"Comment","target":["https:\/\/www.notibras.com\/site\/nivel-da-agua-nas-hidreletricas-esta-15-abaixo-de-2001-ano-do-apagao-geral\/#respond"]}]},{"@type":"WebPage","@id":"https:\/\/www.notibras.com\/site\/nivel-da-agua-nas-hidreletricas-esta-15-abaixo-de-2001-ano-do-apagao-geral\/","url":"https:\/\/www.notibras.com\/site\/nivel-da-agua-nas-hidreletricas-esta-15-abaixo-de-2001-ano-do-apagao-geral\/","name":"N\u00edvel da \u00e1gua nas hidrel\u00e9tricas est\u00e1 15% abaixo de 2001, o ano do apag\u00e3o geral - Notibras","isPartOf":{"@id":"https:\/\/www.notibras.com\/site\/#website"},"primaryImageOfPage":{"@id":"https:\/\/www.notibras.com\/site\/nivel-da-agua-nas-hidreletricas-esta-15-abaixo-de-2001-ano-do-apagao-geral\/#primaryimage"},"image":{"@id":"https:\/\/www.notibras.com\/site\/nivel-da-agua-nas-hidreletricas-esta-15-abaixo-de-2001-ano-do-apagao-geral\/#primaryimage"},"thumbnailUrl":"https:\/\/www.notibras.com\/site\/wp-content\/uploads\/2015\/01\/10.jpg","datePublished":"2015-01-21T17:13:30+00:00","dateModified":"2015-01-22T01:58:01+00:00","breadcrumb":{"@id":"https:\/\/www.notibras.com\/site\/nivel-da-agua-nas-hidreletricas-esta-15-abaixo-de-2001-ano-do-apagao-geral\/#breadcrumb"},"inLanguage":"pt-BR","potentialAction":[{"@type":"ReadAction","target":["https:\/\/www.notibras.com\/site\/nivel-da-agua-nas-hidreletricas-esta-15-abaixo-de-2001-ano-do-apagao-geral\/"]}]},{"@type":"ImageObject","inLanguage":"pt-BR","@id":"https:\/\/www.notibras.com\/site\/nivel-da-agua-nas-hidreletricas-esta-15-abaixo-de-2001-ano-do-apagao-geral\/#primaryimage","url":"https:\/\/www.notibras.com\/site\/wp-content\/uploads\/2015\/01\/10.jpg","contentUrl":"https:\/\/www.notibras.com\/site\/wp-content\/uploads\/2015\/01\/10.jpg","width":500,"height":375},{"@type":"BreadcrumbList","@id":"https:\/\/www.notibras.com\/site\/nivel-da-agua-nas-hidreletricas-esta-15-abaixo-de-2001-ano-do-apagao-geral\/#breadcrumb","itemListElement":[{"@type":"ListItem","position":1,"name":"In\u00edcio","item":"https:\/\/www.notibras.com\/site\/"},{"@type":"ListItem","position":2,"name":"N\u00edvel da \u00e1gua nas hidrel\u00e9tricas est\u00e1 15% abaixo de 2001, o ano do apag\u00e3o geral"}]},{"@type":"WebSite","@id":"https:\/\/www.notibras.com\/site\/#website","url":"https:\/\/www.notibras.com\/site\/","name":"Notibras","description":"Not\u00edcias de Bras\u00edlia, do Brasil e do Mundo","publisher":{"@id":"https:\/\/www.notibras.com\/site\/#organization"},"potentialAction":[{"@type":"SearchAction","target":{"@type":"EntryPoint","urlTemplate":"https:\/\/www.notibras.com\/site\/?s={search_term_string}"},"query-input":{"@type":"PropertyValueSpecification","valueRequired":true,"valueName":"search_term_string"}}],"inLanguage":"pt-BR"},{"@type":"Organization","@id":"https:\/\/www.notibras.com\/site\/#organization","name":"Grupo Notibras de Comunica\u00e7\u00e3o","url":"https:\/\/www.notibras.com\/site\/","logo":{"@type":"ImageObject","inLanguage":"pt-BR","@id":"https:\/\/www.notibras.com\/site\/#\/schema\/logo\/image\/","url":"https:\/\/www.notibras.com\/site\/wp-content\/uploads\/2023\/01\/notibras23.png","contentUrl":"https:\/\/www.notibras.com\/site\/wp-content\/uploads\/2023\/01\/notibras23.png","width":350,"height":87,"caption":"Grupo Notibras de Comunica\u00e7\u00e3o"},"image":{"@id":"https:\/\/www.notibras.com\/site\/#\/schema\/logo\/image\/"},"sameAs":["https:\/\/www.facebook.com\/notibras\/","https:\/\/x.com\/Notibras","https:\/\/www.instagram.com\/notibras\/"]},{"@type":"Person","@id":"https:\/\/www.notibras.com\/site\/#\/schema\/person\/36ab0979449956132d3e5b517ea76ac8","name":"Reda\u00e7\u00e3o","image":{"@type":"ImageObject","inLanguage":"pt-BR","@id":"https:\/\/secure.gravatar.com\/avatar\/e0a867bdedb85fd243eadf09663511f96fc81e0720a4a42581f334ad4303aa6b?s=96&d=mm&r=g","url":"https:\/\/secure.gravatar.com\/avatar\/e0a867bdedb85fd243eadf09663511f96fc81e0720a4a42581f334ad4303aa6b?s=96&d=mm&r=g","contentUrl":"https:\/\/secure.gravatar.com\/avatar\/e0a867bdedb85fd243eadf09663511f96fc81e0720a4a42581f334ad4303aa6b?s=96&d=mm&r=g","caption":"Reda\u00e7\u00e3o"}}]}},"amp_enabled":true,"_links":{"self":[{"href":"https:\/\/www.notibras.com\/site\/wp-json\/wp\/v2\/posts\/34598","targetHints":{"allow":["GET"]}}],"collection":[{"href":"https:\/\/www.notibras.com\/site\/wp-json\/wp\/v2\/posts"}],"about":[{"href":"https:\/\/www.notibras.com\/site\/wp-json\/wp\/v2\/types\/post"}],"author":[{"embeddable":true,"href":"https:\/\/www.notibras.com\/site\/wp-json\/wp\/v2\/users\/2"}],"replies":[{"embeddable":true,"href":"https:\/\/www.notibras.com\/site\/wp-json\/wp\/v2\/comments?post=34598"}],"version-history":[{"count":0,"href":"https:\/\/www.notibras.com\/site\/wp-json\/wp\/v2\/posts\/34598\/revisions"}],"wp:featuredmedia":[{"embeddable":true,"href":"https:\/\/www.notibras.com\/site\/wp-json\/wp\/v2\/media\/34599"}],"wp:attachment":[{"href":"https:\/\/www.notibras.com\/site\/wp-json\/wp\/v2\/media?parent=34598"}],"wp:term":[{"taxonomy":"category","embeddable":true,"href":"https:\/\/www.notibras.com\/site\/wp-json\/wp\/v2\/categories?post=34598"},{"taxonomy":"post_tag","embeddable":true,"href":"https:\/\/www.notibras.com\/site\/wp-json\/wp\/v2\/tags?post=34598"}],"curies":[{"name":"wp","href":"https:\/\/api.w.org\/{rel}","templated":true}]}}