{"id":345980,"date":"2025-01-19T00:00:57","date_gmt":"2025-01-19T03:00:57","guid":{"rendered":"https:\/\/www.notibras.com\/site\/?p=345980"},"modified":"2025-01-19T08:56:28","modified_gmt":"2025-01-19T11:56:28","slug":"interdicao-na-epig-altera-transito-na-saida-do-parque-da-cidade","status":"publish","type":"post","link":"https:\/\/www.notibras.com\/site\/interdicao-na-epig-altera-transito-na-saida-do-parque-da-cidade\/","title":{"rendered":"Interdi\u00e7\u00e3o na Epig altera tr\u00e2nsito na sa\u00edda do Parque da Cidade"},"content":{"rendered":"<p>A partir das 20h de ter\u00e7a-feira (21), a al\u00e7a de acesso da nova rotat\u00f3ria do Parque da Cidade, que leva ao Setor de Ind\u00fastrias Gr\u00e1ficas (SIG), ser\u00e1 interditada. A medida \u00e9 necess\u00e1ria para a constru\u00e7\u00e3o das funda\u00e7\u00f5es das passarelas subterr\u00e2neas de pedestres, que fazem parte do projeto do corredor de \u00f4nibus na Estrada Parque Ind\u00fastrias Gr\u00e1ficas (Epig).<\/p>\n<p>Com dura\u00e7\u00e3o de aproximadamente tr\u00eas meses, a obra exige aten\u00e7\u00e3o dos motoristas. Quem precisar acessar o SIG dever\u00e1 utilizar a al\u00e7a de acesso \u00e0 Epig localizada no viaduto Luiz Carlos Botelho Ferreira.<\/p>\n<p>\u201cAs passarelas subterr\u00e2neas garantir\u00e3o travessias seguras e organizadas, especialmente quando o corredor de \u00f4nibus estiver em pleno funcionamento\u201d, ressalta o secret\u00e1rio de Obras e Infraestrutura, Valter Casimiro. \u201c\u00c9 uma obra que prioriza a vida e a mobilidade de todos os usu\u00e1rios da Epig.\u201d<\/p>\n<p>Durante o per\u00edodo de interdi\u00e7\u00e3o, agentes de tr\u00e2nsito estar\u00e3o no local para orientar os motoristas e minimizar os impactos no tr\u00e1fego. A Secretaria de Obras e Infraestrutura (SODF) pede compreens\u00e3o \u00e0 popula\u00e7\u00e3o pelos eventuais transtornos e refor\u00e7a a import\u00e2ncia das obras para a melhoria da infraestrutura e seguran\u00e7a vi\u00e1ria.<\/p>\n","protected":false},"excerpt":{"rendered":"<p>A partir das 20h de ter\u00e7a-feira (21), a al\u00e7a de acesso da nova rotat\u00f3ria do Parque da Cidade, que leva ao Setor de Ind\u00fastrias Gr\u00e1ficas (SIG), ser\u00e1 interditada. A medida \u00e9 necess\u00e1ria para a constru\u00e7\u00e3o das funda\u00e7\u00f5es das passarelas subterr\u00e2neas de pedestres, que fazem parte do projeto do corredor de \u00f4nibus na Estrada Parque Ind\u00fastrias [&hellip;]<\/p>\n","protected":false},"author":2,"featured_media":345981,"comment_status":"closed","ping_status":"closed","sticky":false,"template":"","format":"standard","meta":{"_acf_changed":false,"footnotes":""},"categories":[161],"tags":[],"class_list":["post-345980","post","type-post","status-publish","format-standard","has-post-thumbnail","hentry","category-quadradinho-em-foco"],"acf":[],"_links":{"self":[{"href":"https:\/\/www.notibras.com\/site\/wp-json\/wp\/v2\/posts\/345980","targetHints":{"allow":["GET"]}}],"collection":[{"href":"https:\/\/www.notibras.com\/site\/wp-json\/wp\/v2\/posts"}],"about":[{"href":"https:\/\/www.notibras.com\/site\/wp-json\/wp\/v2\/types\/post"}],"author":[{"embeddable":true,"href":"https:\/\/www.notibras.com\/site\/wp-json\/wp\/v2\/users\/2"}],"replies":[{"embeddable":true,"href":"https:\/\/www.notibras.com\/site\/wp-json\/wp\/v2\/comments?post=345980"}],"version-history":[{"count":1,"href":"https:\/\/www.notibras.com\/site\/wp-json\/wp\/v2\/posts\/345980\/revisions"}],"predecessor-version":[{"id":345982,"href":"https:\/\/www.notibras.com\/site\/wp-json\/wp\/v2\/posts\/345980\/revisions\/345982"}],"wp:featuredmedia":[{"embeddable":true,"href":"https:\/\/www.notibras.com\/site\/wp-json\/wp\/v2\/media\/345981"}],"wp:attachment":[{"href":"https:\/\/www.notibras.com\/site\/wp-json\/wp\/v2\/media?parent=345980"}],"wp:term":[{"taxonomy":"category","embeddable":true,"href":"https:\/\/www.notibras.com\/site\/wp-json\/wp\/v2\/categories?post=345980"},{"taxonomy":"post_tag","embeddable":true,"href":"https:\/\/www.notibras.com\/site\/wp-json\/wp\/v2\/tags?post=345980"}],"curies":[{"name":"wp","href":"https:\/\/api.w.org\/{rel}","templated":true}]}}