{"id":345986,"date":"2025-01-19T00:03:50","date_gmt":"2025-01-19T03:03:50","guid":{"rendered":"https:\/\/www.notibras.com\/site\/?p=345986"},"modified":"2025-01-19T09:05:16","modified_gmt":"2025-01-19T12:05:16","slug":"buriti-concedeu-10-milhoes-em-creditos-rurais-para-agricultora-familiar","status":"publish","type":"post","link":"https:\/\/www.notibras.com\/site\/buriti-concedeu-10-milhoes-em-creditos-rurais-para-agricultora-familiar\/","title":{"rendered":"Buriti concedeu 10 milh\u00f5es em cr\u00e9ditos rurais para agricultora familiar"},"content":{"rendered":"<p>A 45 quil\u00f4metros de dist\u00e2ncia da \u00e1rea central de Bras\u00edlia, na regi\u00e3o de Pipiripau (Planaltina), pr\u00f3ximo \u00e0 divisa entre a capital do pa\u00eds e o estado de Goi\u00e1s, sonhos cultivados na terra ganham vida com apoio deste Governo do Distrito Federal (GDF). Para a agricultora familiar Cati\u00facia Rodrigues Neres Cazuza, de 41 anos, esse incentivo veio por meio da concess\u00e3o de cr\u00e9dito rural, que, obtido pelo programa Prospera, lhe permitiu concretizar um sonho seu e de sua fam\u00edlia.<\/p>\n<p>\u201cMinha m\u00e3e sempre quis que eu plantasse bananas aqui na ch\u00e1cara, mas me faltava o dinheiro para fazer esse investimento. Com o cr\u00e9dito rural, eu consegui transformar essa ideia dela em realidade; hoje, minha produ\u00e7\u00e3o \u00e9 motivo de orgulho para a nossa fam\u00edlia\u201d, conta a agricultora, que reside na comunidade rural Roseli Nunes.<\/p>\n<p>Destinado a atender necessidades financeiras de pequenos empreendedores urbanos e rurais, o Prospera \u00e9 apenas um dos mecanismos de concess\u00e3o de cr\u00e9ditos a produtores disponibilizados por este GDF. Em 2024, a iniciativa concedeu R$ 1,2 milh\u00e3o em incentivo financeiro aos agricultores da capital do pa\u00eds.<\/p>\n<p>Al\u00e9m do Prospera, programas de cr\u00e9dito como o Fundo de Desenvolvimento Rural (FDR), Pronaf e Pronamp tamb\u00e9m fortaleceram o campo no Distrito Federal no ano passado. Ao todo, foram quase R$ 10 milh\u00f5es de recursos direcionados para o impulsionamento da produ\u00e7\u00e3o agr\u00edcola brasiliense, viabilizando projetos que melhoraram a infraestrutura, ampliaram \u00e1reas de cultivo e fomentaram a gera\u00e7\u00e3o de renda para os produtores locais.<\/p>\n<p>\u201cA maioria dos pequenos produtores e agricultores familiares entra descapitalizada, e qualquer recurso faz uma enorme diferen\u00e7a. Al\u00e9m de acompanhar o processo de libera\u00e7\u00e3o do cr\u00e9dito, auxiliamos na aplica\u00e7\u00e3o correta para garantir que o investimento resulte em ganhos significativos e sustent\u00e1veis\u201d, explica o extensionista rural Geraldo Magela Gontijo, da Empresa de Assist\u00eancia T\u00e9cnica e Extens\u00e3o Rural (Emater-DF).<\/p>\n<p><strong>Parceira do produtor<\/strong><br \/>\nFoi justamente o acompanhamento da Emater-DF de todos os processos de obten\u00e7\u00e3o de cr\u00e9dito que viabilizou o investimento necess\u00e1rio para que o produtor rural Assis do Ros\u00e1rio Nogueira, 50, desse in\u00edcio \u00e0 planta\u00e7\u00e3o de goiabas. Morador do Assentamento Oziel Alves III, em Planaltina, o agricultor ostenta com orgulho o posto de pioneiro no cultivo das frutas na regi\u00e3o.<\/p>\n<p>\u201cSem o cr\u00e9dito, seria imposs\u00edvel crescer. A assist\u00eancia t\u00e9cnica da Emater foi fundamental para organizar meu projeto e me guiar nesse processo. Hoje, vivo da goiaba e estou ampliando minha \u00e1rea de cultivo\u201d, comemora Assis.<\/p>\n<p>Assis relata que, al\u00e9m de ajudar a dar o pontap\u00e9 inicial na planta\u00e7\u00e3o, o cr\u00e9dito do FDR tamb\u00e9m viabilizou a aquisi\u00e7\u00e3o de uma camionete nova, um investimento essencial para atender \u00e0s demandas do Programa de Alimenta\u00e7\u00e3o Escolar do DF e da grande rede de supermercados \u2013 hoje, os principais clientes do produtor.<\/p>\n<p><strong>Como participar<\/strong><br \/>\nO produtor rural interessado em obter linhas de cr\u00e9dito com a devida assist\u00eancia t\u00e9cnica da Emater-DF deve procurar o escrit\u00f3rio da empresa respons\u00e1vel por sua regi\u00e3o, portando os documentos pessoais e da propriedade. A iniciativa est\u00e1 dispon\u00edvel tanto para pessoas f\u00edsicas quanto jur\u00eddicas com atividades rurais no DF, desde que devidamente cadastradas.<\/p>\n<p>A empresa auxilia os agricultores na elabora\u00e7\u00e3o de carta de limite de cr\u00e9dito, assist\u00eancia \u00e0 implanta\u00e7\u00e3o de projetos, elabora\u00e7\u00e3o de projetos, supervis\u00e3o da aplica\u00e7\u00e3o do recurso e orienta\u00e7\u00e3o aos empreendedores e organiza\u00e7\u00f5es em gest\u00e3o e estrat\u00e9gias de neg\u00f3cios.<\/p>\n","protected":false},"excerpt":{"rendered":"<p>A 45 quil\u00f4metros de dist\u00e2ncia da \u00e1rea central de Bras\u00edlia, na regi\u00e3o de Pipiripau (Planaltina), pr\u00f3ximo \u00e0 divisa entre a capital do pa\u00eds e o estado de Goi\u00e1s, sonhos cultivados na terra ganham vida com apoio deste Governo do Distrito Federal (GDF). Para a agricultora familiar Cati\u00facia Rodrigues Neres Cazuza, de 41 anos, esse incentivo [&hellip;]<\/p>\n","protected":false},"author":2,"featured_media":345987,"comment_status":"closed","ping_status":"closed","sticky":false,"template":"","format":"standard","meta":{"_acf_changed":false,"footnotes":""},"categories":[161],"tags":[],"class_list":["post-345986","post","type-post","status-publish","format-standard","has-post-thumbnail","hentry","category-quadradinho-em-foco"],"acf":[],"_links":{"self":[{"href":"https:\/\/www.notibras.com\/site\/wp-json\/wp\/v2\/posts\/345986","targetHints":{"allow":["GET"]}}],"collection":[{"href":"https:\/\/www.notibras.com\/site\/wp-json\/wp\/v2\/posts"}],"about":[{"href":"https:\/\/www.notibras.com\/site\/wp-json\/wp\/v2\/types\/post"}],"author":[{"embeddable":true,"href":"https:\/\/www.notibras.com\/site\/wp-json\/wp\/v2\/users\/2"}],"replies":[{"embeddable":true,"href":"https:\/\/www.notibras.com\/site\/wp-json\/wp\/v2\/comments?post=345986"}],"version-history":[{"count":1,"href":"https:\/\/www.notibras.com\/site\/wp-json\/wp\/v2\/posts\/345986\/revisions"}],"predecessor-version":[{"id":345988,"href":"https:\/\/www.notibras.com\/site\/wp-json\/wp\/v2\/posts\/345986\/revisions\/345988"}],"wp:featuredmedia":[{"embeddable":true,"href":"https:\/\/www.notibras.com\/site\/wp-json\/wp\/v2\/media\/345987"}],"wp:attachment":[{"href":"https:\/\/www.notibras.com\/site\/wp-json\/wp\/v2\/media?parent=345986"}],"wp:term":[{"taxonomy":"category","embeddable":true,"href":"https:\/\/www.notibras.com\/site\/wp-json\/wp\/v2\/categories?post=345986"},{"taxonomy":"post_tag","embeddable":true,"href":"https:\/\/www.notibras.com\/site\/wp-json\/wp\/v2\/tags?post=345986"}],"curies":[{"name":"wp","href":"https:\/\/api.w.org\/{rel}","templated":true}]}}