{"id":34607,"date":"2015-01-21T14:29:59","date_gmt":"2015-01-21T17:29:59","guid":{"rendered":"http:\/\/www.notibras.com\/site\/?p=34607"},"modified":"2015-01-21T14:29:59","modified_gmt":"2015-01-21T17:29:59","slug":"aeroviarios-pedem-aumento-e-anunciam-greve-justica-manda-que-80-trabalhem","status":"publish","type":"post","link":"https:\/\/www.notibras.com\/site\/aeroviarios-pedem-aumento-e-anunciam-greve-justica-manda-que-80-trabalhem\/","title":{"rendered":"Aerovi\u00e1rios pedem aumento e anunciam greve. Justi\u00e7a manda que 80% trabalhem"},"content":{"rendered":"<div class=\"content\">\n<p>O Tribunal Superior do Trabalho (TST) determinou que aeronautas e aerovi\u00e1rios mantenham 80% do pessoal trabalhando durante a greve que as duas categorias marcaram para esta quinta 22. A informa\u00e7\u00e3o foi divulgada pela Associa\u00e7\u00e3o Brasileira das Empresas A\u00e9reas (Abear), em nota \u00e0 imprensa.<\/p>\n<p>Com a falta de acordo entre os trabalhadores e as empresas, pilotos, comiss\u00e1rios e colaboradores de servi\u00e7os em terra decidiram cruzar os bra\u00e7os por uma hora nesta quinta-feira, das 6h \u00e0s 7h. De acordo com a nota, o TST estabeleceu multa di\u00e1ria de R$ 100 mil, caso a determina\u00e7\u00e3o n\u00e3o seja cumprida. A a\u00e7\u00e3o cautelar foi levada ao tribunal pelo Sindicato Nacional das Empresas Aerovi\u00e1rias (Snea).<\/p>\n<blockquote><p>Os aerovi\u00e1rios e aeronautas pedem aumento de 8,5% nos sal\u00e1rios e benef\u00edcios, al\u00e9m de melhores condi\u00e7\u00f5es de trabalho e do estabelecimento de um piso salarial para os agentes que fazem o <em>check-in<\/em>, entre outras reivindica\u00e7\u00f5es. A proposta do Snea e da Abear oferece reajuste de 6,5% para os sal\u00e1rios e aumento de 8% para alguns benef\u00edcios.<\/p><\/blockquote>\n<p>A assessoria da Federa\u00e7\u00e3o Nacional dos Trabalhadores em Avia\u00e7\u00e3o Civil (Fentac), vinculada \u00e0 Central \u00danica dos Trabalhadores (CUT), informou que, at\u00e9 o momento, apenas alguns sindicatos foram notificados sobre a decis\u00e3o. Segundo a assessoria, a paralisa\u00e7\u00e3o ser\u00e1 mantida e, ap\u00f3s uma hora sem servi\u00e7os de opera\u00e7\u00e3o, o trabalho ser\u00e1 restabelecido pelos funcion\u00e1rios. As demais fun\u00e7\u00f5es dos aeroportos ser\u00e3o mantidas.<\/p>\n<p>De acordo com a Fentac, a paralisa\u00e7\u00e3o ter\u00e1 como consequ\u00eancia um efeito cascata nos aeroportos. Ap\u00f3s a manifesta\u00e7\u00e3o, ser\u00e1 divulgado um balan\u00e7o dos resultados e, caso as empresas n\u00e3o apresentem nova proposta, est\u00e3o previstas outras a\u00e7\u00f5es.<\/p>\n<p>&nbsp;<\/p>\n<p>&nbsp;<\/p>\n<header>\n<div class=\"node-info\"><strong>Mich\u00e8lle Canes &#8211; Rep\u00f3rter da Ag\u00eancia Brasil<\/strong> Edi\u00e7\u00e3o: <strong>Marcos Chagas<\/strong><\/div>\n<\/header>\n<\/div>\n","protected":false},"excerpt":{"rendered":"<p>O Tribunal Superior do Trabalho (TST) determinou que aeronautas e aerovi\u00e1rios mantenham 80% do pessoal trabalhando durante a greve que as duas categorias marcaram para esta quinta 22. A informa\u00e7\u00e3o foi divulgada pela Associa\u00e7\u00e3o Brasileira das Empresas A\u00e9reas (Abear), em nota \u00e0 imprensa. Com a falta de acordo entre os trabalhadores e as empresas, pilotos, [&hellip;]<\/p>\n","protected":false},"author":2,"featured_media":34608,"comment_status":"open","ping_status":"closed","sticky":false,"template":"","format":"standard","meta":{"_acf_changed":false,"footnotes":""},"categories":[16],"tags":[],"class_list":["post-34607","post","type-post","status-publish","format-standard","has-post-thumbnail","hentry","category-brasil"],"acf":[],"yoast_head":"<!-- This site is optimized with the Yoast SEO plugin v27.2 - https:\/\/yoast.com\/product\/yoast-seo-wordpress\/ -->\n<title>Aerovi\u00e1rios pedem aumento e anunciam greve. Justi\u00e7a manda que 80% trabalhem - Notibras<\/title>\n<meta name=\"robots\" content=\"index, follow, max-snippet:-1, max-image-preview:large, max-video-preview:-1\" \/>\n<link rel=\"canonical\" href=\"https:\/\/www.notibras.com\/site\/aeroviarios-pedem-aumento-e-anunciam-greve-justica-manda-que-80-trabalhem\/\" \/>\n<meta property=\"og:locale\" content=\"pt_BR\" \/>\n<meta property=\"og:type\" content=\"article\" \/>\n<meta property=\"og:title\" content=\"Aerovi\u00e1rios pedem aumento e anunciam greve. Justi\u00e7a manda que 80% trabalhem - Notibras\" \/>\n<meta property=\"og:description\" content=\"O Tribunal Superior do Trabalho (TST) determinou que aeronautas e aerovi\u00e1rios mantenham 80% do pessoal trabalhando durante a greve que as duas categorias marcaram para esta quinta 22. A informa\u00e7\u00e3o foi divulgada pela Associa\u00e7\u00e3o Brasileira das Empresas A\u00e9reas (Abear), em nota \u00e0 imprensa. Com a falta de acordo entre os trabalhadores e as empresas, pilotos, [&hellip;]\" \/>\n<meta property=\"og:url\" content=\"https:\/\/www.notibras.com\/site\/aeroviarios-pedem-aumento-e-anunciam-greve-justica-manda-que-80-trabalhem\/\" \/>\n<meta property=\"og:site_name\" content=\"Notibras\" \/>\n<meta property=\"article:publisher\" content=\"https:\/\/www.facebook.com\/notibras\/\" \/>\n<meta property=\"article:published_time\" content=\"2015-01-21T17:29:59+00:00\" \/>\n<meta property=\"og:image\" content=\"https:\/\/www.notibras.com\/site\/wp-content\/uploads\/2015\/01\/941370-manifesta\u00e7\u00e3o-aeroviarios-7.jpg\" \/>\n\t<meta property=\"og:image:width\" content=\"580\" \/>\n\t<meta property=\"og:image:height\" content=\"388\" \/>\n\t<meta property=\"og:image:type\" content=\"image\/jpeg\" \/>\n<meta name=\"author\" content=\"Reda\u00e7\u00e3o\" \/>\n<meta name=\"twitter:card\" content=\"summary_large_image\" \/>\n<meta name=\"twitter:creator\" content=\"@Notibras\" \/>\n<meta name=\"twitter:site\" content=\"@Notibras\" \/>\n<meta name=\"twitter:label1\" content=\"Escrito por\" \/>\n\t<meta name=\"twitter:data1\" content=\"Reda\u00e7\u00e3o\" \/>\n\t<meta name=\"twitter:label2\" content=\"Est. tempo de leitura\" \/>\n\t<meta name=\"twitter:data2\" content=\"2 minutos\" \/>\n<script type=\"application\/ld+json\" class=\"yoast-schema-graph\">{\"@context\":\"https:\/\/schema.org\",\"@graph\":[{\"@type\":\"Article\",\"@id\":\"https:\/\/www.notibras.com\/site\/aeroviarios-pedem-aumento-e-anunciam-greve-justica-manda-que-80-trabalhem\/#article\",\"isPartOf\":{\"@id\":\"https:\/\/www.notibras.com\/site\/aeroviarios-pedem-aumento-e-anunciam-greve-justica-manda-que-80-trabalhem\/\"},\"author\":{\"name\":\"Reda\u00e7\u00e3o\",\"@id\":\"https:\/\/www.notibras.com\/site\/#\/schema\/person\/36ab0979449956132d3e5b517ea76ac8\"},\"headline\":\"Aerovi\u00e1rios pedem aumento e anunciam greve. Justi\u00e7a manda que 80% trabalhem\",\"datePublished\":\"2015-01-21T17:29:59+00:00\",\"mainEntityOfPage\":{\"@id\":\"https:\/\/www.notibras.com\/site\/aeroviarios-pedem-aumento-e-anunciam-greve-justica-manda-que-80-trabalhem\/\"},\"wordCount\":318,\"commentCount\":0,\"publisher\":{\"@id\":\"https:\/\/www.notibras.com\/site\/#organization\"},\"image\":{\"@id\":\"https:\/\/www.notibras.com\/site\/aeroviarios-pedem-aumento-e-anunciam-greve-justica-manda-que-80-trabalhem\/#primaryimage\"},\"thumbnailUrl\":\"https:\/\/www.notibras.com\/site\/wp-content\/uploads\/2015\/01\/941370-manifesta\u00e7\u00e3o-aeroviarios-7.jpg\",\"articleSection\":[\"Brasil\"],\"inLanguage\":\"pt-BR\",\"potentialAction\":[{\"@type\":\"CommentAction\",\"name\":\"Comment\",\"target\":[\"https:\/\/www.notibras.com\/site\/aeroviarios-pedem-aumento-e-anunciam-greve-justica-manda-que-80-trabalhem\/#respond\"]}]},{\"@type\":\"WebPage\",\"@id\":\"https:\/\/www.notibras.com\/site\/aeroviarios-pedem-aumento-e-anunciam-greve-justica-manda-que-80-trabalhem\/\",\"url\":\"https:\/\/www.notibras.com\/site\/aeroviarios-pedem-aumento-e-anunciam-greve-justica-manda-que-80-trabalhem\/\",\"name\":\"Aerovi\u00e1rios pedem aumento e anunciam greve. Justi\u00e7a manda que 80% trabalhem - Notibras\",\"isPartOf\":{\"@id\":\"https:\/\/www.notibras.com\/site\/#website\"},\"primaryImageOfPage\":{\"@id\":\"https:\/\/www.notibras.com\/site\/aeroviarios-pedem-aumento-e-anunciam-greve-justica-manda-que-80-trabalhem\/#primaryimage\"},\"image\":{\"@id\":\"https:\/\/www.notibras.com\/site\/aeroviarios-pedem-aumento-e-anunciam-greve-justica-manda-que-80-trabalhem\/#primaryimage\"},\"thumbnailUrl\":\"https:\/\/www.notibras.com\/site\/wp-content\/uploads\/2015\/01\/941370-manifesta\u00e7\u00e3o-aeroviarios-7.jpg\",\"datePublished\":\"2015-01-21T17:29:59+00:00\",\"breadcrumb\":{\"@id\":\"https:\/\/www.notibras.com\/site\/aeroviarios-pedem-aumento-e-anunciam-greve-justica-manda-que-80-trabalhem\/#breadcrumb\"},\"inLanguage\":\"pt-BR\",\"potentialAction\":[{\"@type\":\"ReadAction\",\"target\":[\"https:\/\/www.notibras.com\/site\/aeroviarios-pedem-aumento-e-anunciam-greve-justica-manda-que-80-trabalhem\/\"]}]},{\"@type\":\"ImageObject\",\"inLanguage\":\"pt-BR\",\"@id\":\"https:\/\/www.notibras.com\/site\/aeroviarios-pedem-aumento-e-anunciam-greve-justica-manda-que-80-trabalhem\/#primaryimage\",\"url\":\"https:\/\/www.notibras.com\/site\/wp-content\/uploads\/2015\/01\/941370-manifesta\u00e7\u00e3o-aeroviarios-7.jpg\",\"contentUrl\":\"https:\/\/www.notibras.com\/site\/wp-content\/uploads\/2015\/01\/941370-manifesta\u00e7\u00e3o-aeroviarios-7.jpg\",\"width\":580,\"height\":388},{\"@type\":\"BreadcrumbList\",\"@id\":\"https:\/\/www.notibras.com\/site\/aeroviarios-pedem-aumento-e-anunciam-greve-justica-manda-que-80-trabalhem\/#breadcrumb\",\"itemListElement\":[{\"@type\":\"ListItem\",\"position\":1,\"name\":\"In\u00edcio\",\"item\":\"https:\/\/www.notibras.com\/site\/\"},{\"@type\":\"ListItem\",\"position\":2,\"name\":\"Aerovi\u00e1rios pedem aumento e anunciam greve. Justi\u00e7a manda que 80% trabalhem\"}]},{\"@type\":\"WebSite\",\"@id\":\"https:\/\/www.notibras.com\/site\/#website\",\"url\":\"https:\/\/www.notibras.com\/site\/\",\"name\":\"Notibras\",\"description\":\"Not\u00edcias de Bras\u00edlia, do Brasil e do Mundo\",\"publisher\":{\"@id\":\"https:\/\/www.notibras.com\/site\/#organization\"},\"potentialAction\":[{\"@type\":\"SearchAction\",\"target\":{\"@type\":\"EntryPoint\",\"urlTemplate\":\"https:\/\/www.notibras.com\/site\/?s={search_term_string}\"},\"query-input\":{\"@type\":\"PropertyValueSpecification\",\"valueRequired\":true,\"valueName\":\"search_term_string\"}}],\"inLanguage\":\"pt-BR\"},{\"@type\":\"Organization\",\"@id\":\"https:\/\/www.notibras.com\/site\/#organization\",\"name\":\"Grupo Notibras de Comunica\u00e7\u00e3o\",\"url\":\"https:\/\/www.notibras.com\/site\/\",\"logo\":{\"@type\":\"ImageObject\",\"inLanguage\":\"pt-BR\",\"@id\":\"https:\/\/www.notibras.com\/site\/#\/schema\/logo\/image\/\",\"url\":\"https:\/\/www.notibras.com\/site\/wp-content\/uploads\/2023\/01\/notibras23.png\",\"contentUrl\":\"https:\/\/www.notibras.com\/site\/wp-content\/uploads\/2023\/01\/notibras23.png\",\"width\":350,\"height\":87,\"caption\":\"Grupo Notibras de Comunica\u00e7\u00e3o\"},\"image\":{\"@id\":\"https:\/\/www.notibras.com\/site\/#\/schema\/logo\/image\/\"},\"sameAs\":[\"https:\/\/www.facebook.com\/notibras\/\",\"https:\/\/x.com\/Notibras\",\"https:\/\/www.instagram.com\/notibras\/\"]},{\"@type\":\"Person\",\"@id\":\"https:\/\/www.notibras.com\/site\/#\/schema\/person\/36ab0979449956132d3e5b517ea76ac8\",\"name\":\"Reda\u00e7\u00e3o\",\"image\":{\"@type\":\"ImageObject\",\"inLanguage\":\"pt-BR\",\"@id\":\"https:\/\/secure.gravatar.com\/avatar\/e0a867bdedb85fd243eadf09663511f96fc81e0720a4a42581f334ad4303aa6b?s=96&d=mm&r=g\",\"url\":\"https:\/\/secure.gravatar.com\/avatar\/e0a867bdedb85fd243eadf09663511f96fc81e0720a4a42581f334ad4303aa6b?s=96&d=mm&r=g\",\"contentUrl\":\"https:\/\/secure.gravatar.com\/avatar\/e0a867bdedb85fd243eadf09663511f96fc81e0720a4a42581f334ad4303aa6b?s=96&d=mm&r=g\",\"caption\":\"Reda\u00e7\u00e3o\"}}]}<\/script>\n<!-- \/ Yoast SEO plugin. -->","yoast_head_json":{"title":"Aerovi\u00e1rios pedem aumento e anunciam greve. Justi\u00e7a manda que 80% trabalhem - Notibras","robots":{"index":"index","follow":"follow","max-snippet":"max-snippet:-1","max-image-preview":"max-image-preview:large","max-video-preview":"max-video-preview:-1"},"canonical":"https:\/\/www.notibras.com\/site\/aeroviarios-pedem-aumento-e-anunciam-greve-justica-manda-que-80-trabalhem\/","og_locale":"pt_BR","og_type":"article","og_title":"Aerovi\u00e1rios pedem aumento e anunciam greve. Justi\u00e7a manda que 80% trabalhem - Notibras","og_description":"O Tribunal Superior do Trabalho (TST) determinou que aeronautas e aerovi\u00e1rios mantenham 80% do pessoal trabalhando durante a greve que as duas categorias marcaram para esta quinta 22. A informa\u00e7\u00e3o foi divulgada pela Associa\u00e7\u00e3o Brasileira das Empresas A\u00e9reas (Abear), em nota \u00e0 imprensa. Com a falta de acordo entre os trabalhadores e as empresas, pilotos, [&hellip;]","og_url":"https:\/\/www.notibras.com\/site\/aeroviarios-pedem-aumento-e-anunciam-greve-justica-manda-que-80-trabalhem\/","og_site_name":"Notibras","article_publisher":"https:\/\/www.facebook.com\/notibras\/","article_published_time":"2015-01-21T17:29:59+00:00","og_image":[{"width":580,"height":388,"url":"https:\/\/www.notibras.com\/site\/wp-content\/uploads\/2015\/01\/941370-manifesta\u00e7\u00e3o-aeroviarios-7.jpg","type":"image\/jpeg"}],"author":"Reda\u00e7\u00e3o","twitter_card":"summary_large_image","twitter_creator":"@Notibras","twitter_site":"@Notibras","twitter_misc":{"Escrito por":"Reda\u00e7\u00e3o","Est. tempo de leitura":"2 minutos"},"schema":{"@context":"https:\/\/schema.org","@graph":[{"@type":"Article","@id":"https:\/\/www.notibras.com\/site\/aeroviarios-pedem-aumento-e-anunciam-greve-justica-manda-que-80-trabalhem\/#article","isPartOf":{"@id":"https:\/\/www.notibras.com\/site\/aeroviarios-pedem-aumento-e-anunciam-greve-justica-manda-que-80-trabalhem\/"},"author":{"name":"Reda\u00e7\u00e3o","@id":"https:\/\/www.notibras.com\/site\/#\/schema\/person\/36ab0979449956132d3e5b517ea76ac8"},"headline":"Aerovi\u00e1rios pedem aumento e anunciam greve. Justi\u00e7a manda que 80% trabalhem","datePublished":"2015-01-21T17:29:59+00:00","mainEntityOfPage":{"@id":"https:\/\/www.notibras.com\/site\/aeroviarios-pedem-aumento-e-anunciam-greve-justica-manda-que-80-trabalhem\/"},"wordCount":318,"commentCount":0,"publisher":{"@id":"https:\/\/www.notibras.com\/site\/#organization"},"image":{"@id":"https:\/\/www.notibras.com\/site\/aeroviarios-pedem-aumento-e-anunciam-greve-justica-manda-que-80-trabalhem\/#primaryimage"},"thumbnailUrl":"https:\/\/www.notibras.com\/site\/wp-content\/uploads\/2015\/01\/941370-manifesta\u00e7\u00e3o-aeroviarios-7.jpg","articleSection":["Brasil"],"inLanguage":"pt-BR","potentialAction":[{"@type":"CommentAction","name":"Comment","target":["https:\/\/www.notibras.com\/site\/aeroviarios-pedem-aumento-e-anunciam-greve-justica-manda-que-80-trabalhem\/#respond"]}]},{"@type":"WebPage","@id":"https:\/\/www.notibras.com\/site\/aeroviarios-pedem-aumento-e-anunciam-greve-justica-manda-que-80-trabalhem\/","url":"https:\/\/www.notibras.com\/site\/aeroviarios-pedem-aumento-e-anunciam-greve-justica-manda-que-80-trabalhem\/","name":"Aerovi\u00e1rios pedem aumento e anunciam greve. Justi\u00e7a manda que 80% trabalhem - Notibras","isPartOf":{"@id":"https:\/\/www.notibras.com\/site\/#website"},"primaryImageOfPage":{"@id":"https:\/\/www.notibras.com\/site\/aeroviarios-pedem-aumento-e-anunciam-greve-justica-manda-que-80-trabalhem\/#primaryimage"},"image":{"@id":"https:\/\/www.notibras.com\/site\/aeroviarios-pedem-aumento-e-anunciam-greve-justica-manda-que-80-trabalhem\/#primaryimage"},"thumbnailUrl":"https:\/\/www.notibras.com\/site\/wp-content\/uploads\/2015\/01\/941370-manifesta\u00e7\u00e3o-aeroviarios-7.jpg","datePublished":"2015-01-21T17:29:59+00:00","breadcrumb":{"@id":"https:\/\/www.notibras.com\/site\/aeroviarios-pedem-aumento-e-anunciam-greve-justica-manda-que-80-trabalhem\/#breadcrumb"},"inLanguage":"pt-BR","potentialAction":[{"@type":"ReadAction","target":["https:\/\/www.notibras.com\/site\/aeroviarios-pedem-aumento-e-anunciam-greve-justica-manda-que-80-trabalhem\/"]}]},{"@type":"ImageObject","inLanguage":"pt-BR","@id":"https:\/\/www.notibras.com\/site\/aeroviarios-pedem-aumento-e-anunciam-greve-justica-manda-que-80-trabalhem\/#primaryimage","url":"https:\/\/www.notibras.com\/site\/wp-content\/uploads\/2015\/01\/941370-manifesta\u00e7\u00e3o-aeroviarios-7.jpg","contentUrl":"https:\/\/www.notibras.com\/site\/wp-content\/uploads\/2015\/01\/941370-manifesta\u00e7\u00e3o-aeroviarios-7.jpg","width":580,"height":388},{"@type":"BreadcrumbList","@id":"https:\/\/www.notibras.com\/site\/aeroviarios-pedem-aumento-e-anunciam-greve-justica-manda-que-80-trabalhem\/#breadcrumb","itemListElement":[{"@type":"ListItem","position":1,"name":"In\u00edcio","item":"https:\/\/www.notibras.com\/site\/"},{"@type":"ListItem","position":2,"name":"Aerovi\u00e1rios pedem aumento e anunciam greve. Justi\u00e7a manda que 80% trabalhem"}]},{"@type":"WebSite","@id":"https:\/\/www.notibras.com\/site\/#website","url":"https:\/\/www.notibras.com\/site\/","name":"Notibras","description":"Not\u00edcias de Bras\u00edlia, do Brasil e do Mundo","publisher":{"@id":"https:\/\/www.notibras.com\/site\/#organization"},"potentialAction":[{"@type":"SearchAction","target":{"@type":"EntryPoint","urlTemplate":"https:\/\/www.notibras.com\/site\/?s={search_term_string}"},"query-input":{"@type":"PropertyValueSpecification","valueRequired":true,"valueName":"search_term_string"}}],"inLanguage":"pt-BR"},{"@type":"Organization","@id":"https:\/\/www.notibras.com\/site\/#organization","name":"Grupo Notibras de Comunica\u00e7\u00e3o","url":"https:\/\/www.notibras.com\/site\/","logo":{"@type":"ImageObject","inLanguage":"pt-BR","@id":"https:\/\/www.notibras.com\/site\/#\/schema\/logo\/image\/","url":"https:\/\/www.notibras.com\/site\/wp-content\/uploads\/2023\/01\/notibras23.png","contentUrl":"https:\/\/www.notibras.com\/site\/wp-content\/uploads\/2023\/01\/notibras23.png","width":350,"height":87,"caption":"Grupo Notibras de Comunica\u00e7\u00e3o"},"image":{"@id":"https:\/\/www.notibras.com\/site\/#\/schema\/logo\/image\/"},"sameAs":["https:\/\/www.facebook.com\/notibras\/","https:\/\/x.com\/Notibras","https:\/\/www.instagram.com\/notibras\/"]},{"@type":"Person","@id":"https:\/\/www.notibras.com\/site\/#\/schema\/person\/36ab0979449956132d3e5b517ea76ac8","name":"Reda\u00e7\u00e3o","image":{"@type":"ImageObject","inLanguage":"pt-BR","@id":"https:\/\/secure.gravatar.com\/avatar\/e0a867bdedb85fd243eadf09663511f96fc81e0720a4a42581f334ad4303aa6b?s=96&d=mm&r=g","url":"https:\/\/secure.gravatar.com\/avatar\/e0a867bdedb85fd243eadf09663511f96fc81e0720a4a42581f334ad4303aa6b?s=96&d=mm&r=g","contentUrl":"https:\/\/secure.gravatar.com\/avatar\/e0a867bdedb85fd243eadf09663511f96fc81e0720a4a42581f334ad4303aa6b?s=96&d=mm&r=g","caption":"Reda\u00e7\u00e3o"}}]}},"amp_enabled":true,"_links":{"self":[{"href":"https:\/\/www.notibras.com\/site\/wp-json\/wp\/v2\/posts\/34607","targetHints":{"allow":["GET"]}}],"collection":[{"href":"https:\/\/www.notibras.com\/site\/wp-json\/wp\/v2\/posts"}],"about":[{"href":"https:\/\/www.notibras.com\/site\/wp-json\/wp\/v2\/types\/post"}],"author":[{"embeddable":true,"href":"https:\/\/www.notibras.com\/site\/wp-json\/wp\/v2\/users\/2"}],"replies":[{"embeddable":true,"href":"https:\/\/www.notibras.com\/site\/wp-json\/wp\/v2\/comments?post=34607"}],"version-history":[{"count":0,"href":"https:\/\/www.notibras.com\/site\/wp-json\/wp\/v2\/posts\/34607\/revisions"}],"wp:featuredmedia":[{"embeddable":true,"href":"https:\/\/www.notibras.com\/site\/wp-json\/wp\/v2\/media\/34608"}],"wp:attachment":[{"href":"https:\/\/www.notibras.com\/site\/wp-json\/wp\/v2\/media?parent=34607"}],"wp:term":[{"taxonomy":"category","embeddable":true,"href":"https:\/\/www.notibras.com\/site\/wp-json\/wp\/v2\/categories?post=34607"},{"taxonomy":"post_tag","embeddable":true,"href":"https:\/\/www.notibras.com\/site\/wp-json\/wp\/v2\/tags?post=34607"}],"curies":[{"name":"wp","href":"https:\/\/api.w.org\/{rel}","templated":true}]}}