{"id":346128,"date":"2025-01-21T00:08:38","date_gmt":"2025-01-21T03:08:38","guid":{"rendered":"https:\/\/www.notibras.com\/site\/?p=346128"},"modified":"2025-01-21T07:18:10","modified_gmt":"2025-01-21T10:18:10","slug":"chuvas-intensas-atingem-e-provocam-danos-em-cidades-cearenses","status":"publish","type":"post","link":"https:\/\/www.notibras.com\/site\/chuvas-intensas-atingem-e-provocam-danos-em-cidades-cearenses\/","title":{"rendered":"Chuvas intensas atingem e provocam danos em cidades cearenses"},"content":{"rendered":"<p>O per\u00edodo de chuvas na Regi\u00e3o Nordeste mal come\u00e7ou, e algumas cidades do Cear\u00e1 j\u00e1 enfrentam as consequ\u00eancias de temporais intensos. Se at\u00e9 outubro de 2024, os moradores de quase 70% do estado ainda lidavam com os efeitos da seca, na semana passada, a chuva j\u00e1 atingia quase 150 dos 184 munic\u00edpios cearenses \u2013 em algumas localidades, com for\u00e7a at\u00edpica.<\/p>\n<p>Entre ter\u00e7a-feira e quarta-feira da semana passada, Pacuj\u00e1, no noroeste do estado, foi atingida pelo maior volume de chuvas (230 mil\u00edmetros &#8211; mm) j\u00e1 registrado por \u00f3rg\u00e3os oficiais, superando a marca anterior (147,4 mm), de dezembro de 1985. J\u00e1 em Independ\u00eancia, no sert\u00e3o cearense, a for\u00e7a das primeiras chuvas foi suficiente para romper parte da Rodovia CE-176, que corta a cidade, atingida por um novo temporal nesse domingo (19).<\/p>\n<p>Segundo o diretor da Defesa Civil de Independ\u00eancia, L\u00facio Ernandes Rodrigues Ara\u00fajo, ontem, em apenas meia hora, choveu o equivalente a 153 mm. Um volume intenso que derrubou duas casas de taipa \u2013 desalojando oito pessoas, que buscaram abrigo tempor\u00e1rio nas casas de parentes e amigos, \u2013 e deixou nove constru\u00e7\u00f5es em observa\u00e7\u00e3o.<\/p>\n<p>Embora n\u00e3o tenha causado grandes preju\u00edzos na zona urbana da cidade, a chuva do \u00faltimo domingo provocou alagamentos, deixando comunidades rurais de Independ\u00eancia isoladas. Bombeiros e policiais militares resgataram ao menos cinco pessoas depois que o sangradouro de um a\u00e7ude particular se rompeu em fun\u00e7\u00e3o do volume d\u00b4\u00e1gua que se acumulou nos \u00faltimos dias. Devido \u00e0 dificuldade de acesso, um helic\u00f3ptero da Pol\u00edcia Militar precisou ser usado no socorro \u00e0s v\u00edtimas.<\/p>\n<p>\u201cEsta frente fria est\u00e1 sendo uma novidade. Ningu\u00e9m esperava por isso\u201d, afirmou o diretor da Defesa Civil municipal \u00e0 Ag\u00eancia Brasil. J\u00e1 o secret\u00e1rio municipal de Infraestrutura, Bruno Vieira, destacou que a chuva de ontem agravou a situa\u00e7\u00e3o das regi\u00f5es atingidas anteriormente. \u201cAinda estamos fazendo o levantamento de toda a situa\u00e7\u00e3o e nos organizando para agirmos. Os servidores est\u00e3o em campo, aguardando o n\u00edvel da \u00e1gua baixar para conseguirem chegar \u00e0s \u00e1reas afetadas.\u201d<\/p>\n<p>De acordo com a Funda\u00e7\u00e3o Cearense de Meteorologia e Chuvas Artificiais (Funceme), entre as 7h de ontem e as 7h de hoje, choveu em todas as macrorregi\u00f5es do estado. \u201cO cen\u00e1rio favor\u00e1vel \u00e0s precipita\u00e7\u00f5es vem sendo refor\u00e7ado diariamente\u201d, informou o \u00f3rg\u00e3o estadual, apontando que, nesse per\u00edodo, o maior volume de precipita\u00e7\u00e3o pluviom\u00e9trica, 129 mm, foi registrado em Santa Quit\u00e9ria, no noroeste do estado.<\/p>\n","protected":false},"excerpt":{"rendered":"<p>O per\u00edodo de chuvas na Regi\u00e3o Nordeste mal come\u00e7ou, e algumas cidades do Cear\u00e1 j\u00e1 enfrentam as consequ\u00eancias de temporais intensos. Se at\u00e9 outubro de 2024, os moradores de quase 70% do estado ainda lidavam com os efeitos da seca, na semana passada, a chuva j\u00e1 atingia quase 150 dos 184 munic\u00edpios cearenses \u2013 em [&hellip;]<\/p>\n","protected":false},"author":2,"featured_media":346129,"comment_status":"closed","ping_status":"closed","sticky":false,"template":"","format":"standard","meta":{"_acf_changed":false,"footnotes":""},"categories":[165],"tags":[],"class_list":["post-346128","post","type-post","status-publish","format-standard","has-post-thumbnail","hentry","category-nordeste"],"acf":[],"_links":{"self":[{"href":"https:\/\/www.notibras.com\/site\/wp-json\/wp\/v2\/posts\/346128","targetHints":{"allow":["GET"]}}],"collection":[{"href":"https:\/\/www.notibras.com\/site\/wp-json\/wp\/v2\/posts"}],"about":[{"href":"https:\/\/www.notibras.com\/site\/wp-json\/wp\/v2\/types\/post"}],"author":[{"embeddable":true,"href":"https:\/\/www.notibras.com\/site\/wp-json\/wp\/v2\/users\/2"}],"replies":[{"embeddable":true,"href":"https:\/\/www.notibras.com\/site\/wp-json\/wp\/v2\/comments?post=346128"}],"version-history":[{"count":2,"href":"https:\/\/www.notibras.com\/site\/wp-json\/wp\/v2\/posts\/346128\/revisions"}],"predecessor-version":[{"id":346134,"href":"https:\/\/www.notibras.com\/site\/wp-json\/wp\/v2\/posts\/346128\/revisions\/346134"}],"wp:featuredmedia":[{"embeddable":true,"href":"https:\/\/www.notibras.com\/site\/wp-json\/wp\/v2\/media\/346129"}],"wp:attachment":[{"href":"https:\/\/www.notibras.com\/site\/wp-json\/wp\/v2\/media?parent=346128"}],"wp:term":[{"taxonomy":"category","embeddable":true,"href":"https:\/\/www.notibras.com\/site\/wp-json\/wp\/v2\/categories?post=346128"},{"taxonomy":"post_tag","embeddable":true,"href":"https:\/\/www.notibras.com\/site\/wp-json\/wp\/v2\/tags?post=346128"}],"curies":[{"name":"wp","href":"https:\/\/api.w.org\/{rel}","templated":true}]}}