{"id":346201,"date":"2025-01-22T03:12:24","date_gmt":"2025-01-22T06:12:24","guid":{"rendered":"https:\/\/www.notibras.com\/site\/?p=346201"},"modified":"2025-01-22T03:13:42","modified_gmt":"2025-01-22T06:13:42","slug":"buriti-distribui-480-kits-de-insumos-agricolas-a-produtores-rurais","status":"publish","type":"post","link":"https:\/\/www.notibras.com\/site\/buriti-distribui-480-kits-de-insumos-agricolas-a-produtores-rurais\/","title":{"rendered":"Buriti distribui 480 kits de insumos agr\u00edcolas a produtores rurais"},"content":{"rendered":"<p>O Governo do Distrito Federal (GDF) entregou nesta ter\u00e7a-feira (21), 480 kits de insumos agr\u00edcolas a fam\u00edlias de 30 associa\u00e7\u00f5es de produtores rurais da capital do pa\u00eds. A a\u00e7\u00e3o faz parte do programa Bras\u00edlia Verde de Agricultura Urbana e Periurbana e impulsiona a produ\u00e7\u00e3o de alimentos para combater a inseguran\u00e7a alimentar.<\/p>\n<p>Presente na entrega dos insumos na Centrais de Abastecimento do Distrito Federal (Ceasa), a governadora em exerc\u00edcio Celina Le\u00e3o destacou a\u00e7\u00f5es em prol do setor. \u201cEste governo, do nosso governador Ibaneis Rocha, pavimentou 200 quil\u00f4metros de asfalto nas \u00e1reas rurais, esquecidas por muitos outros que passaram. Foi ele que tomou a decis\u00e3o de investir, muitas vezes, numa \u00e1rea que n\u00e3o era t\u00e3o povoada. N\u00f3s temos a\u00ed mais de 20 mil agricultores familiares. Mas, s\u00f3 fazer a estrada n\u00e3o adianta, porque voc\u00eas precisam botar a comida na mesa. E a\u00ed entra o trabalho da Emater: a gente vai na \u00e1rea rural, as pessoas elogiam voc\u00eas, dizem que voc\u00eas est\u00e3o presentes, dando assist\u00eancia t\u00e9cnica, fazendo com que aquele produto que voc\u00eas entregam possa realmente dar uma produtividade maior, junto com a Secretaria de Agricultura\u201d, elogiou.<\/p>\n<p>\u201cO que seria do nosso pa\u00eds se n\u00e3o fosse o agricultor que lavra a terra? Voc\u00eas que seguraram a pandemia na m\u00e3o de voc\u00eas, que o Brasil s\u00f3 n\u00e3o quebrou por conta do agro. E principalmente do pequeno agricultor, porque ele tem que contar com quase tudo sozinho\u201d, acrescentou Celina Le\u00e3o.<\/p>\n<p>Os kits foram adquiridos pela Empresa de Assist\u00eancia T\u00e9cnica e Extens\u00e3o Rural do DF (Emater-DF) com recursos de R$ 594 mil, provenientes de emendas parlamentares dos deputados distritais Paula Belmonte e Pepa.<\/p>\n<p>Os pacotes agr\u00edcolas entregues aos produtores s\u00e3o compostos de adubo, calc\u00e1rio e ureia. Os suprimentos s\u00e3o fundamentais para aumentar a produtividade das lavouras, garantir colheitas mais saud\u00e1veis e levar seguran\u00e7a alimentar \u00e0s fam\u00edlias.<\/p>\n<p>\u201cO foco aqui \u00e9 a produ\u00e7\u00e3o de alimentos. N\u00f3s estamos entregando adubo de nitrog\u00eanio, f\u00f3sforo e pot\u00e1ssio. S\u00e3o quatro sacos de NPK, oito de calc\u00e1rio e um de ureia, isso d\u00e1 para o produtor fazer uma horta de 2 mil a 2,5 mil metros quadrados para produzir alimentos, seja hortali\u00e7a, seja milho verde, para vender o excedente\u201d, explica o presidente da Emater-DF, Cleison Duval. \u201cA ideia \u00e9 essa: o Estado entrando com mais uma a\u00e7\u00e3o para promover a seguran\u00e7a alimentar das fam\u00edlias do DF\u201d.<\/p>\n<p>Todos os benefici\u00e1rios s\u00e3o agricultores em situa\u00e7\u00e3o de vulnerabilidade que pertencem a associa\u00e7\u00f5es vinculadas \u00e0 Federa\u00e7\u00e3o dos Pequenos Produtores Rurais do DF (Feprorural). A entrega priorizou unidades chefiadas por mulheres e cadastradas no Cadastro Nacional da Agricultura Familiar (CAF), Declara\u00e7\u00e3o de Aptid\u00e3o ao Pronaf (DAP) ou Cad\u00danico.<\/p>\n<p>A agricultora familiar Neiaria Barreto, 45 anos, planta milho e caf\u00e9 em uma propriedade no N\u00facleo 7 Estrelas, no Incra 9 de Ceil\u00e2ndia. Para ela, os insumos v\u00e3o permitir economia financeira e a expans\u00e3o dos plantios, com a inclus\u00e3o de feij\u00e3o. \u201cAjuda muito a vida do produtor, principalmente, porque o adubo e a semente est\u00e3o caros. D\u00e1 um al\u00edvio e \u00e9 uma forma do governo estar olhando para o produtor rural. \u00c9 ser visto e ser lembrado\u201d, definiu a mulher. \u201cGratid\u00e3o por esse olhar com o produtor, especialmente o agricultor familiar\u201d, acrescentou.<\/p>\n<p>Al\u00e9m de reduzir os custos do agricultor, os insumos servem de incentivo para a produ\u00e7\u00e3o. \u201c\u00c9 de fundamental import\u00e2ncia para nossa comunidade. Agradecemos ao governo por essa atitude que vai alavancar o pequeno produtor rural. Hoje as dificuldades s\u00e3o muitas, principalmente, em rela\u00e7\u00e3o aos insumos, que s\u00e3o caros\u201d, defendeu Paulo Vilson, 66, presidente da Associa\u00e7\u00e3o dos Pequenos Produtores Rurais da Fazenda Larga, em Planaltina.<\/p>\n<p>O presidente da Associa\u00e7\u00e3o do N\u00facleo Rural 7 Estrelas, no Incra 9, Lindomar de Freitas, ressaltou a import\u00e2ncia do material distribu\u00eddo: \u201c\u00c9 uma alegria para o produtor receber esse kit, porque diminui um pouco o impacto financeiro da produ\u00e7\u00e3o e ajuda a incentivar o pequeno produtor. Isso \u00e9 muito gratificante. \u00c9 a garantia da nossa sobreviv\u00eancia, da sobreviv\u00eancia da agricultura familiar\u201d.<\/p>\n<p><strong>Segunda safra<\/strong><br \/>\nEm 10 de janeiro, o GDF iniciou a distribui\u00e7\u00e3o dos kits de sementes pela Secretaria da Agricultura, Abastecimento e Desenvolvimento Rural (Seagri-DF). Foram beneficiados os agricultores familiares assentados. O repasse faz parte da primeira chamada p\u00fablica do Programa de Aquisi\u00e7\u00e3o de Alimentos (PAA \u2013 Sementes).<\/p>\n<p>O esfor\u00e7o do GDF para ajudar pequenos produtores rurais da capital ocorre em um momento estrat\u00e9gico para a produ\u00e7\u00e3o rural no DF: o in\u00edcio da segunda safra. O per\u00edodo ocorre ap\u00f3s a colheita da primeira safra e permite aos agricultores utilizar o mesmo terreno para plantar novamente no mesmo ano agr\u00edcola.<\/p>\n","protected":false},"excerpt":{"rendered":"<p>O Governo do Distrito Federal (GDF) entregou nesta ter\u00e7a-feira (21), 480 kits de insumos agr\u00edcolas a fam\u00edlias de 30 associa\u00e7\u00f5es de produtores rurais da capital do pa\u00eds. A a\u00e7\u00e3o faz parte do programa Bras\u00edlia Verde de Agricultura Urbana e Periurbana e impulsiona a produ\u00e7\u00e3o de alimentos para combater a inseguran\u00e7a alimentar. Presente na entrega dos [&hellip;]<\/p>\n","protected":false},"author":2,"featured_media":346204,"comment_status":"closed","ping_status":"closed","sticky":false,"template":"","format":"standard","meta":{"_acf_changed":false,"footnotes":""},"categories":[161],"tags":[],"class_list":["post-346201","post","type-post","status-publish","format-standard","has-post-thumbnail","hentry","category-quadradinho-em-foco"],"acf":[],"_links":{"self":[{"href":"https:\/\/www.notibras.com\/site\/wp-json\/wp\/v2\/posts\/346201","targetHints":{"allow":["GET"]}}],"collection":[{"href":"https:\/\/www.notibras.com\/site\/wp-json\/wp\/v2\/posts"}],"about":[{"href":"https:\/\/www.notibras.com\/site\/wp-json\/wp\/v2\/types\/post"}],"author":[{"embeddable":true,"href":"https:\/\/www.notibras.com\/site\/wp-json\/wp\/v2\/users\/2"}],"replies":[{"embeddable":true,"href":"https:\/\/www.notibras.com\/site\/wp-json\/wp\/v2\/comments?post=346201"}],"version-history":[{"count":1,"href":"https:\/\/www.notibras.com\/site\/wp-json\/wp\/v2\/posts\/346201\/revisions"}],"predecessor-version":[{"id":346203,"href":"https:\/\/www.notibras.com\/site\/wp-json\/wp\/v2\/posts\/346201\/revisions\/346203"}],"wp:featuredmedia":[{"embeddable":true,"href":"https:\/\/www.notibras.com\/site\/wp-json\/wp\/v2\/media\/346204"}],"wp:attachment":[{"href":"https:\/\/www.notibras.com\/site\/wp-json\/wp\/v2\/media?parent=346201"}],"wp:term":[{"taxonomy":"category","embeddable":true,"href":"https:\/\/www.notibras.com\/site\/wp-json\/wp\/v2\/categories?post=346201"},{"taxonomy":"post_tag","embeddable":true,"href":"https:\/\/www.notibras.com\/site\/wp-json\/wp\/v2\/tags?post=346201"}],"curies":[{"name":"wp","href":"https:\/\/api.w.org\/{rel}","templated":true}]}}