{"id":346224,"date":"2025-01-22T00:37:43","date_gmt":"2025-01-22T03:37:43","guid":{"rendered":"https:\/\/www.notibras.com\/site\/?p=346224"},"modified":"2025-01-22T04:39:47","modified_gmt":"2025-01-22T07:39:47","slug":"privatizacao-acaba-vagas-e-deixa-pessoas-idosas-e-pcds-a-ver-navios","status":"publish","type":"post","link":"https:\/\/www.notibras.com\/site\/privatizacao-acaba-vagas-e-deixa-pessoas-idosas-e-pcds-a-ver-navios\/","title":{"rendered":"Privatiza\u00e7\u00e3o acaba vagas e deixa pessoas idosas e PCD&#8217;s a ver navios"},"content":{"rendered":"<p>A privatiza\u00e7\u00e3o dos aeroportos no Brasil tem gerado pol\u00eamicas, especialmente no que diz respeito \u00e0s mudan\u00e7as no sistema de estacionamento. Com administra\u00e7\u00e3o privada, a gratifica\u00e7\u00e3o para determinados grupos, como idosos e pessoas com defici\u00eancia (PCD), tem sido reduzida ou, em alguns casos, eliminada, causando indigna\u00e7\u00e3o entre passageiros e usu\u00e1rios. Um dos exemplos \u00e9 o Aeroporto dos Guararapes, no Recife.<\/p>\n<p>Antes da privatiza\u00e7\u00e3o, muitos aeroportos p\u00fablicos ofereciam vagas gratuitas ou com descontos para idosos e PCD, como parte de pol\u00edticas de inclus\u00e3o e acessibilidade. No entanto, a gest\u00e3o privada tem priorizado a rentabilidade, resultando em cobran\u00e7as que impactam at\u00e9 mesmo grupos. A justificativa \u00e9 a necessidade de equilibrar os custos operacionais e garantir a manuten\u00e7\u00e3o das \u00e1reas.<\/p>\n<p>Aeroportos s\u00e3o espa\u00e7os projetados para atender uma diversidade de passageiros, mas a realidade tem demonstrado que grupos espec\u00edficos, como idosos e pessoas com defici\u00eancia (PCD), enfrentam desafios significativos para acessar esses locais com dignidade e praticidade. Entre as quest\u00f5es mais preocupantes est\u00e1 a falta de vagas reservadas e acess\u00edveis nos estacionamentos, uma situa\u00e7\u00e3o que revela neglig\u00eancia e falta de planejamento adequado.<\/p>\n<p>Em muitos aeroportos pelo pa\u00eds, as vagas destinadas a idosos e PCD s\u00e3o insuficientes para atender \u00e0 demanda. Al\u00e9m disso, a localiza\u00e7\u00e3o dessas vagas nem sempre \u00e9 pr\u00f3xima \u00e0s entradas principais, obrigando essas pessoas a percorrerem dist\u00e2ncias consider\u00e1veis, muitas vezes carregando bagagens ou lidando com limita\u00e7\u00f5es de mobilidade. Tal situa\u00e7\u00e3o \u00e9 agravada pelo alto custo das taxas de estacionamento, que se tornam um peso financeiro para quem j\u00e1 enfrenta outras despesas relacionadas \u00e0s viagens.<\/p>\n<p>Maria da Silva, de 72 anos, relatou sua experi\u00eancia em no Aeroporto dos Guararapes: \u201cEu rodei por quase 20 minutos procurando uma vaga reservada, mas todas estavam ocupadas. Acabei tendo que estacionar muito longe e pagar um valor exorbitante.\u201d Casos como o de Maria s\u00e3o frequentes e exp\u00f5em uma realidade que carece de solu\u00e7\u00f5es urgentes.<\/p>\n<p>A legisla\u00e7\u00e3o brasileira \u00e9 clara quanto \u00e0 obrigatoriedade de vagas reservadas para idosos e PCD, mas a fiscaliza\u00e7\u00e3o ainda \u00e9 falha. Al\u00e9m disso, a falta de conscientiza\u00e7\u00e3o por parte de outros motoristas agrava o problema, com frequentes relatos de uso indevido dessas vagas por pessoas que n\u00e3o t\u00eam direito a elas.<\/p>\n<p>\u00c9 fundamental que autoridades, administra\u00e7\u00f5es aeroportu\u00e1rias e a sociedade como um todo se mobilizem para mudar esse cen\u00e1rio. Investir em mais vagas reservadas, localizadas estrategicamente, e garantir tarifas diferenciadas para idosos e PCD s\u00e3o passos importantes. Al\u00e9m disso, campanhas de educa\u00e7\u00e3o e fiscaliza\u00e7\u00e3o rigorosa s\u00e3o necess\u00e1rias para que o direito \u00e0 acessibilidade seja efetivamente respeitado.<\/p>\n<p>Afinal, garantir a dignidade e o bem-estar de todos os cidad\u00e3os n\u00e3o deve ser apenas um ideal, mas uma prioridade em qualquer sociedade que se pretenda justa e inclusiva.<\/p>\n","protected":false},"excerpt":{"rendered":"<p>A privatiza\u00e7\u00e3o dos aeroportos no Brasil tem gerado pol\u00eamicas, especialmente no que diz respeito \u00e0s mudan\u00e7as no sistema de estacionamento. Com administra\u00e7\u00e3o privada, a gratifica\u00e7\u00e3o para determinados grupos, como idosos e pessoas com defici\u00eancia (PCD), tem sido reduzida ou, em alguns casos, eliminada, causando indigna\u00e7\u00e3o entre passageiros e usu\u00e1rios. Um dos exemplos \u00e9 o Aeroporto [&hellip;]<\/p>\n","protected":false},"author":2,"featured_media":302426,"comment_status":"closed","ping_status":"closed","sticky":false,"template":"","format":"standard","meta":{"_acf_changed":false,"footnotes":""},"categories":[165],"tags":[],"class_list":["post-346224","post","type-post","status-publish","format-standard","has-post-thumbnail","hentry","category-nordeste"],"acf":[],"_links":{"self":[{"href":"https:\/\/www.notibras.com\/site\/wp-json\/wp\/v2\/posts\/346224","targetHints":{"allow":["GET"]}}],"collection":[{"href":"https:\/\/www.notibras.com\/site\/wp-json\/wp\/v2\/posts"}],"about":[{"href":"https:\/\/www.notibras.com\/site\/wp-json\/wp\/v2\/types\/post"}],"author":[{"embeddable":true,"href":"https:\/\/www.notibras.com\/site\/wp-json\/wp\/v2\/users\/2"}],"replies":[{"embeddable":true,"href":"https:\/\/www.notibras.com\/site\/wp-json\/wp\/v2\/comments?post=346224"}],"version-history":[{"count":1,"href":"https:\/\/www.notibras.com\/site\/wp-json\/wp\/v2\/posts\/346224\/revisions"}],"predecessor-version":[{"id":346226,"href":"https:\/\/www.notibras.com\/site\/wp-json\/wp\/v2\/posts\/346224\/revisions\/346226"}],"wp:featuredmedia":[{"embeddable":true,"href":"https:\/\/www.notibras.com\/site\/wp-json\/wp\/v2\/media\/302426"}],"wp:attachment":[{"href":"https:\/\/www.notibras.com\/site\/wp-json\/wp\/v2\/media?parent=346224"}],"wp:term":[{"taxonomy":"category","embeddable":true,"href":"https:\/\/www.notibras.com\/site\/wp-json\/wp\/v2\/categories?post=346224"},{"taxonomy":"post_tag","embeddable":true,"href":"https:\/\/www.notibras.com\/site\/wp-json\/wp\/v2\/tags?post=346224"}],"curies":[{"name":"wp","href":"https:\/\/api.w.org\/{rel}","templated":true}]}}