{"id":346227,"date":"2025-01-22T00:50:51","date_gmt":"2025-01-22T03:50:51","guid":{"rendered":"https:\/\/www.notibras.com\/site\/?p=346227"},"modified":"2025-01-22T04:53:47","modified_gmt":"2025-01-22T07:53:47","slug":"preso-rapaz-que-estuprou-menor-filmou-cenas-e-postou-em-redes-sociais","status":"publish","type":"post","link":"https:\/\/www.notibras.com\/site\/preso-rapaz-que-estuprou-menor-filmou-cenas-e-postou-em-redes-sociais\/","title":{"rendered":"Preso rapaz que estuprou menor, filmou cenas e postou em redes sociais"},"content":{"rendered":"<p>Um jovem de 19 anos foi preso na \u00faltima segunda-feira (20) por crime de estupro de vulner\u00e1vel, conforme informa\u00e7\u00f5es divulgadas pela pol\u00edcia. A pris\u00e3o ocorreu no munic\u00edpio de Ponto Novo, localizado no interior da Bahia. O criminoso filmou as cenas e postou em suas redes sociais.<\/p>\n<p>De acordo com as autoridades, o crime aconteceu em 20 de novembro de 2024, na cidade de Caldeir\u00e3o Grande. O cumprimento do mandado de pris\u00e3o preventiva foi realizado em uma opera\u00e7\u00e3o coordenada pelas for\u00e7as de seguran\u00e7a, com base nas investiga\u00e7\u00f5es que identificaram o jovem como o principal suspeito.<\/p>\n<p>\u00c0 medida que as investiga\u00e7\u00f5es continuam, o suspeito est\u00e1 \u00e0 disposi\u00e7\u00e3o da Justi\u00e7a. O caso segue como um alerta para a gravidade e a necessidade de enfrentamento de crimes de viol\u00eancia sexual, especialmente contra crian\u00e7as em situa\u00e7\u00e3o de vulnerabilidade.<\/p>\n","protected":false},"excerpt":{"rendered":"<p>Um jovem de 19 anos foi preso na \u00faltima segunda-feira (20) por crime de estupro de vulner\u00e1vel, conforme informa\u00e7\u00f5es divulgadas pela pol\u00edcia. A pris\u00e3o ocorreu no munic\u00edpio de Ponto Novo, localizado no interior da Bahia. O criminoso filmou as cenas e postou em suas redes sociais. De acordo com as autoridades, o crime aconteceu em [&hellip;]<\/p>\n","protected":false},"author":2,"featured_media":346228,"comment_status":"closed","ping_status":"closed","sticky":false,"template":"","format":"standard","meta":{"_acf_changed":false,"footnotes":""},"categories":[165],"tags":[],"class_list":["post-346227","post","type-post","status-publish","format-standard","has-post-thumbnail","hentry","category-nordeste"],"acf":[],"_links":{"self":[{"href":"https:\/\/www.notibras.com\/site\/wp-json\/wp\/v2\/posts\/346227","targetHints":{"allow":["GET"]}}],"collection":[{"href":"https:\/\/www.notibras.com\/site\/wp-json\/wp\/v2\/posts"}],"about":[{"href":"https:\/\/www.notibras.com\/site\/wp-json\/wp\/v2\/types\/post"}],"author":[{"embeddable":true,"href":"https:\/\/www.notibras.com\/site\/wp-json\/wp\/v2\/users\/2"}],"replies":[{"embeddable":true,"href":"https:\/\/www.notibras.com\/site\/wp-json\/wp\/v2\/comments?post=346227"}],"version-history":[{"count":1,"href":"https:\/\/www.notibras.com\/site\/wp-json\/wp\/v2\/posts\/346227\/revisions"}],"predecessor-version":[{"id":346229,"href":"https:\/\/www.notibras.com\/site\/wp-json\/wp\/v2\/posts\/346227\/revisions\/346229"}],"wp:featuredmedia":[{"embeddable":true,"href":"https:\/\/www.notibras.com\/site\/wp-json\/wp\/v2\/media\/346228"}],"wp:attachment":[{"href":"https:\/\/www.notibras.com\/site\/wp-json\/wp\/v2\/media?parent=346227"}],"wp:term":[{"taxonomy":"category","embeddable":true,"href":"https:\/\/www.notibras.com\/site\/wp-json\/wp\/v2\/categories?post=346227"},{"taxonomy":"post_tag","embeddable":true,"href":"https:\/\/www.notibras.com\/site\/wp-json\/wp\/v2\/tags?post=346227"}],"curies":[{"name":"wp","href":"https:\/\/api.w.org\/{rel}","templated":true}]}}