{"id":346230,"date":"2025-01-22T04:09:19","date_gmt":"2025-01-22T07:09:19","guid":{"rendered":"https:\/\/www.notibras.com\/site\/?p=346230"},"modified":"2025-01-22T05:09:29","modified_gmt":"2025-01-22T08:09:29","slug":"sertao-vai-virar-mar-com-chuvas-fortes-na-paraiba","status":"publish","type":"post","link":"https:\/\/www.notibras.com\/site\/sertao-vai-virar-mar-com-chuvas-fortes-na-paraiba\/","title":{"rendered":"Sert\u00e3o vai virar mar com chuvas fortes na Para\u00edba"},"content":{"rendered":"<p>O sert\u00e3o vai virar mar\u2026 e desta vez n\u00e3o \u00e9 apenas um dito popular ou um sonho para os habitantes do semi\u00e1rido nordestino. O Instituto Nacional de Meteorologia (Inmet) emitiu um alerta de chuvas fortes para mais de 100 cidades no interior da Para\u00edba, anunciando um fen\u00f4meno que mistura esperan\u00e7a e temor.<\/p>\n<p>Nos corredores da feira de Patos, a conversa n\u00e3o poderia ser outra. Seu Jos\u00e9, agricultor de 62 anos, comenta: \u201cSe chover bem, a gente planta feij\u00e3o, milho, \u00e9 fartura. Mas se vier demais, leva tudo. J\u00e1 vi isso acontecer\u2026\u201d.<\/p>\n<p>O sertanejo \u00e9 especialista em lidar com extremos. Acostumado a olhar para o horizonte e decifrar os sinais do tempo, ele sabe que a chuva traz tanto a \u00e1gua que irriga os sonhos quanto a for\u00e7a que pode destru\u00ed-los. Este ano, os avisos de chuvas intensas despertam uma sensa\u00e7\u00e3o agridoce: a alegria de ver os barreiros cheios e os campos verdes se mistura com a preocupa\u00e7\u00e3o de enchentes e estragos.<\/p>\n<p>Em cidades como Sousa, Cajazeiras e Pianc\u00f3, a popula\u00e7\u00e3o j\u00e1 se prepara. Fam\u00edlias refor\u00e7am telhados, limpam cisternas e ajustam rotinas. Os mais velhos contam hist\u00f3rias de enchentes passadas, enquanto os jovens, conectados ao mundo digital, acompanham o Inmet e trocam informa\u00e7\u00f5es em grupos de WhatsApp.<\/p>\n<p>A previs\u00e3o meteorol\u00f3gica traz um alerta, mas tamb\u00e9m uma reflex\u00e3o. O sert\u00e3o, marcado por sua resist\u00eancia e beleza \u00e1rida, agora encara um cen\u00e1rio onde o excesso de \u00e1gua tamb\u00e9m pode ser um problema. \u00c9 um lembrete de que o equil\u00edbrio \u00e9 fr\u00e1gil, e que a rela\u00e7\u00e3o do homem com a natureza demanda respeito e adapta\u00e7\u00e3o.<\/p>\n<p>Talvez o sert\u00e3o n\u00e3o vire um mar permanente, mas, enquanto as nuvens carregadas cruzam o c\u00e9u, a esperan\u00e7a e a resili\u00eancia continuam a ser as marcas de quem vive nesta terra de contrastes. Com sorte e precau\u00e7\u00e3o, a chuva que agora chega n\u00e3o ser\u00e1 um fim, mas um novo come\u00e7o.<\/p>\n","protected":false},"excerpt":{"rendered":"<p>O sert\u00e3o vai virar mar\u2026 e desta vez n\u00e3o \u00e9 apenas um dito popular ou um sonho para os habitantes do semi\u00e1rido nordestino. O Instituto Nacional de Meteorologia (Inmet) emitiu um alerta de chuvas fortes para mais de 100 cidades no interior da Para\u00edba, anunciando um fen\u00f4meno que mistura esperan\u00e7a e temor. Nos corredores da [&hellip;]<\/p>\n","protected":false},"author":2,"featured_media":257933,"comment_status":"closed","ping_status":"closed","sticky":false,"template":"","format":"standard","meta":{"_acf_changed":false,"footnotes":""},"categories":[165],"tags":[],"class_list":["post-346230","post","type-post","status-publish","format-standard","has-post-thumbnail","hentry","category-nordeste"],"acf":[],"_links":{"self":[{"href":"https:\/\/www.notibras.com\/site\/wp-json\/wp\/v2\/posts\/346230","targetHints":{"allow":["GET"]}}],"collection":[{"href":"https:\/\/www.notibras.com\/site\/wp-json\/wp\/v2\/posts"}],"about":[{"href":"https:\/\/www.notibras.com\/site\/wp-json\/wp\/v2\/types\/post"}],"author":[{"embeddable":true,"href":"https:\/\/www.notibras.com\/site\/wp-json\/wp\/v2\/users\/2"}],"replies":[{"embeddable":true,"href":"https:\/\/www.notibras.com\/site\/wp-json\/wp\/v2\/comments?post=346230"}],"version-history":[{"count":3,"href":"https:\/\/www.notibras.com\/site\/wp-json\/wp\/v2\/posts\/346230\/revisions"}],"predecessor-version":[{"id":346235,"href":"https:\/\/www.notibras.com\/site\/wp-json\/wp\/v2\/posts\/346230\/revisions\/346235"}],"wp:featuredmedia":[{"embeddable":true,"href":"https:\/\/www.notibras.com\/site\/wp-json\/wp\/v2\/media\/257933"}],"wp:attachment":[{"href":"https:\/\/www.notibras.com\/site\/wp-json\/wp\/v2\/media?parent=346230"}],"wp:term":[{"taxonomy":"category","embeddable":true,"href":"https:\/\/www.notibras.com\/site\/wp-json\/wp\/v2\/categories?post=346230"},{"taxonomy":"post_tag","embeddable":true,"href":"https:\/\/www.notibras.com\/site\/wp-json\/wp\/v2\/tags?post=346230"}],"curies":[{"name":"wp","href":"https:\/\/api.w.org\/{rel}","templated":true}]}}