{"id":346285,"date":"2025-01-23T06:30:43","date_gmt":"2025-01-23T09:30:43","guid":{"rendered":"https:\/\/www.notibras.com\/site\/?p=346285"},"modified":"2025-01-23T06:30:43","modified_gmt":"2025-01-23T09:30:43","slug":"fedor-do-lixo-enche-os-cofres-do-uniao-brasil","status":"publish","type":"post","link":"https:\/\/www.notibras.com\/site\/fedor-do-lixo-enche-os-cofres-do-uniao-brasil\/","title":{"rendered":"Fedor do Lixo enche os cofres do Uni\u00e3o Brasil"},"content":{"rendered":"<p>No p\u00e1tio lotado de interesses escusos, o Rei do Lixo \u00e9 a figura central de um enredo t\u00e3o sujo quanto o objeto de seu neg\u00f3cio. Marcos de Moura, o autoproclamado &#8220;gari milion\u00e1rio&#8221;, n\u00e3o \u00e9 apenas um personagem caricato do submundo administrativo; \u00e9 tamb\u00e9m a chave para entender como o res\u00edduo pol\u00edtico pode contaminar at\u00e9 os alicerces de uma legenda.<\/p>\n<p>Em Salvador, a coleta de lixo \u00e9 mais do que uma necessidade urbana \u2013 \u00e9 um mercado bilion\u00e1rio onde contratos superfaturados se multiplicam como sacos pl\u00e1sticos ao vento. Moura, com sua frota de caminh\u00f5es e seu carisma predador, conseguiu abocanhar um contrato que ultrapassa a linha do razo\u00e1vel. Mas a sujeira n\u00e3o para por a\u00ed. Suspeita-se que seu &#8220;imp\u00e9rio do lixo&#8221; se expanda para outras cidades comandadas por prefeitos do Uni\u00e3o Brasil, transformando o partido em um verdadeiro lix\u00e3o pol\u00edtico.<\/p>\n<p>A pol\u00edcia da Bahia, em sua tentativa de desenterrar a verdade, encontra um rastro de licita\u00e7\u00f5es viciadas, notas fiscais infladas e uma coreografia de cumplicidade que envolve gestores municipais, lobistas e, claro, o Rei do Lixo. Enquanto isso, o cheiro da corrup\u00e7\u00e3o exala para muito al\u00e9m dos limites estaduais.<\/p>\n<p>O ir\u00f4nico \u00e9 que a din\u00e2mica do lixo \u00e9 uma met\u00e1fora perfeita para o que se tornou parte do sistema pol\u00edtico: algo aparentemente destinado \u00e0 limpeza \u2013 seja da cidade, seja das institui\u00e7\u00f5es \u2013, mas que, em m\u00e3os erradas, torna-se fonte de sujeira ainda maior. O Uni\u00e3o Brasil, que deveria ser um espa\u00e7o para a pluralidade e a democr\u00e1tica gest\u00e3o dos recursos p\u00fablicos, corre o risco de se consolidar como a legenda do descarte \u2013 tanto de pr\u00e1ticas \u00e9ticas quanto de dinheiro p\u00fablico.<\/p>\n<p>Entre sacos pretos e contas vermelhas, o Rei do Lixo levanta a quest\u00e3o: ser\u00e1 que a coleta seletiva tamb\u00e9m pode ser aplicada ao campo pol\u00edtico? Separar o joio do trigo, ou melhor, o lixo recicl\u00e1vel do res\u00edduo t\u00f3xico, \u00e9 urgente. Enquanto isso, os caminh\u00f5es de Moura continuam circulando, enchendo-se n\u00e3o apenas de detritos urbanos, mas tamb\u00e9m de milh\u00f5es desviados de um povo que paga caro para viver em meio ao entulho da corrup\u00e7\u00e3o.<\/p>\n","protected":false},"excerpt":{"rendered":"<p>No p\u00e1tio lotado de interesses escusos, o Rei do Lixo \u00e9 a figura central de um enredo t\u00e3o sujo quanto o objeto de seu neg\u00f3cio. Marcos de Moura, o autoproclamado &#8220;gari milion\u00e1rio&#8221;, n\u00e3o \u00e9 apenas um personagem caricato do submundo administrativo; \u00e9 tamb\u00e9m a chave para entender como o res\u00edduo pol\u00edtico pode contaminar at\u00e9 os [&hellip;]<\/p>\n","protected":false},"author":2,"featured_media":346286,"comment_status":"closed","ping_status":"closed","sticky":false,"template":"","format":"standard","meta":{"_acf_changed":false,"footnotes":""},"categories":[165],"tags":[],"class_list":["post-346285","post","type-post","status-publish","format-standard","has-post-thumbnail","hentry","category-nordeste"],"acf":[],"_links":{"self":[{"href":"https:\/\/www.notibras.com\/site\/wp-json\/wp\/v2\/posts\/346285","targetHints":{"allow":["GET"]}}],"collection":[{"href":"https:\/\/www.notibras.com\/site\/wp-json\/wp\/v2\/posts"}],"about":[{"href":"https:\/\/www.notibras.com\/site\/wp-json\/wp\/v2\/types\/post"}],"author":[{"embeddable":true,"href":"https:\/\/www.notibras.com\/site\/wp-json\/wp\/v2\/users\/2"}],"replies":[{"embeddable":true,"href":"https:\/\/www.notibras.com\/site\/wp-json\/wp\/v2\/comments?post=346285"}],"version-history":[{"count":1,"href":"https:\/\/www.notibras.com\/site\/wp-json\/wp\/v2\/posts\/346285\/revisions"}],"predecessor-version":[{"id":346287,"href":"https:\/\/www.notibras.com\/site\/wp-json\/wp\/v2\/posts\/346285\/revisions\/346287"}],"wp:featuredmedia":[{"embeddable":true,"href":"https:\/\/www.notibras.com\/site\/wp-json\/wp\/v2\/media\/346286"}],"wp:attachment":[{"href":"https:\/\/www.notibras.com\/site\/wp-json\/wp\/v2\/media?parent=346285"}],"wp:term":[{"taxonomy":"category","embeddable":true,"href":"https:\/\/www.notibras.com\/site\/wp-json\/wp\/v2\/categories?post=346285"},{"taxonomy":"post_tag","embeddable":true,"href":"https:\/\/www.notibras.com\/site\/wp-json\/wp\/v2\/tags?post=346285"}],"curies":[{"name":"wp","href":"https:\/\/api.w.org\/{rel}","templated":true}]}}