{"id":346296,"date":"2025-01-23T07:06:17","date_gmt":"2025-01-23T10:06:17","guid":{"rendered":"https:\/\/www.notibras.com\/site\/?p=346296"},"modified":"2025-01-23T07:08:15","modified_gmt":"2025-01-23T10:08:15","slug":"paixao-acalorada-esquenta-mais-as-piadas-de-jose-no-grande-picadeiro-da-vida","status":"publish","type":"post","link":"https:\/\/www.notibras.com\/site\/paixao-acalorada-esquenta-mais-as-piadas-de-jose-no-grande-picadeiro-da-vida\/","title":{"rendered":"Paix\u00e3o acalorada esquenta mais as piadas de Jos\u00e9 no grande picadeiro da vida"},"content":{"rendered":"<p>Jos\u00e9 n\u00e3o se recordava de ter tido nem sequer um dia de felicidade. Talvez no tempo de gesta\u00e7\u00e3o da m\u00e3e, que pariu o rebento quase aos dez meses. Seria isso a prova cabal de que o ent\u00e3o beb\u00ea n\u00e3o queria sair do aconchego do ventre e cair neste mundo? \u00c9 uma possibilidade, mas que precisaria ser provada e, como o gajo n\u00e3o se recordava de nenhum acontecido antes dos seus dois anos, seria tarefa infrut\u00edfera para qualquer pesquisador.<\/p>\n<p>Aos 12 anos, Jos\u00e9 at\u00e9 pensou em ser m\u00e1gico, mas lhe faltava talento para tal. Na verdade, tinha a op\u00e7\u00e3o de virar trapezista que nem os pais. No entanto, o garoto sofria de vertigens quando tentava se equilibrar at\u00e9 mesmo no meio-fio. Acabou virando palha\u00e7o, o palha\u00e7o que nunca ri, como se fosse a reencarna\u00e7\u00e3o do pr\u00f3prio Buster Keaton, s\u00f3 que numa vers\u00e3o ainda mais tristonha.<\/p>\n<p>A despeito das fei\u00e7\u00f5es de des\u00e2nimo, Jos\u00e9 fazia sucesso e, n\u00e3o raro, era aplaudido de p\u00e9 pelo p\u00fablico, que, muitas vezes, ia ao circo apenas para ver o palha\u00e7o Coitado, cuja fama se espalhou por toda a regi\u00e3o, chegando at\u00e9 a capital. O alvoro\u00e7o era tamanho, que as filas dobravam os quarteir\u00f5es.<\/p>\n<p>O dono do circo, Don Pedrito, um espanhol domador de le\u00f5es e tigres, aposentado desde que perdeu um dos bra\u00e7os em uma contenda com as feras, n\u00e3o queria mais saber de animais muito antes de ser proibido por lei. No m\u00e1ximo, Fil\u00f3, uma cadela poodle de quase 30 anos, que parecia ter encontrado a f\u00f3rmula da eternidade. No mais, gente de diversos lugares, principalmente dos B\u00e1lc\u00e3s, sabida regi\u00e3o de ciganos.<\/p>\n<p>Aos 30 anos, o famoso palha\u00e7o estava com os alforjes abarrotados de dinheiro. N\u00e3o que n\u00e3o fosse tamb\u00e9m enganado por Don Pedrito. Todavia, como o empres\u00e1rio juntou fortuna com as apresenta\u00e7\u00f5es do seu mais ilustre funcion\u00e1rio, n\u00e3o tinha como negar-lhe pagamento acima dos demais empregados.<\/p>\n<p>Certa feita, o circo fez temporada em Samambaia, onde ficou por quase dois meses. O sucesso continuou atraindo o p\u00fablico, que ia para conhecer o famoso palha\u00e7o Coitado. E foi justamente em uma dessas apresenta\u00e7\u00f5es, quando as gargalhadas ecoavam sob a lona, que Jos\u00e9, olhar tristonho por detr\u00e1s da pintura, sorriu pela primeira vez diante de uma bela jovem.<\/p>\n<p>A princ\u00edpio, a plateia n\u00e3o entendeu aquilo, at\u00e9 que, talvez assustada, a mulher chorou. Jos\u00e9, estupefato, ouviu o sil\u00eancio do p\u00fablico. Instintivamente, estendeu sua m\u00e3o para a garota, que retribuiu o gesto. Os dois choraram copiosamente, enquanto a plateia voltou a gargalhar tanto, que chegaram a chorar de tanto rir, para admira\u00e7\u00e3o do Don Pedrito.<\/p>\n<p>Com seu tino comercial afiado, o dono do circo, assim que o espet\u00e1culo terminou e o p\u00fablico se dispersou, percebeu que Jos\u00e9 e Luciana, a tal chorona, estavam em um canto trocando olhares tristonhos. N\u00e3o teve d\u00favida, prop\u00f4s um contrato ali mesmo, que a beldade aceitou.<\/p>\n<p>Luciana e Jos\u00e9 se casaram no m\u00eas seguinte e continuam trabalhando no mesmo circo. Ali\u00e1s, apesar de serem explorados pelo espanhol, s\u00e3o os artistas mais bem-pagos da companhia. E, todas as manh\u00e3s, assim que os outros artistas passam pelo casal, costumam cumpriment\u00e1-los, enquanto Don Pedrito, que sabe que o espet\u00e1culo n\u00e3o pode parar, sempre lan\u00e7a a mesma pergunta:<\/p>\n<p>\u2014 E a\u00ed, Jos\u00e9, qual \u00e9 o sofrimento de hoje?<\/p>\n<p>&#8230;&#8230;&#8230;&#8230;&#8230;&#8230;&#8230;&#8230;&#8230;&#8230;&#8230;&#8230;&#8230;&#8230;&#8230;&#8230;&#8230;<\/p>\n<div><strong>Eduardo Mart\u00ednez \u00e9 autor do livro \u201c57 Contos e Cr\u00f4nicas por um Autor muito Velho\u201d.<\/strong><\/div>\n<div>\n<div class=\"mvp-post-soc-in\">\n<div id=\"mvp-content-body\" class=\"left relative\">\n<div id=\"mvp-content-body-top\" class=\"left relative\">\n<div id=\"mvp-content-main\" class=\"left relative\">\n<p>Compre aqui\u00a0<span class=\"x19la9d6 x1fc57z9 x6ikm8r x10wlt62 x19co3pv x1g5zs5t xfibh0p xiy17q3 x1xsqp64 x1lkfr7t xexx8yu x4uap5 x18d9i69 xkhd6sd\"><span class=\"xrtxmta x1bhl96m\"><img decoding=\"async\" class=\"emoji\" role=\"img\" draggable=\"false\" src=\"https:\/\/s.w.org\/images\/core\/emoji\/14.0.0\/svg\/1f447-1f3ff.svg\" alt=\"&#x1f447;&#x1f3ff;\" \/><\/span><\/span><span class=\"x19la9d6 x1fc57z9 x6ikm8r x10wlt62 x19co3pv x1g5zs5t xfibh0p xiy17q3 x1xsqp64 x1lkfr7t xexx8yu x4uap5 x18d9i69 xkhd6sd\"><span class=\"xrtxmta x1bhl96m\"><img decoding=\"async\" class=\"emoji\" role=\"img\" draggable=\"false\" src=\"https:\/\/s.w.org\/images\/core\/emoji\/14.0.0\/svg\/1f447-1f3ff.svg\" alt=\"&#x1f447;&#x1f3ff;\" \/><\/span><\/span><span class=\"x19la9d6 x1fc57z9 x6ikm8r x10wlt62 x19co3pv x1g5zs5t xfibh0p xiy17q3 x1xsqp64 x1lkfr7t xexx8yu x4uap5 x18d9i69 xkhd6sd\"><span class=\"xrtxmta x1bhl96m\"><img decoding=\"async\" class=\"emoji\" role=\"img\" draggable=\"false\" src=\"https:\/\/s.w.org\/images\/core\/emoji\/14.0.0\/svg\/1f447-1f3ff.svg\" alt=\"&#x1f447;&#x1f3ff;\" \/><\/span><\/span><\/p>\n<p><a href=\"http:\/\/www.joanineditora.com.br\/57-contos-e-cronicas-por-um-autor-muito-velho\">http:\/\/www.joanineditora.com.br\/57-contos-e-cronicas-por-um-autor-muito-velho<\/a><\/p>\n<\/div>\n<\/div>\n<\/div>\n<\/div>\n<\/div>\n","protected":false},"excerpt":{"rendered":"<p>Jos\u00e9 n\u00e3o se recordava de ter tido nem sequer um dia de felicidade. Talvez no tempo de gesta\u00e7\u00e3o da m\u00e3e, que pariu o rebento quase aos dez meses. Seria isso a prova cabal de que o ent\u00e3o beb\u00ea n\u00e3o queria sair do aconchego do ventre e cair neste mundo? \u00c9 uma possibilidade, mas que precisaria [&hellip;]<\/p>\n","protected":false},"author":2,"featured_media":346297,"comment_status":"closed","ping_status":"closed","sticky":false,"template":"","format":"standard","meta":{"_acf_changed":false,"footnotes":""},"categories":[161],"tags":[],"class_list":["post-346296","post","type-post","status-publish","format-standard","has-post-thumbnail","hentry","category-quadradinho-em-foco"],"acf":[],"_links":{"self":[{"href":"https:\/\/www.notibras.com\/site\/wp-json\/wp\/v2\/posts\/346296","targetHints":{"allow":["GET"]}}],"collection":[{"href":"https:\/\/www.notibras.com\/site\/wp-json\/wp\/v2\/posts"}],"about":[{"href":"https:\/\/www.notibras.com\/site\/wp-json\/wp\/v2\/types\/post"}],"author":[{"embeddable":true,"href":"https:\/\/www.notibras.com\/site\/wp-json\/wp\/v2\/users\/2"}],"replies":[{"embeddable":true,"href":"https:\/\/www.notibras.com\/site\/wp-json\/wp\/v2\/comments?post=346296"}],"version-history":[{"count":2,"href":"https:\/\/www.notibras.com\/site\/wp-json\/wp\/v2\/posts\/346296\/revisions"}],"predecessor-version":[{"id":346299,"href":"https:\/\/www.notibras.com\/site\/wp-json\/wp\/v2\/posts\/346296\/revisions\/346299"}],"wp:featuredmedia":[{"embeddable":true,"href":"https:\/\/www.notibras.com\/site\/wp-json\/wp\/v2\/media\/346297"}],"wp:attachment":[{"href":"https:\/\/www.notibras.com\/site\/wp-json\/wp\/v2\/media?parent=346296"}],"wp:term":[{"taxonomy":"category","embeddable":true,"href":"https:\/\/www.notibras.com\/site\/wp-json\/wp\/v2\/categories?post=346296"},{"taxonomy":"post_tag","embeddable":true,"href":"https:\/\/www.notibras.com\/site\/wp-json\/wp\/v2\/tags?post=346296"}],"curies":[{"name":"wp","href":"https:\/\/api.w.org\/{rel}","templated":true}]}}