{"id":346303,"date":"2025-01-23T00:00:32","date_gmt":"2025-01-23T03:00:32","guid":{"rendered":"https:\/\/www.notibras.com\/site\/?p=346303"},"modified":"2025-01-23T07:23:34","modified_gmt":"2025-01-23T10:23:34","slug":"servidores-da-camara-municipal-trabalham-mesmo-durante-o-recesso","status":"publish","type":"post","link":"https:\/\/www.notibras.com\/site\/servidores-da-camara-municipal-trabalham-mesmo-durante-o-recesso\/","title":{"rendered":"Servidores da C\u00e2mara Municipal trabalham mesmo durante o recesso"},"content":{"rendered":"<p>Em pleno recesso parlamentar, a C\u00e2mara Municipal de Jo\u00e3o Pessoa continua suas atividades. Um exemplo s\u00e3o as reuni\u00f5es da Diretoria Legislativa com os servidores dos seus sete setores para tratar de temas relevantes ao trabalho legislativo.<\/p>\n<p>&#8220;Hoje n\u00f3s marcamos uma reuni\u00e3o com todos os setores do legislativo para que a gente possa colocar as informa\u00e7\u00f5es necess\u00e1rias para que os gabinetes dos vereadores possam realizar os trabalhos legislativos&#8221;, explicou o diretor legislativo da CMJP, Rodrigo G. Paulo Neto.<\/p>\n<p>O sistema de Apoio ao Processo Legislativo (SAPL) foi um dos temas tratados na reuni\u00e3o. &#8220;A diretoria legislativa tem sete setores. Vamos fazer todo o planejamento necess\u00e1rio para o retorno das atividades da CMJP. Vamos tratar de alguns assuntos a exemplo do SAPL que possibilita informar ao p\u00fablico em geral os tramites das mat\u00e9rias da Casa. Tamb\u00e9m vamos discutir sobre a utiliza\u00e7\u00e3o desta ferramenta pelos servidores dos gabinetes da nossa C\u00e2mara.<\/p>\n<p><strong>Comiss\u00e3o de Recesso<\/strong><br \/>\nCom o objetivo de dar continuidade aos trabalhos legislativos da CMJP durante o recesso parlamentar, est\u00e1 ativa a Comiss\u00e3o de Recesso, que tem como integrantes: Dinho Dowsley (PSD), Eliza Virg\u00ednia (PP), Marcos Henriques (PT), Odon Bezerra (PSB), Tarc\u00edsio Jardim (PP), Marmuthe Cavalcanti (Republicanos), Thiago Lucena (DC) e Dam\u00e1sio Franca (PP). A composi\u00e7\u00e3o do colegiado segue o Regimento Interno da Casa (Art. 80, \u00a7 3\u00ba), obedecendo a crit\u00e9rios de proporcionalidade de partidos ou blocos partid\u00e1rios, por indica\u00e7\u00e3o dos respectivos l\u00edderes.<\/p>\n<p>Durante o recesso parlamentar, a comiss\u00e3o representativa pode exercer a compet\u00eancia administrativa em caso de urg\u00eancia, na aus\u00eancia ou impedimento dos membros da Mesa Diretora, al\u00e9m de representar a C\u00e2mara em eventos e exercer outras atribui\u00e7\u00f5es de car\u00e1ter urgente, que n\u00e3o possam aguardar o in\u00edcio do per\u00edodo legislativo seguinte.<\/p>\n","protected":false},"excerpt":{"rendered":"<p>Em pleno recesso parlamentar, a C\u00e2mara Municipal de Jo\u00e3o Pessoa continua suas atividades. Um exemplo s\u00e3o as reuni\u00f5es da Diretoria Legislativa com os servidores dos seus sete setores para tratar de temas relevantes ao trabalho legislativo. &#8220;Hoje n\u00f3s marcamos uma reuni\u00e3o com todos os setores do legislativo para que a gente possa colocar as informa\u00e7\u00f5es [&hellip;]<\/p>\n","protected":false},"author":2,"featured_media":346304,"comment_status":"closed","ping_status":"closed","sticky":false,"template":"","format":"standard","meta":{"_acf_changed":false,"footnotes":""},"categories":[165],"tags":[],"class_list":["post-346303","post","type-post","status-publish","format-standard","has-post-thumbnail","hentry","category-nordeste"],"acf":[],"_links":{"self":[{"href":"https:\/\/www.notibras.com\/site\/wp-json\/wp\/v2\/posts\/346303","targetHints":{"allow":["GET"]}}],"collection":[{"href":"https:\/\/www.notibras.com\/site\/wp-json\/wp\/v2\/posts"}],"about":[{"href":"https:\/\/www.notibras.com\/site\/wp-json\/wp\/v2\/types\/post"}],"author":[{"embeddable":true,"href":"https:\/\/www.notibras.com\/site\/wp-json\/wp\/v2\/users\/2"}],"replies":[{"embeddable":true,"href":"https:\/\/www.notibras.com\/site\/wp-json\/wp\/v2\/comments?post=346303"}],"version-history":[{"count":1,"href":"https:\/\/www.notibras.com\/site\/wp-json\/wp\/v2\/posts\/346303\/revisions"}],"predecessor-version":[{"id":346305,"href":"https:\/\/www.notibras.com\/site\/wp-json\/wp\/v2\/posts\/346303\/revisions\/346305"}],"wp:featuredmedia":[{"embeddable":true,"href":"https:\/\/www.notibras.com\/site\/wp-json\/wp\/v2\/media\/346304"}],"wp:attachment":[{"href":"https:\/\/www.notibras.com\/site\/wp-json\/wp\/v2\/media?parent=346303"}],"wp:term":[{"taxonomy":"category","embeddable":true,"href":"https:\/\/www.notibras.com\/site\/wp-json\/wp\/v2\/categories?post=346303"},{"taxonomy":"post_tag","embeddable":true,"href":"https:\/\/www.notibras.com\/site\/wp-json\/wp\/v2\/tags?post=346303"}],"curies":[{"name":"wp","href":"https:\/\/api.w.org\/{rel}","templated":true}]}}