{"id":346306,"date":"2025-01-23T00:26:38","date_gmt":"2025-01-23T03:26:38","guid":{"rendered":"https:\/\/www.notibras.com\/site\/?p=346306"},"modified":"2025-01-23T07:28:40","modified_gmt":"2025-01-23T10:28:40","slug":"decisao-do-tcu-pode-deixar-alunos-do-nordeste-com-pe-de-meia-furado","status":"publish","type":"post","link":"https:\/\/www.notibras.com\/site\/decisao-do-tcu-pode-deixar-alunos-do-nordeste-com-pe-de-meia-furado\/","title":{"rendered":"Decis\u00e3o do TCU pode deixar alunos do Nordeste com p\u00e9 de meia furado"},"content":{"rendered":"<p>Em sess\u00e3o plen\u00e1ria nesta quarta-feira (22), o Tribunal de Contas da Uni\u00e3o (TCU) manteve decis\u00e3o cautelar do ministro Augusto Nardes que suspende a execu\u00e7\u00e3o de R$ 6 bilh\u00f5es do programa de apoio educacional P\u00e9 de Meia. Cerca de 3,9 milh\u00f5es de estudantes de baixa renda matriculados em escolas p\u00fablicas de ensino m\u00e9dio de todo o pa\u00eds recebem o apoio financeiro. A decis\u00e3o foi tomada por unanimidade, mas cabe recurso.<\/p>\n<p>Com investimento anual em torno de R$ 12,5 bilh\u00f5es, o P\u00e9 de Meia paga uma mesada de R$ 200 por aluno durante o ano letivo, al\u00e9m de uma poupan\u00e7a anual de R$ 1 mil a quem for aprovado, mas que s\u00f3 pode ser sacada ao final da conclus\u00e3o do ensino m\u00e9dio. Ao todo, cada aluno pode receber at\u00e9 R$ 9,2 mil ao final dos tr\u00eas anos desta etapa de ensino. Institu\u00eddo pela Lei 14.818\/2024, o programa foi criado para estimular a perman\u00eancia de estudantes pobres na escola, j\u00e1 que o Brasil enfrenta graves problemas de evas\u00e3o escolar h\u00e1 d\u00e9cadas.<\/p>\n<p>Na \u00faltima sexta-feira (19), Nardes j\u00e1 havia concedido uma decis\u00e3o provis\u00f3ria para suspender os pagamentos, diante de uma a\u00e7\u00e3o proposta pelo subprocurador-geral Lucas Rocha Furtado, do Minist\u00e9rio P\u00fablico junto ao TCU (MPTCU), que alegou que os valores utilizados para o cr\u00e9dito do programa estavam fora do Or\u00e7amento. O alerta foi mantido pela \u00e1rea t\u00e9cnica do tribunal.<\/p>\n<p>Procurado pela reportagem, o Minist\u00e9rio da Educa\u00e7\u00e3o (MEC), respons\u00e1vel pelo programa, informou que vai &#8220;complementar os esclarecimentos tempestivamente&#8221;, assim que a pasta for notificada da decis\u00e3o. O \u00f3rg\u00e3o tamb\u00e9m alegou que &#8220;todos os aportes feitos para o programa P\u00e9 de Meia foram aprovados pelo Congresso Nacional e cumpriram as normas or\u00e7ament\u00e1rias vigentes&#8221;.<\/p>\n<p>J\u00e1 a Advocacia Geral da Uni\u00e3o (AGU) informou em nota ter recorrido da decis\u00e3o, alegando n\u00e3o haver &#8220;qualquer ilegalidade&#8221; na transfer\u00eancia de recursos entre fundos e que o bloqueio cautelar e repentino de mais de R$ 6 bilh\u00f5es &#8220;causar\u00e1 transtornos irrepar\u00e1veis ao programa e aos estudantes&#8221;.<\/p>\n<p>&#8220;Caso a decis\u00e3o do TCU n\u00e3o seja revertida, a AGU pede que seus efeitos ocorram somente em 2026 e, que, nesse caso, seja concedido um prazo de 120 dias para que o governo federal apresente um plano para cumprimento da decis\u00e3o sem preju\u00edzo da continuidade do programa&#8221;, diz o \u00f3rg\u00e3o.<\/p>\n<p><strong>Financiamento<\/strong><br \/>\nO financiamento do programa P\u00e9 de Meia se d\u00e1 por meio de recursos do Fundo de Incentivo \u00e0 Perman\u00eancia no Ensino M\u00e9dio (Fipem), de natureza privada, mas que \u00e9 integralizado por aplica\u00e7\u00f5es e aportes financeiros da pr\u00f3pria Uni\u00e3o, e administrado pela Caixa Econ\u00f4mica Federal. A lei permite que a governo federal transfira recursos ao fundo para que o programa seja operacionalizado, mas, de acordo com a conclus\u00e3o do ministro, o fluxo de pagamentos n\u00e3o estaria passando pelo Or\u00e7amento Geral da Uni\u00e3o e, por isso, Nardes determinou \u00e0 Caixa o bloqueio de R$ 6 bilh\u00f5es da conta.<\/p>\n<p>J\u00e1 o MEC fica proibido de utilizar recursos oriundos do Fundo de Garantia de Opera\u00e7\u00f5es de Cr\u00e9dito Educativo (Fgeduc) e do Fundo Garantidor de Opera\u00e7\u00f5es (FGO) sem que previamente tais recursos sejam recolhidos \u00e0 Conta \u00danica do Tesouro Nacional e inclu\u00eddos na lei or\u00e7ament\u00e1ria do exerc\u00edcio em que se pretenda realizar a integraliza\u00e7\u00e3o de cotas do Fipem.<\/p>\n<p>&#8220;Na instru\u00e7\u00e3o inicial, a Unidade de Auditoria Especializada em Or\u00e7amento, Tributa\u00e7\u00e3o e Gest\u00e3o Fiscal (AudFiscal) apontou a utiliza\u00e7\u00e3o de valores do Fgeduc e do FGO para a integraliza\u00e7\u00e3o de cotas do Fipem sem o necess\u00e1rio tr\u00e2nsito pela CUTN [Conta \u00danica do Tesouro Nacional] e pelo OGU [Or\u00e7amento Geral da Uni\u00e3o] e, dessa forma, \u00e0 margem das regras or\u00e7ament\u00e1rias e fiscais vigentes, como, por exemplo, o limite de despesas prim\u00e1rias institu\u00eddo pelo Regime Fiscal Sustent\u00e1vel (ou Novo Arcabou\u00e7o Fiscal) e dispositivos da Lei de Responsabilidade Fiscal (arts. 9\u00ba e 26) e Regra de Ouro (art. 167, inciso III, da Constitui\u00e7\u00e3o Federal)&#8221;, diz um trecho do ac\u00f3rd\u00e3o que manteve o bloqueio do programa. O tribunal ainda analisar\u00e1 o m\u00e9rito do caso, sobre eventuais descumprimentos de regras or\u00e7ament\u00e1rias, e aguarda novas manifesta\u00e7\u00f5es.<\/p>\n","protected":false},"excerpt":{"rendered":"<p>Em sess\u00e3o plen\u00e1ria nesta quarta-feira (22), o Tribunal de Contas da Uni\u00e3o (TCU) manteve decis\u00e3o cautelar do ministro Augusto Nardes que suspende a execu\u00e7\u00e3o de R$ 6 bilh\u00f5es do programa de apoio educacional P\u00e9 de Meia. Cerca de 3,9 milh\u00f5es de estudantes de baixa renda matriculados em escolas p\u00fablicas de ensino m\u00e9dio de todo o [&hellip;]<\/p>\n","protected":false},"author":2,"featured_media":346307,"comment_status":"closed","ping_status":"closed","sticky":false,"template":"","format":"standard","meta":{"_acf_changed":false,"footnotes":""},"categories":[165],"tags":[],"class_list":["post-346306","post","type-post","status-publish","format-standard","has-post-thumbnail","hentry","category-nordeste"],"acf":[],"_links":{"self":[{"href":"https:\/\/www.notibras.com\/site\/wp-json\/wp\/v2\/posts\/346306","targetHints":{"allow":["GET"]}}],"collection":[{"href":"https:\/\/www.notibras.com\/site\/wp-json\/wp\/v2\/posts"}],"about":[{"href":"https:\/\/www.notibras.com\/site\/wp-json\/wp\/v2\/types\/post"}],"author":[{"embeddable":true,"href":"https:\/\/www.notibras.com\/site\/wp-json\/wp\/v2\/users\/2"}],"replies":[{"embeddable":true,"href":"https:\/\/www.notibras.com\/site\/wp-json\/wp\/v2\/comments?post=346306"}],"version-history":[{"count":1,"href":"https:\/\/www.notibras.com\/site\/wp-json\/wp\/v2\/posts\/346306\/revisions"}],"predecessor-version":[{"id":346308,"href":"https:\/\/www.notibras.com\/site\/wp-json\/wp\/v2\/posts\/346306\/revisions\/346308"}],"wp:featuredmedia":[{"embeddable":true,"href":"https:\/\/www.notibras.com\/site\/wp-json\/wp\/v2\/media\/346307"}],"wp:attachment":[{"href":"https:\/\/www.notibras.com\/site\/wp-json\/wp\/v2\/media?parent=346306"}],"wp:term":[{"taxonomy":"category","embeddable":true,"href":"https:\/\/www.notibras.com\/site\/wp-json\/wp\/v2\/categories?post=346306"},{"taxonomy":"post_tag","embeddable":true,"href":"https:\/\/www.notibras.com\/site\/wp-json\/wp\/v2\/tags?post=346306"}],"curies":[{"name":"wp","href":"https:\/\/api.w.org\/{rel}","templated":true}]}}