{"id":34633,"date":"2015-01-21T22:08:32","date_gmt":"2015-01-22T01:08:32","guid":{"rendered":"http:\/\/www.notibras.com\/site\/?p=34633"},"modified":"2015-01-21T22:15:48","modified_gmt":"2015-01-22T01:15:48","slug":"agencia-reguladora-limita-retirada-do-sistema-cantareira","status":"publish","type":"post","link":"https:\/\/www.notibras.com\/site\/agencia-reguladora-limita-retirada-do-sistema-cantareira\/","title":{"rendered":"Ag\u00eancia reguladora limita a retirada do sistema Cantareira"},"content":{"rendered":"<div class=\"content\">\n<p>O limite de retirada de \u00e1gua do Sistema Cantareira para janeiro deste ano \u00e9 22,9 milh\u00f5es de m\u00b3, de acordo com comunicado conjunto da Ag\u00eancia Nacional de \u00c1guas (ANA) e do Departamento de \u00c1guas e Energia El\u00e9trica de S\u00e3o Paulo (DAEE). A meta \u00e9 que 47,6 milh\u00f5es de m\u00b3 sejam preservados no sistema.<\/p>\n<p>O documento foi encaminhado aos presidentes da Companhia Estadual de Saneamento B\u00e1sico (Sabesp), Jerson Kelman, e dos Comit\u00eas das Bacias Hidrogr\u00e1ficas dos Rios Piracicaba, Capivari e Jundia\u00ed (PCJ), Gabriel Ferrato dos Santos.<\/p>\n<blockquote><p>Conforme a ANA, a Sabesp utilizou previs\u00f5es de vaz\u00f5es afluentes \u2013 entrada de \u00e1gua das chuvas no sistema \u2013 acima do registrado nos meses de outubro, novembro e dezembro de 2014. Em of\u00edcio encaminhado ao DAEE, a ag\u00eancia expressa preocupa\u00e7\u00e3o em rela\u00e7\u00e3o ao planejamento do sistema e \u201crefor\u00e7a a necessidade de apresenta\u00e7\u00e3o, pela Sabesp, de um plano de conting\u00eancia que contemple a\u00e7\u00f5es emergenciais\u201d.<\/p><\/blockquote>\n<p>A previs\u00e3o da Sabesp para entrada de \u00e1gua naqueles meses foi, respectivamente, 15,4 m\u00b3\/s, 23,7 m\u00b3\/s e 27,9 m\u00b3\/s. Entretanto, segundo a ANA as m\u00e9dias verificadas correspondem a 4,0 m\u00b3\/s, 6,0 m\u00b3\/s e 12,8 m\u00b3\/s. A diferen\u00e7a entre planejamento e realidade corresponde a 117 milh\u00f5es de m\u00b3 a menos do que foi previsto para os tr\u00eas \u00faltimos meses de 2014.<\/p>\n<p>O \u00f3rg\u00e3o destaca que, em 30 de abril deste ano, o Cantareira precisa garantir o equivalente a 10% do volume \u00fatil original do sistema, aproximadamente 97 milh\u00f5es de m\u00b3. \u201cA n\u00e3o observ\u00e2ncia no passado desta recomenda\u00e7\u00e3o poder\u00e1 tornar invi\u00e1veis metas adequadas de seguran\u00e7a h\u00eddrica para o pr\u00f3ximo per\u00edodo de seca\u201d, alerta o documento.<\/p>\n<p>Nota t\u00e9cnica divulgada pelo DAEE revela que a vaz\u00e3o m\u00e9dia afluente chegou a 8,11 m\u00b3\/s, entre 1\u00ba a 19 de janeiro. A previs\u00e3o \u00e9 que, no fim do m\u00eas, a m\u00e9dia alcance 8,5 m\u00b3\/s. Al\u00e9m disso, o of\u00edcio informa que \u201cser\u00e1 necess\u00e1ria a elabora\u00e7\u00e3o de novos planos de conting\u00eancia\u201d.<\/p>\n<p>\u201cAs perspectivas, no momento, s\u00e3o de um agravamento da crise, o que dever\u00e1 implicar em redu\u00e7\u00f5es ainda maiores das retiradas\u201d, completa o documento.<\/p>\n<header>\n<div class=\"node-info\"><strong>Camila Boehm, ABr<\/strong><\/div>\n<\/header>\n<\/div>\n","protected":false},"excerpt":{"rendered":"<p>O limite de retirada de \u00e1gua do Sistema Cantareira para janeiro deste ano \u00e9 22,9 milh\u00f5es de m\u00b3, de acordo com comunicado conjunto da Ag\u00eancia Nacional de \u00c1guas (ANA) e do Departamento de \u00c1guas e Energia El\u00e9trica de S\u00e3o Paulo (DAEE). A meta \u00e9 que 47,6 milh\u00f5es de m\u00b3 sejam preservados no sistema. O documento [&hellip;]<\/p>\n","protected":false},"author":2,"featured_media":34634,"comment_status":"open","ping_status":"closed","sticky":false,"template":"","format":"standard","meta":{"_acf_changed":false,"footnotes":""},"categories":[16],"tags":[],"class_list":["post-34633","post","type-post","status-publish","format-standard","has-post-thumbnail","hentry","category-brasil"],"acf":[],"yoast_head":"<!-- This site is optimized with the Yoast SEO plugin v27.2 - https:\/\/yoast.com\/product\/yoast-seo-wordpress\/ -->\n<title>Ag\u00eancia reguladora limita a retirada do sistema Cantareira - Notibras<\/title>\n<meta name=\"robots\" content=\"index, follow, max-snippet:-1, max-image-preview:large, max-video-preview:-1\" \/>\n<link rel=\"canonical\" href=\"https:\/\/www.notibras.com\/site\/agencia-reguladora-limita-retirada-do-sistema-cantareira\/\" \/>\n<meta property=\"og:locale\" content=\"pt_BR\" \/>\n<meta property=\"og:type\" content=\"article\" \/>\n<meta property=\"og:title\" content=\"Ag\u00eancia reguladora limita a retirada do sistema Cantareira - Notibras\" \/>\n<meta property=\"og:description\" content=\"O limite de retirada de \u00e1gua do Sistema Cantareira para janeiro deste ano \u00e9 22,9 milh\u00f5es de m\u00b3, de acordo com comunicado conjunto da Ag\u00eancia Nacional de \u00c1guas (ANA) e do Departamento de \u00c1guas e Energia El\u00e9trica de S\u00e3o Paulo (DAEE). A meta \u00e9 que 47,6 milh\u00f5es de m\u00b3 sejam preservados no sistema. O documento [&hellip;]\" \/>\n<meta property=\"og:url\" content=\"https:\/\/www.notibras.com\/site\/agencia-reguladora-limita-retirada-do-sistema-cantareira\/\" \/>\n<meta property=\"og:site_name\" content=\"Notibras\" \/>\n<meta property=\"article:publisher\" content=\"https:\/\/www.facebook.com\/notibras\/\" \/>\n<meta property=\"article:published_time\" content=\"2015-01-22T01:08:32+00:00\" \/>\n<meta property=\"article:modified_time\" content=\"2015-01-22T01:15:48+00:00\" \/>\n<meta property=\"og:image\" content=\"https:\/\/www.notibras.com\/site\/wp-content\/uploads\/2015\/01\/sistema_cantareira.jpg\" \/>\n\t<meta property=\"og:image:width\" content=\"580\" \/>\n\t<meta property=\"og:image:height\" content=\"388\" \/>\n\t<meta property=\"og:image:type\" content=\"image\/jpeg\" \/>\n<meta name=\"author\" content=\"Reda\u00e7\u00e3o\" \/>\n<meta name=\"twitter:card\" content=\"summary_large_image\" \/>\n<meta name=\"twitter:creator\" content=\"@Notibras\" \/>\n<meta name=\"twitter:site\" content=\"@Notibras\" \/>\n<meta name=\"twitter:label1\" content=\"Escrito por\" \/>\n\t<meta name=\"twitter:data1\" content=\"Reda\u00e7\u00e3o\" \/>\n\t<meta name=\"twitter:label2\" content=\"Est. tempo de leitura\" \/>\n\t<meta name=\"twitter:data2\" content=\"2 minutos\" \/>\n<script type=\"application\/ld+json\" class=\"yoast-schema-graph\">{\"@context\":\"https:\/\/schema.org\",\"@graph\":[{\"@type\":\"Article\",\"@id\":\"https:\/\/www.notibras.com\/site\/agencia-reguladora-limita-retirada-do-sistema-cantareira\/#article\",\"isPartOf\":{\"@id\":\"https:\/\/www.notibras.com\/site\/agencia-reguladora-limita-retirada-do-sistema-cantareira\/\"},\"author\":{\"name\":\"Reda\u00e7\u00e3o\",\"@id\":\"https:\/\/www.notibras.com\/site\/#\/schema\/person\/36ab0979449956132d3e5b517ea76ac8\"},\"headline\":\"Ag\u00eancia reguladora limita a retirada do sistema Cantareira\",\"datePublished\":\"2015-01-22T01:08:32+00:00\",\"dateModified\":\"2015-01-22T01:15:48+00:00\",\"mainEntityOfPage\":{\"@id\":\"https:\/\/www.notibras.com\/site\/agencia-reguladora-limita-retirada-do-sistema-cantareira\/\"},\"wordCount\":376,\"commentCount\":0,\"publisher\":{\"@id\":\"https:\/\/www.notibras.com\/site\/#organization\"},\"image\":{\"@id\":\"https:\/\/www.notibras.com\/site\/agencia-reguladora-limita-retirada-do-sistema-cantareira\/#primaryimage\"},\"thumbnailUrl\":\"https:\/\/www.notibras.com\/site\/wp-content\/uploads\/2015\/01\/sistema_cantareira.jpg\",\"articleSection\":[\"Brasil\"],\"inLanguage\":\"pt-BR\",\"potentialAction\":[{\"@type\":\"CommentAction\",\"name\":\"Comment\",\"target\":[\"https:\/\/www.notibras.com\/site\/agencia-reguladora-limita-retirada-do-sistema-cantareira\/#respond\"]}]},{\"@type\":\"WebPage\",\"@id\":\"https:\/\/www.notibras.com\/site\/agencia-reguladora-limita-retirada-do-sistema-cantareira\/\",\"url\":\"https:\/\/www.notibras.com\/site\/agencia-reguladora-limita-retirada-do-sistema-cantareira\/\",\"name\":\"Ag\u00eancia reguladora limita a retirada do sistema Cantareira - Notibras\",\"isPartOf\":{\"@id\":\"https:\/\/www.notibras.com\/site\/#website\"},\"primaryImageOfPage\":{\"@id\":\"https:\/\/www.notibras.com\/site\/agencia-reguladora-limita-retirada-do-sistema-cantareira\/#primaryimage\"},\"image\":{\"@id\":\"https:\/\/www.notibras.com\/site\/agencia-reguladora-limita-retirada-do-sistema-cantareira\/#primaryimage\"},\"thumbnailUrl\":\"https:\/\/www.notibras.com\/site\/wp-content\/uploads\/2015\/01\/sistema_cantareira.jpg\",\"datePublished\":\"2015-01-22T01:08:32+00:00\",\"dateModified\":\"2015-01-22T01:15:48+00:00\",\"breadcrumb\":{\"@id\":\"https:\/\/www.notibras.com\/site\/agencia-reguladora-limita-retirada-do-sistema-cantareira\/#breadcrumb\"},\"inLanguage\":\"pt-BR\",\"potentialAction\":[{\"@type\":\"ReadAction\",\"target\":[\"https:\/\/www.notibras.com\/site\/agencia-reguladora-limita-retirada-do-sistema-cantareira\/\"]}]},{\"@type\":\"ImageObject\",\"inLanguage\":\"pt-BR\",\"@id\":\"https:\/\/www.notibras.com\/site\/agencia-reguladora-limita-retirada-do-sistema-cantareira\/#primaryimage\",\"url\":\"https:\/\/www.notibras.com\/site\/wp-content\/uploads\/2015\/01\/sistema_cantareira.jpg\",\"contentUrl\":\"https:\/\/www.notibras.com\/site\/wp-content\/uploads\/2015\/01\/sistema_cantareira.jpg\",\"width\":580,\"height\":388},{\"@type\":\"BreadcrumbList\",\"@id\":\"https:\/\/www.notibras.com\/site\/agencia-reguladora-limita-retirada-do-sistema-cantareira\/#breadcrumb\",\"itemListElement\":[{\"@type\":\"ListItem\",\"position\":1,\"name\":\"In\u00edcio\",\"item\":\"https:\/\/www.notibras.com\/site\/\"},{\"@type\":\"ListItem\",\"position\":2,\"name\":\"Ag\u00eancia reguladora limita a retirada do sistema Cantareira\"}]},{\"@type\":\"WebSite\",\"@id\":\"https:\/\/www.notibras.com\/site\/#website\",\"url\":\"https:\/\/www.notibras.com\/site\/\",\"name\":\"Notibras\",\"description\":\"Not\u00edcias de Bras\u00edlia, do Brasil e do Mundo\",\"publisher\":{\"@id\":\"https:\/\/www.notibras.com\/site\/#organization\"},\"potentialAction\":[{\"@type\":\"SearchAction\",\"target\":{\"@type\":\"EntryPoint\",\"urlTemplate\":\"https:\/\/www.notibras.com\/site\/?s={search_term_string}\"},\"query-input\":{\"@type\":\"PropertyValueSpecification\",\"valueRequired\":true,\"valueName\":\"search_term_string\"}}],\"inLanguage\":\"pt-BR\"},{\"@type\":\"Organization\",\"@id\":\"https:\/\/www.notibras.com\/site\/#organization\",\"name\":\"Grupo Notibras de Comunica\u00e7\u00e3o\",\"url\":\"https:\/\/www.notibras.com\/site\/\",\"logo\":{\"@type\":\"ImageObject\",\"inLanguage\":\"pt-BR\",\"@id\":\"https:\/\/www.notibras.com\/site\/#\/schema\/logo\/image\/\",\"url\":\"https:\/\/www.notibras.com\/site\/wp-content\/uploads\/2023\/01\/notibras23.png\",\"contentUrl\":\"https:\/\/www.notibras.com\/site\/wp-content\/uploads\/2023\/01\/notibras23.png\",\"width\":350,\"height\":87,\"caption\":\"Grupo Notibras de Comunica\u00e7\u00e3o\"},\"image\":{\"@id\":\"https:\/\/www.notibras.com\/site\/#\/schema\/logo\/image\/\"},\"sameAs\":[\"https:\/\/www.facebook.com\/notibras\/\",\"https:\/\/x.com\/Notibras\",\"https:\/\/www.instagram.com\/notibras\/\"]},{\"@type\":\"Person\",\"@id\":\"https:\/\/www.notibras.com\/site\/#\/schema\/person\/36ab0979449956132d3e5b517ea76ac8\",\"name\":\"Reda\u00e7\u00e3o\",\"image\":{\"@type\":\"ImageObject\",\"inLanguage\":\"pt-BR\",\"@id\":\"https:\/\/secure.gravatar.com\/avatar\/e0a867bdedb85fd243eadf09663511f96fc81e0720a4a42581f334ad4303aa6b?s=96&d=mm&r=g\",\"url\":\"https:\/\/secure.gravatar.com\/avatar\/e0a867bdedb85fd243eadf09663511f96fc81e0720a4a42581f334ad4303aa6b?s=96&d=mm&r=g\",\"contentUrl\":\"https:\/\/secure.gravatar.com\/avatar\/e0a867bdedb85fd243eadf09663511f96fc81e0720a4a42581f334ad4303aa6b?s=96&d=mm&r=g\",\"caption\":\"Reda\u00e7\u00e3o\"}}]}<\/script>\n<!-- \/ Yoast SEO plugin. -->","yoast_head_json":{"title":"Ag\u00eancia reguladora limita a retirada do sistema Cantareira - Notibras","robots":{"index":"index","follow":"follow","max-snippet":"max-snippet:-1","max-image-preview":"max-image-preview:large","max-video-preview":"max-video-preview:-1"},"canonical":"https:\/\/www.notibras.com\/site\/agencia-reguladora-limita-retirada-do-sistema-cantareira\/","og_locale":"pt_BR","og_type":"article","og_title":"Ag\u00eancia reguladora limita a retirada do sistema Cantareira - Notibras","og_description":"O limite de retirada de \u00e1gua do Sistema Cantareira para janeiro deste ano \u00e9 22,9 milh\u00f5es de m\u00b3, de acordo com comunicado conjunto da Ag\u00eancia Nacional de \u00c1guas (ANA) e do Departamento de \u00c1guas e Energia El\u00e9trica de S\u00e3o Paulo (DAEE). A meta \u00e9 que 47,6 milh\u00f5es de m\u00b3 sejam preservados no sistema. O documento [&hellip;]","og_url":"https:\/\/www.notibras.com\/site\/agencia-reguladora-limita-retirada-do-sistema-cantareira\/","og_site_name":"Notibras","article_publisher":"https:\/\/www.facebook.com\/notibras\/","article_published_time":"2015-01-22T01:08:32+00:00","article_modified_time":"2015-01-22T01:15:48+00:00","og_image":[{"width":580,"height":388,"url":"https:\/\/www.notibras.com\/site\/wp-content\/uploads\/2015\/01\/sistema_cantareira.jpg","type":"image\/jpeg"}],"author":"Reda\u00e7\u00e3o","twitter_card":"summary_large_image","twitter_creator":"@Notibras","twitter_site":"@Notibras","twitter_misc":{"Escrito por":"Reda\u00e7\u00e3o","Est. tempo de leitura":"2 minutos"},"schema":{"@context":"https:\/\/schema.org","@graph":[{"@type":"Article","@id":"https:\/\/www.notibras.com\/site\/agencia-reguladora-limita-retirada-do-sistema-cantareira\/#article","isPartOf":{"@id":"https:\/\/www.notibras.com\/site\/agencia-reguladora-limita-retirada-do-sistema-cantareira\/"},"author":{"name":"Reda\u00e7\u00e3o","@id":"https:\/\/www.notibras.com\/site\/#\/schema\/person\/36ab0979449956132d3e5b517ea76ac8"},"headline":"Ag\u00eancia reguladora limita a retirada do sistema Cantareira","datePublished":"2015-01-22T01:08:32+00:00","dateModified":"2015-01-22T01:15:48+00:00","mainEntityOfPage":{"@id":"https:\/\/www.notibras.com\/site\/agencia-reguladora-limita-retirada-do-sistema-cantareira\/"},"wordCount":376,"commentCount":0,"publisher":{"@id":"https:\/\/www.notibras.com\/site\/#organization"},"image":{"@id":"https:\/\/www.notibras.com\/site\/agencia-reguladora-limita-retirada-do-sistema-cantareira\/#primaryimage"},"thumbnailUrl":"https:\/\/www.notibras.com\/site\/wp-content\/uploads\/2015\/01\/sistema_cantareira.jpg","articleSection":["Brasil"],"inLanguage":"pt-BR","potentialAction":[{"@type":"CommentAction","name":"Comment","target":["https:\/\/www.notibras.com\/site\/agencia-reguladora-limita-retirada-do-sistema-cantareira\/#respond"]}]},{"@type":"WebPage","@id":"https:\/\/www.notibras.com\/site\/agencia-reguladora-limita-retirada-do-sistema-cantareira\/","url":"https:\/\/www.notibras.com\/site\/agencia-reguladora-limita-retirada-do-sistema-cantareira\/","name":"Ag\u00eancia reguladora limita a retirada do sistema Cantareira - Notibras","isPartOf":{"@id":"https:\/\/www.notibras.com\/site\/#website"},"primaryImageOfPage":{"@id":"https:\/\/www.notibras.com\/site\/agencia-reguladora-limita-retirada-do-sistema-cantareira\/#primaryimage"},"image":{"@id":"https:\/\/www.notibras.com\/site\/agencia-reguladora-limita-retirada-do-sistema-cantareira\/#primaryimage"},"thumbnailUrl":"https:\/\/www.notibras.com\/site\/wp-content\/uploads\/2015\/01\/sistema_cantareira.jpg","datePublished":"2015-01-22T01:08:32+00:00","dateModified":"2015-01-22T01:15:48+00:00","breadcrumb":{"@id":"https:\/\/www.notibras.com\/site\/agencia-reguladora-limita-retirada-do-sistema-cantareira\/#breadcrumb"},"inLanguage":"pt-BR","potentialAction":[{"@type":"ReadAction","target":["https:\/\/www.notibras.com\/site\/agencia-reguladora-limita-retirada-do-sistema-cantareira\/"]}]},{"@type":"ImageObject","inLanguage":"pt-BR","@id":"https:\/\/www.notibras.com\/site\/agencia-reguladora-limita-retirada-do-sistema-cantareira\/#primaryimage","url":"https:\/\/www.notibras.com\/site\/wp-content\/uploads\/2015\/01\/sistema_cantareira.jpg","contentUrl":"https:\/\/www.notibras.com\/site\/wp-content\/uploads\/2015\/01\/sistema_cantareira.jpg","width":580,"height":388},{"@type":"BreadcrumbList","@id":"https:\/\/www.notibras.com\/site\/agencia-reguladora-limita-retirada-do-sistema-cantareira\/#breadcrumb","itemListElement":[{"@type":"ListItem","position":1,"name":"In\u00edcio","item":"https:\/\/www.notibras.com\/site\/"},{"@type":"ListItem","position":2,"name":"Ag\u00eancia reguladora limita a retirada do sistema Cantareira"}]},{"@type":"WebSite","@id":"https:\/\/www.notibras.com\/site\/#website","url":"https:\/\/www.notibras.com\/site\/","name":"Notibras","description":"Not\u00edcias de Bras\u00edlia, do Brasil e do Mundo","publisher":{"@id":"https:\/\/www.notibras.com\/site\/#organization"},"potentialAction":[{"@type":"SearchAction","target":{"@type":"EntryPoint","urlTemplate":"https:\/\/www.notibras.com\/site\/?s={search_term_string}"},"query-input":{"@type":"PropertyValueSpecification","valueRequired":true,"valueName":"search_term_string"}}],"inLanguage":"pt-BR"},{"@type":"Organization","@id":"https:\/\/www.notibras.com\/site\/#organization","name":"Grupo Notibras de Comunica\u00e7\u00e3o","url":"https:\/\/www.notibras.com\/site\/","logo":{"@type":"ImageObject","inLanguage":"pt-BR","@id":"https:\/\/www.notibras.com\/site\/#\/schema\/logo\/image\/","url":"https:\/\/www.notibras.com\/site\/wp-content\/uploads\/2023\/01\/notibras23.png","contentUrl":"https:\/\/www.notibras.com\/site\/wp-content\/uploads\/2023\/01\/notibras23.png","width":350,"height":87,"caption":"Grupo Notibras de Comunica\u00e7\u00e3o"},"image":{"@id":"https:\/\/www.notibras.com\/site\/#\/schema\/logo\/image\/"},"sameAs":["https:\/\/www.facebook.com\/notibras\/","https:\/\/x.com\/Notibras","https:\/\/www.instagram.com\/notibras\/"]},{"@type":"Person","@id":"https:\/\/www.notibras.com\/site\/#\/schema\/person\/36ab0979449956132d3e5b517ea76ac8","name":"Reda\u00e7\u00e3o","image":{"@type":"ImageObject","inLanguage":"pt-BR","@id":"https:\/\/secure.gravatar.com\/avatar\/e0a867bdedb85fd243eadf09663511f96fc81e0720a4a42581f334ad4303aa6b?s=96&d=mm&r=g","url":"https:\/\/secure.gravatar.com\/avatar\/e0a867bdedb85fd243eadf09663511f96fc81e0720a4a42581f334ad4303aa6b?s=96&d=mm&r=g","contentUrl":"https:\/\/secure.gravatar.com\/avatar\/e0a867bdedb85fd243eadf09663511f96fc81e0720a4a42581f334ad4303aa6b?s=96&d=mm&r=g","caption":"Reda\u00e7\u00e3o"}}]}},"amp_enabled":true,"_links":{"self":[{"href":"https:\/\/www.notibras.com\/site\/wp-json\/wp\/v2\/posts\/34633","targetHints":{"allow":["GET"]}}],"collection":[{"href":"https:\/\/www.notibras.com\/site\/wp-json\/wp\/v2\/posts"}],"about":[{"href":"https:\/\/www.notibras.com\/site\/wp-json\/wp\/v2\/types\/post"}],"author":[{"embeddable":true,"href":"https:\/\/www.notibras.com\/site\/wp-json\/wp\/v2\/users\/2"}],"replies":[{"embeddable":true,"href":"https:\/\/www.notibras.com\/site\/wp-json\/wp\/v2\/comments?post=34633"}],"version-history":[{"count":0,"href":"https:\/\/www.notibras.com\/site\/wp-json\/wp\/v2\/posts\/34633\/revisions"}],"wp:featuredmedia":[{"embeddable":true,"href":"https:\/\/www.notibras.com\/site\/wp-json\/wp\/v2\/media\/34634"}],"wp:attachment":[{"href":"https:\/\/www.notibras.com\/site\/wp-json\/wp\/v2\/media?parent=34633"}],"wp:term":[{"taxonomy":"category","embeddable":true,"href":"https:\/\/www.notibras.com\/site\/wp-json\/wp\/v2\/categories?post=34633"},{"taxonomy":"post_tag","embeddable":true,"href":"https:\/\/www.notibras.com\/site\/wp-json\/wp\/v2\/tags?post=34633"}],"curies":[{"name":"wp","href":"https:\/\/api.w.org\/{rel}","templated":true}]}}