{"id":346330,"date":"2025-01-23T00:56:21","date_gmt":"2025-01-23T03:56:21","guid":{"rendered":"https:\/\/www.notibras.com\/site\/?p=346330"},"modified":"2025-01-23T09:00:58","modified_gmt":"2025-01-23T12:00:58","slug":"as-mulheres-cabacas-celebra-a-forca-feminina-indigena","status":"publish","type":"post","link":"https:\/\/www.notibras.com\/site\/as-mulheres-cabacas-celebra-a-forca-feminina-indigena\/","title":{"rendered":"&#8220;As Mulheres Caba\u00e7as&#8221; celebra a for\u00e7a feminina ind\u00edgena"},"content":{"rendered":"<p>O Memorial dos Povos Ind\u00edgenas exibir\u00e1 sua primeira exposi\u00e7\u00e3o tempor\u00e1ria no dia 28 de janeiro, com abertura a partir das 19h. O p\u00fablico poder\u00e1 apreciar, at\u00e9 o dia 16 de fevereiro, as obras de As Mulheres Caba\u00e7as, uma homenagem \u00e0 ancestralidade e ao protagonismo feminino do povo Mehin (Krah\u00f4). Idealizada pela artista ind\u00edgena Kessia Daline Krah\u00f4, a mostra faz parte do edital de incentivo \u00e0s exposi\u00e7\u00f5es tempor\u00e1rias do Memorial, promovido pela gest\u00e3o do projeto educativo da ONG Amigos da Vida, que conta com recursos do Fundo de Apoio \u00e0 Cultura (FAC) da Secretaria de Cultura e Economia Criativa do Distrito Federal.<\/p>\n<p>&#8220;As Mulheres Caba\u00e7as&#8221; apresenta um conjunto de trinta caba\u00e7as que narram hist\u00f3rias fundamentais para a forma\u00e7\u00e3o e a identidade de seu povo, homenageando a luta e a for\u00e7a das mulheres ind\u00edgenas. As pe\u00e7as destacam a for\u00e7a matriarcal e a sabedoria ancestral que atravessa gera\u00e7\u00f5es. Al\u00e9m disso, a mostra resgata a simbologia das caba\u00e7as como representa\u00e7\u00e3o do feminino, da fertilidade e da conex\u00e3o com a terra.<\/p>\n<p>Sob essa perspectiva, Kessia Daline Krah\u00f4 exalta a cosmovis\u00e3o cultural dos Mehin, enfatizando a conex\u00e3o sagrada entre as mulheres ind\u00edgenas, a natureza e todos os elementos que comp\u00f5em o universo. &#8220;N\u00f3s, mulheres ind\u00edgenas, estamos intimamente ligadas \u00e0 terra e aos ciclos que sustentam a vida&#8221;, reflete a artista.<\/p>\n<p>A exposi\u00e7\u00e3o conduz os visitantes por uma jornada imersiva em tr\u00eas hist\u00f3rias essenciais para a identidade cultural dos Mehin. A cria\u00e7\u00e3o do cosmos e da vida: representa a origem do universo e o papel central das mulheres como criadoras e guardi\u00e3s. A segunda hist\u00f3ria mostra a centralidade feminina nos conhecimentos sobre a terra, nutri\u00e7\u00e3o e medicina e a terceira hist\u00f3ria se aprofunda no entendimento de quem s\u00e3o as mulheres caba\u00e7as e celebra o protagonismo das mulheres ind\u00edgenas na pol\u00edtica, economia e preserva\u00e7\u00e3o dos ciclos naturais.<\/p>\n<p><strong>Sobre a artista<\/strong><br \/>\nMulher ind\u00edgena de origem tocantinense residente no DF, possui forma\u00e7\u00e3o acad\u00eamica em Servi\u00e7o Social pela Universidade de Bras\u00edlia (UnB). Atualmente \u00e9 pedagoga em forma\u00e7\u00e3o pela Universidade Paulista (UNIP), trabalha como educadora social ind\u00edgena em uma escola p\u00fablica no DF.<\/p>\n<p>\u00c9 artista independente e, desde 2018, vem caminhando e realizando trabalhos art\u00edsticos em diversas \u00e1reas, como: performance, pintura, conta\u00e7\u00e3o de hist\u00f3rias para crian\u00e7as, arte-educa\u00e7\u00e3o, atriz, poetisa, modelo fotogr\u00e1fica, cantora e atua tamb\u00e9m entre outras linguagens art\u00edsticas. Na caminhada, j\u00e1 fez palco desde a rua a lugares como Unibes CulturalSP e casas de cultura pelo pa\u00eds.<\/p>\n<p>A artista utiliza sua voz para fortalecer tamb\u00e9m o coletivo e honrar sua caminhada aqui, permitida por suas e seus ancestrais atrav\u00e9s das artes. \u00c9 por meio das artes que Kessia Daline Krah\u00f4 vem realizando diversos trabalhos art\u00edsticos, firme que seu corpo e sua arte s\u00e3o protagonistas para a representatividade de hist\u00f3rias plurais e que fogem do padr\u00e3o vigente na sociedade como um todo.<\/p>\n<p><strong>O Memorial<\/strong><br \/>\nO acervo do Memorial dos Povos Ind\u00edgenas possui um invent\u00e1rio formado por pe\u00e7as de plum\u00e1rias, cer\u00e2micas e com os insumos pr\u00f3prios de diversas etnias. No espa\u00e7o, h\u00e1 uma reserva t\u00e9cnica com as pe\u00e7as doadas do acervo particular dos antrop\u00f3logos Darcy Ribeiro, Berta Ribeiro e Eduardo Galv\u00e3o. No espa\u00e7o tamb\u00e9m h\u00e1 pe\u00e7as apreendidas pela pol\u00edcia federal na Opera\u00e7\u00e3o Pindorama.<\/p>\n<p><strong>Servi\u00e7o<\/strong><br \/>\nMemorial dos Povos Ind\u00edgenas<br \/>\n(Zona C\u00edvico-Administrativa, em frente ao Memorial JK)<br \/>\nFuncionamento: De ter\u00e7a-feira a domingo, de 09h \u00e0s 17h<br \/>\nInforma\u00e7\u00f5es: @memorialdospovosindigenas<br \/>\nAcesso: gratuito<\/p>\n","protected":false},"excerpt":{"rendered":"<p>O Memorial dos Povos Ind\u00edgenas exibir\u00e1 sua primeira exposi\u00e7\u00e3o tempor\u00e1ria no dia 28 de janeiro, com abertura a partir das 19h. O p\u00fablico poder\u00e1 apreciar, at\u00e9 o dia 16 de fevereiro, as obras de As Mulheres Caba\u00e7as, uma homenagem \u00e0 ancestralidade e ao protagonismo feminino do povo Mehin (Krah\u00f4). Idealizada pela artista ind\u00edgena Kessia Daline [&hellip;]<\/p>\n","protected":false},"author":2,"featured_media":346331,"comment_status":"closed","ping_status":"closed","sticky":false,"template":"","format":"standard","meta":{"_acf_changed":false,"footnotes":""},"categories":[161],"tags":[],"class_list":["post-346330","post","type-post","status-publish","format-standard","has-post-thumbnail","hentry","category-quadradinho-em-foco"],"acf":[],"_links":{"self":[{"href":"https:\/\/www.notibras.com\/site\/wp-json\/wp\/v2\/posts\/346330","targetHints":{"allow":["GET"]}}],"collection":[{"href":"https:\/\/www.notibras.com\/site\/wp-json\/wp\/v2\/posts"}],"about":[{"href":"https:\/\/www.notibras.com\/site\/wp-json\/wp\/v2\/types\/post"}],"author":[{"embeddable":true,"href":"https:\/\/www.notibras.com\/site\/wp-json\/wp\/v2\/users\/2"}],"replies":[{"embeddable":true,"href":"https:\/\/www.notibras.com\/site\/wp-json\/wp\/v2\/comments?post=346330"}],"version-history":[{"count":1,"href":"https:\/\/www.notibras.com\/site\/wp-json\/wp\/v2\/posts\/346330\/revisions"}],"predecessor-version":[{"id":346332,"href":"https:\/\/www.notibras.com\/site\/wp-json\/wp\/v2\/posts\/346330\/revisions\/346332"}],"wp:featuredmedia":[{"embeddable":true,"href":"https:\/\/www.notibras.com\/site\/wp-json\/wp\/v2\/media\/346331"}],"wp:attachment":[{"href":"https:\/\/www.notibras.com\/site\/wp-json\/wp\/v2\/media?parent=346330"}],"wp:term":[{"taxonomy":"category","embeddable":true,"href":"https:\/\/www.notibras.com\/site\/wp-json\/wp\/v2\/categories?post=346330"},{"taxonomy":"post_tag","embeddable":true,"href":"https:\/\/www.notibras.com\/site\/wp-json\/wp\/v2\/tags?post=346330"}],"curies":[{"name":"wp","href":"https:\/\/api.w.org\/{rel}","templated":true}]}}