{"id":346336,"date":"2025-01-23T00:11:45","date_gmt":"2025-01-23T03:11:45","guid":{"rendered":"https:\/\/www.notibras.com\/site\/?p=346336"},"modified":"2025-01-23T09:13:26","modified_gmt":"2025-01-23T12:13:26","slug":"programa-incentiva-atividades-voluntarias-nas-unidades-de-conservacao","status":"publish","type":"post","link":"https:\/\/www.notibras.com\/site\/programa-incentiva-atividades-voluntarias-nas-unidades-de-conservacao\/","title":{"rendered":"Programa incentiva atividades volunt\u00e1rias nas unidades de conserva\u00e7\u00e3o"},"content":{"rendered":"<p>O Instituto Bras\u00edlia Ambiental publicou no Di\u00e1rio Oficial desta quarta-feira (22), instru\u00e7\u00e3o que cria o Programa de Voluntariado nas Unidades de Conserva\u00e7\u00e3o (UCs) do Distrito Federal administradas pela autarquia.<\/p>\n<p>\u201cPara o Bras\u00edlia Ambiental \u00e9 muito importante, pois quando voc\u00ea traz a popula\u00e7\u00e3o para conhecer a rotina, o dia a dia de uma Unidade de Conserva\u00e7\u00e3o as pessoas passam a ter uma vis\u00e3o diferenciada de uma UC e, neste sentido, elas se transformam em aliadas na preserva\u00e7\u00e3o daquelas \u00e1reas\u201d, disse o presidente do Instituto, R\u00f4ney Nemer.<\/p>\n<p>O Programa de Voluntariado em Unidades de Conserva\u00e7\u00e3o visa promover e valorizar as iniciativas t\u00e9cnicas, culturais, educacionais, cient\u00edficas, recreativas e conservacionistas | Foto: Divulga\u00e7\u00e3o\/Bras\u00edlia Ambiental<\/p>\n<p>O superintendente substituto de Unidades de Conserva\u00e7\u00e3o, Biodiversidade e \u00c1gua (Sucon), Marcos Cunha, explica que no \u00e2mbito do Governo do Distrito Federal (GDF) j\u00e1 existe um programa amplo de incentivo ao voluntariado, para atender a toda administra\u00e7\u00e3o p\u00fablica distrital e que a ideia da normativa rec\u00e9m-lan\u00e7ada \u00e9 a promo\u00e7\u00e3o de um projeto espec\u00edfico, voltado para as \u00e1reas protegidas existentes na capital.<\/p>\n<p>\u201cEssa instru\u00e7\u00e3o, inclusive, atende a um anseio da popula\u00e7\u00e3o, uma vez que as Unidades de Conserva\u00e7\u00e3o geridas pelo \u00f3rg\u00e3o s\u00e3o muito procuradas por pessoas interessadas em desempenhar servi\u00e7os nestes espa\u00e7os, de forma n\u00e3o remunerada. Com essa instru\u00e7\u00e3o, o pr\u00f3ximo passo ser\u00e1 buscar pela regulamenta\u00e7\u00e3o, com a descri\u00e7\u00e3o das atividades a serem desempenhadas, entre outros detalhes\u201d, esclarece Cunha.<\/p>\n<p>O Programa de Voluntariado em Unidades de Conserva\u00e7\u00e3o visa promover e valorizar as iniciativas t\u00e9cnicas, culturais, educacionais, cient\u00edficas, recreativas e conservacionistas, em benef\u00edcio da sociedade, do bem p\u00fablico e da conserva\u00e7\u00e3o do meio ambiente no Distrito Federal.<\/p>\n<p>Com o projeto estabelecido, de tempos em tempos, o Bras\u00edlia Ambiental ir\u00e1 lan\u00e7ar editais de chamamento de pessoas para colaborarem, de forma espont\u00e2nea e sem v\u00ednculo empregat\u00edcio, contribuindo, assim, para a preserva\u00e7\u00e3o das \u00e1reas de prote\u00e7\u00e3o do bioma Cerrado no DF.<\/p>\n","protected":false},"excerpt":{"rendered":"<p>O Instituto Bras\u00edlia Ambiental publicou no Di\u00e1rio Oficial desta quarta-feira (22), instru\u00e7\u00e3o que cria o Programa de Voluntariado nas Unidades de Conserva\u00e7\u00e3o (UCs) do Distrito Federal administradas pela autarquia. \u201cPara o Bras\u00edlia Ambiental \u00e9 muito importante, pois quando voc\u00ea traz a popula\u00e7\u00e3o para conhecer a rotina, o dia a dia de uma Unidade de Conserva\u00e7\u00e3o [&hellip;]<\/p>\n","protected":false},"author":2,"featured_media":346337,"comment_status":"closed","ping_status":"closed","sticky":false,"template":"","format":"standard","meta":{"_acf_changed":false,"footnotes":""},"categories":[161],"tags":[],"class_list":["post-346336","post","type-post","status-publish","format-standard","has-post-thumbnail","hentry","category-quadradinho-em-foco"],"acf":[],"_links":{"self":[{"href":"https:\/\/www.notibras.com\/site\/wp-json\/wp\/v2\/posts\/346336","targetHints":{"allow":["GET"]}}],"collection":[{"href":"https:\/\/www.notibras.com\/site\/wp-json\/wp\/v2\/posts"}],"about":[{"href":"https:\/\/www.notibras.com\/site\/wp-json\/wp\/v2\/types\/post"}],"author":[{"embeddable":true,"href":"https:\/\/www.notibras.com\/site\/wp-json\/wp\/v2\/users\/2"}],"replies":[{"embeddable":true,"href":"https:\/\/www.notibras.com\/site\/wp-json\/wp\/v2\/comments?post=346336"}],"version-history":[{"count":1,"href":"https:\/\/www.notibras.com\/site\/wp-json\/wp\/v2\/posts\/346336\/revisions"}],"predecessor-version":[{"id":346338,"href":"https:\/\/www.notibras.com\/site\/wp-json\/wp\/v2\/posts\/346336\/revisions\/346338"}],"wp:featuredmedia":[{"embeddable":true,"href":"https:\/\/www.notibras.com\/site\/wp-json\/wp\/v2\/media\/346337"}],"wp:attachment":[{"href":"https:\/\/www.notibras.com\/site\/wp-json\/wp\/v2\/media?parent=346336"}],"wp:term":[{"taxonomy":"category","embeddable":true,"href":"https:\/\/www.notibras.com\/site\/wp-json\/wp\/v2\/categories?post=346336"},{"taxonomy":"post_tag","embeddable":true,"href":"https:\/\/www.notibras.com\/site\/wp-json\/wp\/v2\/tags?post=346336"}],"curies":[{"name":"wp","href":"https:\/\/api.w.org\/{rel}","templated":true}]}}