{"id":346339,"date":"2025-01-23T00:14:18","date_gmt":"2025-01-23T03:14:18","guid":{"rendered":"https:\/\/www.notibras.com\/site\/?p=346339"},"modified":"2025-01-23T09:20:24","modified_gmt":"2025-01-23T12:20:24","slug":"corpo-de-bombeiros-recebe-novo-helicoptero-para-operacoes-emergenciais","status":"publish","type":"post","link":"https:\/\/www.notibras.com\/site\/corpo-de-bombeiros-recebe-novo-helicoptero-para-operacoes-emergenciais\/","title":{"rendered":"Corpo de Bombeiros recebe novo helic\u00f3ptero para opera\u00e7\u00f5es emergenciais"},"content":{"rendered":"<p>As a\u00e7\u00f5es do Corpo de Bombeiros Militar ganharam mais um helic\u00f3ptero. A nova aeronave se junta \u00e0s outras duas da corpora\u00e7\u00e3o em opera\u00e7\u00e3o para refor\u00e7ar os trabalhos de resgate, atendimento pr\u00e9-hospitalar e inc\u00eandios. A aeronave foi apresentada na manh\u00e3 desta quarta-feira (22) ,na Pra\u00e7a do Buriti, em solenidade na qual a governadora em exerc\u00edcio Celina Le\u00e3o entregou as chaves para o piloto tenente-coronel Renato Freitas.<\/p>\n<p>\u201cNo dia em que a gente entrega uma aeronave como essa, se a gente pudesse ir no futuro e ver o que n\u00f3s estamos evitando\u2026 Estamos evitando muitas mortes. N\u00f3s estamos dando vida \u00e0s pessoas. Estamos evitando que se percam \u00f3rg\u00e3os, para que pessoas tenham transplante. N\u00f3s estamos evitando que pessoas por dois minutos, um minuto, 20 minutos, consigam ter vida\u201d, destacou Celina Le\u00e3o.<\/p>\n<p>Foram investidos cerca de R$ 34 milh\u00f5es na aquisi\u00e7\u00e3o do helic\u00f3ptero pelo Governo do Distrito Federal (GDF) com recursos do Fundo Constitucional do DF e financiamento do Banco Nacional de Desenvolvimento Econ\u00f4mico e Social (Bndes).<\/p>\n<p><strong>Funcionalidade da aeronave<\/strong><br \/>\nBatizado de Resgate 08, o helic\u00f3ptero, modelo AS350B3e da marca Airbus e fabricante Helibr\u00e1s, tem capacidade de efetuar m\u00faltiplas miss\u00f5es \u2013 desde resgate e salvamento, atua\u00e7\u00e3o em inc\u00eandios florestais e atendimento pr\u00e9-hospitalar aerom\u00e9dico \u2013, possui Certificado de Aeronavegabilidade prim\u00e1rio, de acordo com o Manual de Procedimentos da ANAC n\u00ba 100-007, e \u00e9 equipado com instrumentos e acess\u00f3rios para voo diurno e noturno.<\/p>\n<p>A aeronave conta com kit aerom\u00e9dico, guincho de salvamento, gancho e helibalde para combate a inc\u00eandios florestais, farol de busca, pontos de ancoragem para rapel, duplo sistema hidr\u00e1ulico, acr\u00e9scimo de pot\u00eancia e maior peso m\u00e1ximo de decolagem, piloto autom\u00e1tico de 3 eixos e instrumenta\u00e7\u00e3o digital de painel. Destinada ao Comando de Avia\u00e7\u00e3o (COMAV), atualmente est\u00e1 sendo operada pelo 1\u00ba Esquadr\u00e3o de Avia\u00e7\u00e3o (1\u00ba ESAV).<\/p>\n<p>\u201cEssa aeronave vai ser usada no salvamento urbano e no combate a inc\u00eandio, com suporte de atendimento pr\u00e9-hospitalar, que \u00e9 o mais importante, e na \u00e9poca do inc\u00eandio florestal vai ser usada no combate. \u00c9 uma aeronave que vai ser usada nas diversas tarefas do Corpo de Bombeiros Militar e a servi\u00e7o da popula\u00e7\u00e3o do Distrito Federal\u201d, explicou o comandante-geral, o coronel Leandro Raslan.<\/p>\n<p>De acordo com o comandante-geral, a aquisi\u00e7\u00e3o j\u00e1 se refletir\u00e1 em uma parceria com a Secretaria de Sa\u00fade, que aportou um investimento de cerca de R$ 8 milh\u00f5es para a compra de uma outra aeronave para auxiliar as demandas da pasta, processo ainda em execu\u00e7\u00e3o.<\/p>\n<p><strong>Pronto-atendimento<\/strong><br \/>\nPresente na entrega do equipamento, o secret\u00e1rio de Seguran\u00e7a P\u00fablica, Sandro Avelar, destacou que o novo equipamento trar\u00e1 mais agilidade aos atendimentos dos bombeiros, auxiliando tanto o sistema p\u00fablico de sa\u00fade como de seguran\u00e7a p\u00fablica.<\/p>\n<p>\u201cUma aeronave como essa salva centenas \u2013 \u00e0s vezes, milhares de vida \u2013 em raz\u00e3o do pronto atendimento e da rapidez que uma situa\u00e7\u00e3o de emerg\u00eancia demanda\u201d, comentou Avelar.<\/p>\n<p>\u201cQuando a gente consegue reduzir o n\u00famero dos crimes violentos letais intencionais, como os homic\u00eddios, uma parte importante desse processo diz respeito a esse pronto atendimento. \u00c9 importante dizer que a Secretaria de Sa\u00fade faz um uso muito grande desse tipo de ferramenta, porque o pronto atendimento relacionado a acidente de tr\u00e2nsito permite que possamos salvar a vida de pessoas feridas ou at\u00e9 o transporte r\u00e1pido de \u00f3rg\u00e3os\u201d, acrescentou o titular da pasta.<\/p>\n","protected":false},"excerpt":{"rendered":"<p>As a\u00e7\u00f5es do Corpo de Bombeiros Militar ganharam mais um helic\u00f3ptero. A nova aeronave se junta \u00e0s outras duas da corpora\u00e7\u00e3o em opera\u00e7\u00e3o para refor\u00e7ar os trabalhos de resgate, atendimento pr\u00e9-hospitalar e inc\u00eandios. A aeronave foi apresentada na manh\u00e3 desta quarta-feira (22) ,na Pra\u00e7a do Buriti, em solenidade na qual a governadora em exerc\u00edcio Celina [&hellip;]<\/p>\n","protected":false},"author":2,"featured_media":346340,"comment_status":"closed","ping_status":"closed","sticky":false,"template":"","format":"standard","meta":{"_acf_changed":false,"footnotes":""},"categories":[161],"tags":[],"class_list":["post-346339","post","type-post","status-publish","format-standard","has-post-thumbnail","hentry","category-quadradinho-em-foco"],"acf":[],"_links":{"self":[{"href":"https:\/\/www.notibras.com\/site\/wp-json\/wp\/v2\/posts\/346339","targetHints":{"allow":["GET"]}}],"collection":[{"href":"https:\/\/www.notibras.com\/site\/wp-json\/wp\/v2\/posts"}],"about":[{"href":"https:\/\/www.notibras.com\/site\/wp-json\/wp\/v2\/types\/post"}],"author":[{"embeddable":true,"href":"https:\/\/www.notibras.com\/site\/wp-json\/wp\/v2\/users\/2"}],"replies":[{"embeddable":true,"href":"https:\/\/www.notibras.com\/site\/wp-json\/wp\/v2\/comments?post=346339"}],"version-history":[{"count":1,"href":"https:\/\/www.notibras.com\/site\/wp-json\/wp\/v2\/posts\/346339\/revisions"}],"predecessor-version":[{"id":346341,"href":"https:\/\/www.notibras.com\/site\/wp-json\/wp\/v2\/posts\/346339\/revisions\/346341"}],"wp:featuredmedia":[{"embeddable":true,"href":"https:\/\/www.notibras.com\/site\/wp-json\/wp\/v2\/media\/346340"}],"wp:attachment":[{"href":"https:\/\/www.notibras.com\/site\/wp-json\/wp\/v2\/media?parent=346339"}],"wp:term":[{"taxonomy":"category","embeddable":true,"href":"https:\/\/www.notibras.com\/site\/wp-json\/wp\/v2\/categories?post=346339"},{"taxonomy":"post_tag","embeddable":true,"href":"https:\/\/www.notibras.com\/site\/wp-json\/wp\/v2\/tags?post=346339"}],"curies":[{"name":"wp","href":"https:\/\/api.w.org\/{rel}","templated":true}]}}