{"id":346342,"date":"2025-01-23T00:01:52","date_gmt":"2025-01-23T03:01:52","guid":{"rendered":"https:\/\/www.notibras.com\/site\/?p=346342"},"modified":"2025-01-23T09:27:31","modified_gmt":"2025-01-23T12:27:31","slug":"governo-corre-para-recuperar-pontes-destruidas-pelas-chuvas","status":"publish","type":"post","link":"https:\/\/www.notibras.com\/site\/governo-corre-para-recuperar-pontes-destruidas-pelas-chuvas\/","title":{"rendered":"Governo corre para recuperar pontes destru\u00eddas pelas chuvas"},"content":{"rendered":"<p>O Governo do Distrito Federal (GDF) concluiu a reconstru\u00e7\u00e3o da base de duas pontes essenciais para a popula\u00e7\u00e3o da Fercal e iniciou os trabalhos em mais uma. Os servi\u00e7os se concentram no encabe\u00e7amento das estruturas, que foi danificado pelas fortes chuvas que assolaram a regi\u00e3o recentemente. Diversos \u00f3rg\u00e3os participam da for\u00e7a-tarefa, com o objetivo de devolver as passagens para a popula\u00e7\u00e3o com conforto e seguran\u00e7a.<\/p>\n<p>As obras s\u00e3o executadas diretamente pela Administra\u00e7\u00e3o Regional da Fercal em parceria com o GDF Presente, Companhia Urbanizadora da Nova Capital (Novacap), Secretaria de Agricultura (Seagri-DF) e Departamento de Estradas de Rodagem (DER). O trabalho envolve desde a doa\u00e7\u00e3o de insumos, como galerias e concreto, a cess\u00e3o de maquin\u00e1rios e m\u00e3o de obra. Tamb\u00e9m participam reeducandos da Funda\u00e7\u00e3o de Amparo ao Trabalhador Preso (Funap).<\/p>\n<p>\u201cS\u00e3o pontes usadas diariamente, que precisavam dessa aten\u00e7\u00e3o por conta das chuvas. Temos muitos produtores rurais que usam as pontes para levar produtos para a cidade, por \u00f4nibus escolares cheios de crian\u00e7as, por pessoas indo trabalhar\u201d, afirma o administrador regional interino da Fercal, Allan Souza. \u201cAgradecemos ao grande apoio que \u00e9 dado \u00e0 regi\u00e3o, permitindo que as pontes sejam liberadas em tempo \u00e1gil.\u201d<\/p>\n<p>Morador do Bananal, o pizzaiolo Tiago da Silva diz que a base da ponte que conecta com Sobradinho II estava comprometida. \u201cNem o caminh\u00e3o de lixo passava mais. Agora est\u00e1 muito melhor, com mais seguran\u00e7a\u201d, afirma.<\/p>\n<p>A ponte principal da Comunidade Bananal e a que conecta a regi\u00e3o ao Morro do Sans\u00e3o, em Sobradinho II, foram liberadas para o tr\u00e1fego dos moradores nos dias 18 e 20 deste m\u00eas, respectivamente. A primeira passagem tem 13 metros de extens\u00e3o e havia sido interditada por orienta\u00e7\u00e3o da Defesa Civil ap\u00f3s o avan\u00e7o do c\u00f3rrego sob a funda\u00e7\u00e3o da ponte. Para resolver o problema, houve o enrocamento de pedras em todos os lados da estrutura \u2013 t\u00e9cnica que utiliza rochas para proteger taludes, margens de rios e canais contra a eros\u00e3o.<\/p>\n<p>J\u00e1 a passagem entre o Bananal e o Sans\u00e3o n\u00e3o chegou a ser bloqueada para uso da popula\u00e7\u00e3o, mas apresentava risco de queda devido ao comprometimento da base. \u201cO curso do rio abriu para as laterais e passou a danificar a ponte. N\u00f3s reconstru\u00edmos a cabe\u00e7a dos dois lados, dando mais seguran\u00e7a \u00e0 base e direcionando o rio. Al\u00e9m disso, como \u00e9 uma \u00e1rea argilosa, n\u00f3s usamos um material mais grosso, mais pesado, doados pelo DER para dar consist\u00eancia ao solo da pista pr\u00f3xima \u00e0 ponte, finalizando com expurgo de brita\u201d, esclarece o administrador regional interino.<\/p>\n<p>Morador do Bananal desde que nasceu, o pizzaiolo Tiago da Silva, 28 anos, destaca a import\u00e2ncia da passagem da ponte que conecta com Sobradinho II para o dia a dia dos moradores do setor de ch\u00e1caras. \u201cA base estava realmente comprometida e nem o caminh\u00e3o de lixo passava mais. E como aqui \u00e9 nossa principal sa\u00edda, est\u00e1vamos com muita preocupa\u00e7\u00e3o. Agora est\u00e1 muito melhor, com mais seguran\u00e7a\u201d, afirma.<\/p>\n<p>Na via de conex\u00e3o da Comunidade Bananal com a DF-150 houve tamb\u00e9m a instala\u00e7\u00e3o de ilumina\u00e7\u00e3o p\u00fablica e est\u00e1 em andamento a coloca\u00e7\u00e3o de meios-fios. Este servi\u00e7o \u00e9 feito pela Administra\u00e7\u00e3o Regional da Fercal com doa\u00e7\u00e3o de 2 mil meios-fios produzidos em projeto da Secretaria de Desenvolvimento Econ\u00f4mico, Trabalho e Renda (Sedet-DF).<\/p>\n<p><strong>Esfor\u00e7o cont\u00ednuo<\/strong><br \/>\nA terceira ponte a receber aten\u00e7\u00e3o deste GDF \u00e9 localizada na Comunidade Boa Vista. As equipes iniciaram a remo\u00e7\u00e3o da estrutura comprometida na segunda semana de janeiro. As galerias que v\u00e3o garantir a usabilidade da ponte foram doadas pela Novacap e j\u00e1 foram transportadas para a \u00e1rea.<\/p>\n<p>\u201cPara desenhar uma solu\u00e7\u00e3o definitiva, vamos tirar toda a estrutura existente at\u00e9 chegar no c\u00f3rrego. Depois, vamos colocar galerias de concreto armado de 2,40 x 2,40 de di\u00e2metro e 1 metro de largura. Ser\u00e3o 12 pe\u00e7as que v\u00e3o nos dar uma pista de 7 metros, com folga de 1,5 metro. Com isso, vamos ter uma via mais segura e resistente\u201d, explica o coordenador do Polo Norte do GDF Presente, Ronaldo Alves.<\/p>\n<p>A ponte foi constru\u00edda pelos moradores com uso de pneus e, devido \u00e0 vegeta\u00e7\u00e3o da \u00e1rea, costuma registrar deteriora\u00e7\u00f5es em per\u00edodos chuvosos. \u201cEssa regi\u00e3o \u00e9 muito afetada pelas chuvas por conta do perfil geogr\u00e1fico dela, com muita inclina\u00e7\u00e3o, em que os cursos d\u2019\u00e1guas ganham alta velocidade\u201d, descreve o coordenador.<\/p>\n<p>H\u00e1 uma d\u00e9cada morando na Comunidade Boa Vista, o aposentado Jackson Jos\u00e9 de Oliveira, 69, revela que, sem a ponte principal, os moradores precisam utilizar uma passagem mais distante e estreita, que dificulta o trajeto de carros e \u00f4nibus escolares. \u201cEssa reconstru\u00e7\u00e3o \u00e9 uma vit\u00f3ria para n\u00f3s, principalmente quem mora do lado de cima, que fica isolado sem a ponte\u201d, pontua.<\/p>\n","protected":false},"excerpt":{"rendered":"<p>O Governo do Distrito Federal (GDF) concluiu a reconstru\u00e7\u00e3o da base de duas pontes essenciais para a popula\u00e7\u00e3o da Fercal e iniciou os trabalhos em mais uma. Os servi\u00e7os se concentram no encabe\u00e7amento das estruturas, que foi danificado pelas fortes chuvas que assolaram a regi\u00e3o recentemente. Diversos \u00f3rg\u00e3os participam da for\u00e7a-tarefa, com o objetivo de [&hellip;]<\/p>\n","protected":false},"author":2,"featured_media":346343,"comment_status":"closed","ping_status":"closed","sticky":false,"template":"","format":"standard","meta":{"_acf_changed":false,"footnotes":""},"categories":[161],"tags":[],"class_list":["post-346342","post","type-post","status-publish","format-standard","has-post-thumbnail","hentry","category-quadradinho-em-foco"],"acf":[],"_links":{"self":[{"href":"https:\/\/www.notibras.com\/site\/wp-json\/wp\/v2\/posts\/346342","targetHints":{"allow":["GET"]}}],"collection":[{"href":"https:\/\/www.notibras.com\/site\/wp-json\/wp\/v2\/posts"}],"about":[{"href":"https:\/\/www.notibras.com\/site\/wp-json\/wp\/v2\/types\/post"}],"author":[{"embeddable":true,"href":"https:\/\/www.notibras.com\/site\/wp-json\/wp\/v2\/users\/2"}],"replies":[{"embeddable":true,"href":"https:\/\/www.notibras.com\/site\/wp-json\/wp\/v2\/comments?post=346342"}],"version-history":[{"count":1,"href":"https:\/\/www.notibras.com\/site\/wp-json\/wp\/v2\/posts\/346342\/revisions"}],"predecessor-version":[{"id":346344,"href":"https:\/\/www.notibras.com\/site\/wp-json\/wp\/v2\/posts\/346342\/revisions\/346344"}],"wp:featuredmedia":[{"embeddable":true,"href":"https:\/\/www.notibras.com\/site\/wp-json\/wp\/v2\/media\/346343"}],"wp:attachment":[{"href":"https:\/\/www.notibras.com\/site\/wp-json\/wp\/v2\/media?parent=346342"}],"wp:term":[{"taxonomy":"category","embeddable":true,"href":"https:\/\/www.notibras.com\/site\/wp-json\/wp\/v2\/categories?post=346342"},{"taxonomy":"post_tag","embeddable":true,"href":"https:\/\/www.notibras.com\/site\/wp-json\/wp\/v2\/tags?post=346342"}],"curies":[{"name":"wp","href":"https:\/\/api.w.org\/{rel}","templated":true}]}}