{"id":346407,"date":"2025-01-24T08:20:15","date_gmt":"2025-01-24T11:20:15","guid":{"rendered":"https:\/\/www.notibras.com\/site\/?p=346407"},"modified":"2025-01-24T08:24:21","modified_gmt":"2025-01-24T11:24:21","slug":"sindrome-respiratoria-sobe-em-alagoas-pernambuco-paraiba-piaui-e-maranhao","status":"publish","type":"post","link":"https:\/\/www.notibras.com\/site\/sindrome-respiratoria-sobe-em-alagoas-pernambuco-paraiba-piaui-e-maranhao\/","title":{"rendered":"S\u00edndrome respirat\u00f3ria sobe em Alagoas, Pernambuco, Para\u00edba, Piau\u00ed e Maranh\u00e3o"},"content":{"rendered":"<p>O boletim InfoGripe, divulgado\u00a0 pela Funda\u00e7\u00e3o Oswaldo Cruz (Fiocruz) confirma queda do n\u00famero de casos de s\u00edndrome respirat\u00f3ria aguda grave (SRAG) no pa\u00eds. No entanto, a atualiza\u00e7\u00e3o dos dados relativos \u00e0 semana epidemiol\u00f3gica entre 12 e 18 de janeiro indica crescimento da doen\u00e7a em 9 estados: Alagoas, Para\u00edba, Pernambuco, Piau\u00ed, Maranh\u00e3o, Amazonas, Par\u00e1, Rond\u00f4nia e Tocantins.<\/p>\n<p>De acordo com o boletim, a incid\u00eancia semanal m\u00e9dia de SRAG por covid-19 tem apresentado mais impacto entre crian\u00e7as pequenas e idosos, com maiores \u00edndices de mortalidade na popula\u00e7\u00e3o acima de 65 anos.<\/p>\n<p>Segundo a pesquisadora do InfoGripe Tatiana Portella, al\u00e9m do aumento de casos de covid-19 nos idosos, a doen\u00e7a tamb\u00e9m est\u00e1 atingindo jovens e adultos em estados do Norte e Nordeste, como Amazonas, Par\u00e1, Para\u00edba, Rio Grande do Norte e Sergipe.<\/p>\n<p>O boletim InfoGripe registra aumento de casos de SRAG compat\u00edveis com covid-19 no Maranh\u00e3o, em Rond\u00f4nia e no Tocantins, embora ainda n\u00e3o haja dados laboratoriais suficientes nesses estados para confirmar tal associa\u00e7\u00e3o. No Cear\u00e1, os casos de SRAG associados \u00e0 covid-19 est\u00e3o em queda. No Acre, em Alagoas, Pernambuco, no Piau\u00ed e em Roraima, o cen\u00e1rio \u00e9 oscilante, mas recomenda-se aten\u00e7\u00e3o por causa do aumento de casos nas regi\u00f5es Norte e Nordeste. Quatro capitais t\u00eam indicadores de crescimento: Jo\u00e3o Pessoa, Teresina, Manaus e Porto Velho.<\/p>\n<p>Tatiana Portella refor\u00e7ou a recomenda\u00e7\u00e3o do uso de m\u00e1scaras faciais em localidades que registram aumento de casos, sobretudo em ambientes fechados, com maior aglomera\u00e7\u00e3o de pessoas e nos postos de sa\u00fade. A pesquisadora lembrou ainda a necessidade de manter a vacina\u00e7\u00e3o em dia e recomendou que, diante do aparecimento de sintomas de s\u00edndrome gripal, as pessoas fiquem em casa, em isolamento.<\/p>\n","protected":false},"excerpt":{"rendered":"<p>O boletim InfoGripe, divulgado\u00a0 pela Funda\u00e7\u00e3o Oswaldo Cruz (Fiocruz) confirma queda do n\u00famero de casos de s\u00edndrome respirat\u00f3ria aguda grave (SRAG) no pa\u00eds. No entanto, a atualiza\u00e7\u00e3o dos dados relativos \u00e0 semana epidemiol\u00f3gica entre 12 e 18 de janeiro indica crescimento da doen\u00e7a em 9 estados: Alagoas, Para\u00edba, Pernambuco, Piau\u00ed, Maranh\u00e3o, Amazonas, Par\u00e1, Rond\u00f4nia e [&hellip;]<\/p>\n","protected":false},"author":2,"featured_media":346408,"comment_status":"closed","ping_status":"closed","sticky":false,"template":"","format":"standard","meta":{"_acf_changed":false,"footnotes":""},"categories":[165],"tags":[],"class_list":["post-346407","post","type-post","status-publish","format-standard","has-post-thumbnail","hentry","category-nordeste"],"acf":[],"_links":{"self":[{"href":"https:\/\/www.notibras.com\/site\/wp-json\/wp\/v2\/posts\/346407","targetHints":{"allow":["GET"]}}],"collection":[{"href":"https:\/\/www.notibras.com\/site\/wp-json\/wp\/v2\/posts"}],"about":[{"href":"https:\/\/www.notibras.com\/site\/wp-json\/wp\/v2\/types\/post"}],"author":[{"embeddable":true,"href":"https:\/\/www.notibras.com\/site\/wp-json\/wp\/v2\/users\/2"}],"replies":[{"embeddable":true,"href":"https:\/\/www.notibras.com\/site\/wp-json\/wp\/v2\/comments?post=346407"}],"version-history":[{"count":3,"href":"https:\/\/www.notibras.com\/site\/wp-json\/wp\/v2\/posts\/346407\/revisions"}],"predecessor-version":[{"id":346411,"href":"https:\/\/www.notibras.com\/site\/wp-json\/wp\/v2\/posts\/346407\/revisions\/346411"}],"wp:featuredmedia":[{"embeddable":true,"href":"https:\/\/www.notibras.com\/site\/wp-json\/wp\/v2\/media\/346408"}],"wp:attachment":[{"href":"https:\/\/www.notibras.com\/site\/wp-json\/wp\/v2\/media?parent=346407"}],"wp:term":[{"taxonomy":"category","embeddable":true,"href":"https:\/\/www.notibras.com\/site\/wp-json\/wp\/v2\/categories?post=346407"},{"taxonomy":"post_tag","embeddable":true,"href":"https:\/\/www.notibras.com\/site\/wp-json\/wp\/v2\/tags?post=346407"}],"curies":[{"name":"wp","href":"https:\/\/api.w.org\/{rel}","templated":true}]}}