{"id":346412,"date":"2025-01-24T00:30:54","date_gmt":"2025-01-24T03:30:54","guid":{"rendered":"https:\/\/www.notibras.com\/site\/?p=346412"},"modified":"2025-01-24T08:33:46","modified_gmt":"2025-01-24T11:33:46","slug":"concluida-retirada-de-veiculos-da-ponte-juscelino-kubitschek","status":"publish","type":"post","link":"https:\/\/www.notibras.com\/site\/concluida-retirada-de-veiculos-da-ponte-juscelino-kubitschek\/","title":{"rendered":"Conclu\u00edda retirada de ve\u00edculos da ponte Juscelino Kubitschek"},"content":{"rendered":"<p>O Departamento Nacional de Infraestrutura de Transportes (Dnit) concluiu os trabalhos para a retirada dos ve\u00edculos que permaneceram nos restos da estrutura remanescente da Ponte Juscelino Kubitschek, na BR-226, entre as cidades de Estreito (MA) e Aguiarn\u00f3polis (TO).<\/p>\n<p>Os trabalhos para a retirada dos ve\u00edculos tiveram in\u00edcio na ter\u00e7a-feira (21). Segundo a autarquia, a retirada foi poss\u00edvel ap\u00f3s a execu\u00e7\u00e3o dos servi\u00e7os preliminares na estrutura remanescente, como aterro do encabe\u00e7amento da ponte e uso de CBUQ para viabilizar a passagem ve\u00edculos.<\/p>\n<p>Com a remo\u00e7\u00e3o, o DNIT informou que come\u00e7aram as primeiras a\u00e7\u00f5es para realizar a demoli\u00e7\u00e3o da estrutura remanescente da ponte.<\/p>\n<p>&#8220;O cons\u00f3rcio respons\u00e1vel pela constru\u00e7\u00e3o da nova ponte no local j\u00e1 deu in\u00edcio \u00e0 perfura\u00e7\u00e3o para a coloca\u00e7\u00e3o dos explosivos para demoli\u00e7\u00e3o da estrutura remanescente&#8221;, informou o DNIT.<\/p>\n","protected":false},"excerpt":{"rendered":"<p>O Departamento Nacional de Infraestrutura de Transportes (Dnit) concluiu os trabalhos para a retirada dos ve\u00edculos que permaneceram nos restos da estrutura remanescente da Ponte Juscelino Kubitschek, na BR-226, entre as cidades de Estreito (MA) e Aguiarn\u00f3polis (TO). Os trabalhos para a retirada dos ve\u00edculos tiveram in\u00edcio na ter\u00e7a-feira (21). Segundo a autarquia, a retirada [&hellip;]<\/p>\n","protected":false},"author":2,"featured_media":344813,"comment_status":"closed","ping_status":"closed","sticky":false,"template":"","format":"standard","meta":{"_acf_changed":false,"footnotes":""},"categories":[165],"tags":[],"class_list":["post-346412","post","type-post","status-publish","format-standard","has-post-thumbnail","hentry","category-nordeste"],"acf":[],"_links":{"self":[{"href":"https:\/\/www.notibras.com\/site\/wp-json\/wp\/v2\/posts\/346412","targetHints":{"allow":["GET"]}}],"collection":[{"href":"https:\/\/www.notibras.com\/site\/wp-json\/wp\/v2\/posts"}],"about":[{"href":"https:\/\/www.notibras.com\/site\/wp-json\/wp\/v2\/types\/post"}],"author":[{"embeddable":true,"href":"https:\/\/www.notibras.com\/site\/wp-json\/wp\/v2\/users\/2"}],"replies":[{"embeddable":true,"href":"https:\/\/www.notibras.com\/site\/wp-json\/wp\/v2\/comments?post=346412"}],"version-history":[{"count":1,"href":"https:\/\/www.notibras.com\/site\/wp-json\/wp\/v2\/posts\/346412\/revisions"}],"predecessor-version":[{"id":346413,"href":"https:\/\/www.notibras.com\/site\/wp-json\/wp\/v2\/posts\/346412\/revisions\/346413"}],"wp:featuredmedia":[{"embeddable":true,"href":"https:\/\/www.notibras.com\/site\/wp-json\/wp\/v2\/media\/344813"}],"wp:attachment":[{"href":"https:\/\/www.notibras.com\/site\/wp-json\/wp\/v2\/media?parent=346412"}],"wp:term":[{"taxonomy":"category","embeddable":true,"href":"https:\/\/www.notibras.com\/site\/wp-json\/wp\/v2\/categories?post=346412"},{"taxonomy":"post_tag","embeddable":true,"href":"https:\/\/www.notibras.com\/site\/wp-json\/wp\/v2\/tags?post=346412"}],"curies":[{"name":"wp","href":"https:\/\/api.w.org\/{rel}","templated":true}]}}